{"id":67143,"date":"2025-12-06T13:28:13","date_gmt":"2025-12-06T13:28:13","guid":{"rendered":"https:\/\/www.europesays.com\/lv\/67143\/"},"modified":"2025-12-06T13:28:13","modified_gmt":"2025-12-06T13:28:13","slug":"es-lepojos-ar-savu-vietu-ka-vietejas-kopienas-uzlabo-dzivi-regionos-raksts","status":"publish","type":"post","link":"https:\/\/www.europesays.com\/lv\/67143\/","title":{"rendered":"\u00abEs lepojos ar savu vietu!\u00bb K\u0101 viet\u0113j\u0101s kopienas uzlabo dz\u012bvi re\u0123ionos \/ Raksts"},"content":{"rendered":"<p>2021.\u00a0gad\u0101 p\u0113c k\u0101rt\u0113j\u0101s administrat\u012bvi teritori\u0101l\u0101s reformas 119 viet\u0113jo pa\u0161vald\u012bbu viet\u0101 tika izveidotas 43 jaunas. Novadi k\u013cuva liel\u0101ki, nomales \u2013 v\u0113l t\u0101l\u0101kas, t\u0101d\u0113\u013c\u00a0att\u0101lo pagastu iedz\u012bvot\u0101jiem bija divas iesp\u0113jas \u2013 neko nedar\u012bt un teikt, ka viss ir slikti, vai pa\u0161iem r\u012bkoties, lai dz\u012bve viet\u0101, kur vairs nav ne pagasta p\u0101rvaldes, ne skolas, ne\u00a0b\u0113rnud\u0101rza, turpin\u0101tos.<\/p>\n<p><a id=\"1\" name=\"1\">Viedie ciemi \u2013 viet\u0113jo probl\u0113mu risin\u0101\u0161anai<\/a><\/p>\n<p>&#8220;Zemgales pl\u0101no\u0161anas re\u0123ion\u0101 gan viedo ciemu, gan visp\u0101r akt\u012bvu kopienu vid\u016b \u013coti izce\u013cas S\u0113lijas kult\u016brv\u0113sturisk\u0101 re\u0123iona da\u013ca,&#8221; nor\u0101d\u012bja Anita Se\u013cicka,\u00a0Latvijas Lauku foruma izpilddirektore.<\/p>\n<p>&#8220;S\u0101kas no Lietuvas pierobe\u017eas \u2013 G\u0101rsene, t\u0101l\u0101k Ancene, Kaldabru\u0146a,\u00a0Bebrene, Dviete \u2013 un l\u012bdz pat Daugavpilij \u2013 Vabole, L\u012bksna un v\u0113l citas kopienas, kas \u013coti, \u013coti m\u0113r\u0137tiec\u012bgi ir str\u0101d\u0101ju\u0161as p\u0113d\u0113jos gados, k\u0101 sekm\u0113t savas vietas lab\u0101ku dz\u012bves kvalit\u0101ti,&#8221; vi\u0146a piebilda.\u00a0<\/p>\n<blockquote>\n<p>Latvijas Lauku forums\u00a040 ciemiem Latvij\u0101 pie\u0161\u0137\u012bris atpaz\u012bstam\u012bbas z\u012bmi &#8220;Viedais ciems&#8221;. Zemgal\u0113 ir septi\u0146i\u00a0viedie ciemi:\u00a0Ancene, Krim\u016bnas, Kaldabru\u0146a, G\u0101rsene, Za\u013cenieki, \u0112rber\u0123e un Vecbebri. 109 vietas Latvij\u0101 v\u0113l gatavojas k\u013c\u016bt par viedajiem ciemiem un l\u012bdz ar to iesaist\u012bties viet\u0113jo probl\u0113mu risin\u0101\u0161an\u0101.\u00a0<\/p>\n<\/blockquote>\n<p class=\"note__heading\">Viedie ciemi<\/p>\n<p>Viedie ciemi tiek defin\u0113ti k\u0101 akt\u012bvas iedz\u012bvot\u0101ju kopas, kas, uz\u0146emoties pa\u0161iniciat\u012bvu un sekm\u0113jot l\u012bdzdal\u012bbu, izstr\u0101d\u0101 jaunus risin\u0101jumus eso\u0161o probl\u0113mu mazin\u0101\u0161anai.<\/p>\n<p style=\"margin-left:0cm; margin-right:0cm\">&#8220;Tas noz\u012bm\u0113, [ka]\u00a0iedz\u012bvot\u0101ji san\u0101k kop\u0101 un\u00a0\u2013 nevis viens indiv\u012bds, bet grupa\u00a0\u2013 dara, r\u012bkojas, organiz\u0113 ar konkr\u0113tu strat\u0113\u0123isko redz\u0113jumu un m\u0113r\u0137i, kas noz\u012bm\u0113 nevis vienk\u0101r\u0161i katru m\u0113nesi divas aktivit\u0101tes vai kult\u016bras pas\u0101kumi, bet vi\u0146i zina, k\u0101p\u0113c to konkr\u0113to pas\u0101kumu dar\u012bt. Izveido\u00a0&#8220;Whatsapp&#8221;\u00a0grupu, kur nevis vienk\u0101r\u0161i raksta, kas katram uz sirds, bet efekt\u012bvi, piem\u0113ram, risina transporta un mobilit\u0101tes jaut\u0101jumus. L\u012bdz\u012bgi ar labiek\u0101rto\u0161anu \u2013\u00a0iedz\u012bvot\u0101ji pa\u0161i ar savu br\u012bvpr\u0101t\u012bgo darbu atjauno vietas, izveido labiek\u0101rtotas pludmales, atp\u016btas vietas un daudz ko citu,&#8221; sac\u012bja Se\u013cicka.<\/p>\n<p style=\"margin-left:0cm; margin-right:0cm\">Vi\u0146a ar\u012b skaidroja, ka bie\u017ei ir\u00a0t\u0101, ka grupi\u0146a cilv\u0113ku, kas darbojas viedaj\u0101 ciem\u0101, ir ar\u012b tie, kas iesaist\u012bju\u0161ies\u00a0k\u0101d\u0101 viet\u0113j\u0101 biedr\u012bb\u0101. &#8220;Jo agr\u0101k vai v\u0113l\u0101k, tai akt\u012bvajai iedz\u012bvot\u0101ju grupai mobiliz\u0113joties un uzst\u0101dot konkr\u0113tus m\u0113r\u0137us, ko dar\u012bt, rodas vajadz\u012bba piesaist\u012bt ar\u012b \u0101r\u0113jo finans\u0113jumu. Latvij\u0101 liel\u0101koties projekta konkursi ir pieejami juridiskaj\u0101m person\u0101m, kas noz\u012bm\u0113 biedr\u012bb\u0101m vai nodibin\u0101jumiem,&#8221; sieviete akcent\u0113ja.<\/p>\n<p><a name=\"2\">V\u0113las rad\u012bt pat\u012bkamu vidi S\u0113ren\u0113<\/a><\/p>\n<p style=\"margin-left:0cm; margin-right:0cm\">&#8220;Katrs cilv\u0113ks ir k\u0101 sakne, kas tur m\u016bs pie zemes un \u013cauj augt.\u00a0Jo vair\u0101k \u0161\u012bs saknes paz\u012bstam, jo stipr\u0101ks k\u013c\u016bst m\u016bsu kop\u012bgais koks \u2013 S\u0113rene,&#8221; sac\u012bja biedr\u012bbas &#8220;S\u0113renes \u013caudis&#8221; valdes priek\u0161s\u0113d\u0113t\u0101ja Ed\u012btes Os\u0101ne. Vi\u0146as\u00a0teiktais ir ievadv\u0101rdi gr\u0101mat\u0101 &#8220;Vienoti S\u0113renei cilv\u0113kst\u0101stos&#8221;.<\/p>\n<p style=\"margin-left:0cm; margin-right:0cm\">\n<p>            <img decoding=\"async\" src=\"https:\/\/www.europesays.com\/lv\/wp-content\/uploads\/2025\/12\/s5on.jpg\" alt=\"Gr\u0101matas &quot;Vienoti S\u0113renei cilv\u0113kst\u0101stos&quot; atkl\u0101\u0161ana\"\/><\/p>\n<p>Gr\u0101matas &#8220;Vienoti S\u0113renei cilv\u0113kst\u0101stos&#8221; atkl\u0101\u0161ana<\/p>\n<p>Foto: no priv\u0101t\u0101 arh\u012bva<\/p>\n<\/p>\n<p style=\"margin-left:0cm; margin-right:0cm\">Gr\u0101mat\u0101 apkopoti septi\u0146i S\u0113renes pagasta dzimtu st\u0101sti. Biedr\u012bbas valdes locekle un bibliot\u0113kas vad\u012bt\u0101ja Rea Vovere nor\u0101d\u012bja:\u00a0&#8220;M\u0113s v\u0113l\u0113j\u0101mies past\u0101st\u012bt par S\u0113renes cilv\u0113kiem, s\u0101kot no 20. gadsimta s\u0101kuma.&#8221;<\/p>\n<p style=\"margin-left:0cm; margin-right:0cm\">Biedr\u012bba &#8220;S\u0113renes \u013caudis&#8221; Aizkraukles novad\u0101 nodibin\u0101ta tikai pirms gada, un taj\u0101 ir 47 biedri. Pagast\u0101, kas atrodas Daugavas kreisaj\u0101 krast\u0101, 11 kilometrus\u00a0no Aizkraukles un septi\u0146us\u00a0\u2013\u00a0no Jaunjelgavas, dz\u012bvo 760 iedz\u012bvot\u0101ji. Pirms diviem\u00a0m\u0113ne\u0161iem S\u0113ren\u0113 atv\u0113rts veikals, bet pagast\u0101 vairs nav pagasta p\u0101rvaldes, skolas un b\u0113rnud\u0101rza, nav ar\u012b\u00a0pasta un ambulances.<\/p>\n<blockquote>\n<p style=\"margin-left:0cm; margin-right:0cm\">Biedr\u012bbas valdes priek\u0161s\u0113d\u0113t\u0101ja Ed\u012bte Os\u0101ne sac\u012bja, ka biedr\u012bba dibin\u0101ta, lai b\u016btu pat\u012bkami sav\u0101 pagast\u0101 dz\u012bvot, lai S\u0113renes v\u0101rds izskan\u0113tu vis\u0101 Latvij\u0101.<\/p>\n<\/blockquote>\n<p style=\"margin-left:0cm; margin-right:0cm\">&#8220;Es neesmu nevienu eiro sa\u0146\u0113musi\u00a0\u2013\u00a0ne par kaut k\u0101du organiz\u0113\u0161anu, ne par ko. Es to daru, ja es redzu, kur es varu pal\u012bdz\u0113t, t\u0101 k\u0101 es esmu, k\u0101 j\u016bs teic\u0101t, cien\u012bjama kundze vecum\u0101,&#8221; nor\u0101d\u012bja Os\u0101ne.<\/p>\n<p style=\"margin-left:0cm; margin-right:0cm\">Lai izdotu gr\u0101matu, biedr\u012bbas p\u0101rst\u0101vji rakst\u012bja projektu S\u0113lijas kult\u016bras programmai un sa\u0146\u0113ma 2090 eiro, bet pirmais biedr\u012bbas &#8220;S\u0113renes \u013caudis&#8221; \u012bstenotais projekts bija mante\u013cskurste\u0146a apk\u0101rtnes sakop\u0161ana. Aizkraukles novads biedr\u012bbai pie\u0161\u0137\u012bra 600 eiro.<\/p>\n<p style=\"margin-left:0cm; margin-right:0cm\">Biedr\u012bbas valdes locekle Rea Vovere skaidroja, ka mante\u013cskurste\u0146a sakop\u0161anas talk\u0101 piedal\u012bj\u0101s biedr\u012bbas biedri. &#8220;Piedal\u012bj\u0101s visi ar lielu prieku un entuziasmu, ar saviem motorz\u0101\u0123iem, ar saviem \u0123eneratoriem,&#8221; sac\u012bja Vovere.<\/p>\n<p style=\"margin-left:0cm; margin-right:0cm\">Vi\u0146a uzsv\u0113ra: &#8220;T\u0101 ir m\u016bsu S\u0113rene, un m\u0113s gribam, ka, iebraucot S\u0113ren\u0113 no Jaunjelgavas puses, t\u0101 m\u016bsu viz\u012btkarte b\u016btu \u0161is te skaistais, senatn\u012bgais mante\u013cskurstenis. Tur ir ar\u012b div\u0101s valod\u0101s inform\u0101cija\u00a0\u2013\u00a0latvie\u0161u valod\u0101, ang\u013cu valod\u0101 \u2013, t\u0101tad var apst\u0101ties, izlas\u012bt v\u0113sturi, un n\u0101kotn\u0113 m\u0113s v\u0113l dom\u0101jam\u00a0\u0161o mante\u013cskursteni iek\u013caut ar\u012b t\u016brisma taku mar\u0161rut\u0101.&#8221;<\/p>\n<p style=\"margin-left:0cm; margin-right:0cm\">S\u0113renes tautas nama vad\u012bt\u0101ja Signe Sniedze sac\u012bja, ka biedr\u012bba &#8220;S\u0113renes \u013caudis&#8221; p\u0113rn pal\u012bdz\u0113jusi atjaunot b\u0113rnu egl\u012bti. &#8220;Biedr\u012bba\u00a0t\u0101tad\u00a0brauca apk\u0101rt un v\u0101ca l\u012bdzek\u013cus, un, galvenais, ar\u012b visiem izvad\u0101ja\u00a0iel\u016bgumus, un izr\u0101d\u012bj\u0101s, ka S\u0113ren\u0113 ir 150 b\u0113rni. \u0160\u0101d\u0101s maz\u0101s viet\u0101s ir \u013coti svar\u012bga sadarb\u012bba, un biedr\u012bba sadarbojas ar bibliot\u0113ku, bibliot\u0113ka sadarbojas ar tautas namu, tautas nams sadarbojas ar biedr\u012bbu, un t\u0101 m\u0113s t\u0101 k\u0101 t\u0101das v\u0101veres riten\u012b grie\u017eam \u0161o te sabiedrisko dz\u012bvi, lai cilv\u0113kiem grib\u0113tos palikt S\u0113ren\u0113, dz\u012bvot un piesaist\u012bt t\u016bristus.&#8221;<\/p>\n<p><a name=\"3\">Kaldabru\u0146as biedr\u012bb\u0101 &#8220;\u016adensz\u012bmes&#8221; darbojas 40 no 50 ciema iedz\u012bvot\u0101jiem<\/a><\/p>\n<p style=\"margin-left:0cm; margin-right:0cm\">&#8220;Nu, kas \u012bsti nosaka dz\u012bves kvalit\u0101ti?\u00a0Vai tie\u0161\u0101m mums b\u016btu j\u0101b\u016bv\u0113 pasts vai veikals, nu, k\u0101 ciematam, k\u0101 kopienai? Akt\u012bva kopiena nav vajadz\u012bga t\u0101d\u0113\u013c, lai uzsti\u0137\u0113tu soli\u0146u, lai, teiksim, br\u0113ktu uz pa\u0161vald\u012bbu \u2013 nokaisiet man ce\u013cu, t\u0101s ir j\u016bsu funkcijas. M\u0113s, iesp\u0113jams, atrodam ko citu, kas kompens\u0113 \u0161os tr\u016bkumus,&#8221; sac\u012bja\u00a0Ieva J\u0101tniece \u2013 vi\u0146a\u00a0dz\u012bvo J\u0113kabpils novada Kaldabru\u0146\u0101, kas atrodas novada nomal\u0113, 63 kilometrus\u00a0no J\u0113kabpils.<\/p>\n<p style=\"margin-left:0cm; margin-right:0cm\">Kaldabru\u0146\u0101 dz\u012bvo 50 iedz\u012bvot\u0101ji, bet tur nav ne pa\u0161vald\u012bbas, ne skolas, ne kult\u016bras nama, ne pasta. Pirms \u010detriem\u00a0gadiem Kaldabru\u0146a ieguva atpaz\u012bstam\u012bbas z\u012bmi &#8220;Viedais ciems&#8221;, bet pirms 18 gadiem Ieva J\u0101tniece izveidoja biedr\u012bbu &#8220;\u016adensz\u012bmes&#8221;, kas ar daudziem \u012bstenotiem projektiem ir piem\u0113rs visai S\u0113lijai.<\/p>\n<p style=\"margin-left:0cm; margin-right:0cm\">\n<p>            <img decoding=\"async\" src=\"https:\/\/www.europesays.com\/lv\/wp-content\/uploads\/2025\/12\/s5om.jpg\" alt=\"J\u0113kabpils novada Kaldabru\u0146as biedr\u012bbas \u016adensz\u012bmes valdes priek\u0161s\u0113d\u0113t\u0101ja un kopienu sadarb\u012bbas t\u012bkla...\"\/><\/p>\n<p>J\u0113kabpils novada Kaldabru\u0146as biedr\u012bbas \u016adensz\u012bmes valdes priek\u0161s\u0113d\u0113t\u0101ja un kopienu sadarb\u012bbas t\u012bkla S\u0113lijas salas strat\u0113\u0123isk\u0101 pl\u0101not\u0101ja Ieva J\u0101tniece.<\/p>\n<p>Foto: Daina Zalamane<\/p>\n<\/p>\n<blockquote>\n<p style=\"margin-left:0cm; margin-right:0cm\">Biedr\u012bb\u0101 darbojas 40 no 50 ciema iedz\u012bvot\u0101jiem, un\u00a0Kaldabru\u0146\u0101 paveikts daudz, rakstot projektus. <\/p>\n<\/blockquote>\n<p style=\"margin-left:0cm; margin-right:0cm\">J\u0101tniece st\u0101sta:\u00a0&#8220;Mums ir viss kaut kas \u2013 p\u013cavas muzejs, stikla apstr\u0101des darbn\u012bca. Ir izveidota jauna \u0161\u012b te skatu platforma, ar\u012b tur k\u0101dreiz bija daudzst\u0101vu m\u0101jas grausts. Kaldabru\u0146\u0101 ir akustisk\u0101 koncertz\u0101le \u2013 \u010cervonkas bazn\u012bca, Kaldabru\u0146as multifunkcion\u0101l\u0101 kult\u016brtelpa, kur mums jau piesak\u0101s \u0161obr\u012bd m\u016bzi\u0137i pa\u0161i.&#8221; \u010cervonkas bazn\u012bca ir viens pieciem biedr\u012bbas &#8220;\u016adensz\u012bmes&#8221; \u0161ogad realiz\u0113tajiem projektiem. <\/p>\n<p style=\"margin-left:0cm; margin-right:0cm\">&#8220;Mums ir Sabiedr\u012bbas integr\u0101cijas fonda atbalst\u012bts projekts, kur m\u0113s esam izveidoju\u0161i S\u0113lijas tautas bibliot\u0113ku.\u00a0Tad mums ir \u013coti neparasta sadarb\u012bba pirmo reizi ar CFLA, kur mums ir projekts &#8220;Filozofu akmens&#8221;, prasmes akt\u012bvai, pilnv\u0113rt\u012bgai dz\u012bvei, tur m\u0113s vair\u0101k braucam \u0101rpus Kaldabru\u0146as un ar\u012b k\u0101dus metodiskos materi\u0101lus un video esam izveidoju\u0161i. Tad mums bija LEADER programmas projekts, m\u0113s izremont\u0113j\u0101m sanit\u0101ro mezglu. Mazs projekti\u0146\u0161 ar pa\u0161vald\u012bbas atbalstu un S\u0113lijas kult\u016bras programmas projekts &#8220;Kaldabru\u0146as kult\u016brtelpa kaln\u0101&#8221;,&#8221; sac\u012bja J\u0101tniece.<\/p>\n<p style=\"margin-left:0cm; margin-right:0cm\">Vi\u0146a nor\u0101d\u012bja, ka naudas izteiksm\u0113 tie ir teju 100 000 eiro. Vaic\u0101ta, cik projekti \u012bstenoti, J\u0101tniece uzsv\u0113ra, ka citreiz tie ir vair\u0101k nek\u0101 pieci, citreiz tie ir neliel\u0101ki:\u00a0&#8220;Es parasti saku t\u0101, ka esi beidzu skait\u012bt tad, kad tas skaits p\u0101rsniedza 50.&#8221;<\/p>\n<p><a id=\"4\" name=\"4\">Aktu\u0101la probl\u0113ma \u2013 telpas kopien\u0101m<\/a><\/p>\n<p style=\"margin-left:0cm; margin-right:0cm\">Ar biedr\u012bbas &#8220;S\u0113renes \u013caudis&#8221; valdes priek\u0161s\u0113d\u0113t\u0101ju Ed\u012bti Os\u0101ni Latvijas Radio tik\u0101s S\u0113renes pagasta bibliot\u0113k\u0101. Vi\u0146a nor\u0101d\u012bja, ka kop\u0101 ar S\u0113renes iedz\u012bvot\u0101ju padomi gatavojas \u012bstenot n\u0101kamo projektu \u2013 pagast\u0101 veidos \u0161\u0137\u0113r\u0161\u013cu trasi b\u0113rniem. Ed\u012bte atzina, ka pa\u0161iem pietr\u016bkst zin\u0101\u0161anu gan projektu rakst\u012b\u0161an\u0101, gan gr\u0101matved\u012bbas jaut\u0101jumos.<\/p>\n<p style=\"margin-left:0cm; margin-right:0cm\">\n<p>            <img decoding=\"async\" src=\"https:\/\/www.europesays.com\/lv\/wp-content\/uploads\/2025\/12\/s5ok.jpg\" alt=\"No kreis\u0101s - biedr\u012bbas S\u0113renes \u013caudis valdes priek\u0161s\u0113d\u0113t\u0101ja Ed\u012bte Os\u0101ne un valdes locekle un S\u0113renes...\"\/><\/p>\n<p>No kreis\u0101s &#8211; biedr\u012bbas S\u0113renes \u013caudis valdes priek\u0161s\u0113d\u0113t\u0101ja Ed\u012bte Os\u0101ne un valdes locekle un S\u0113renes pagasta bibliot\u0113kas vad\u012bt\u0101ja Rea Vovere.<\/p>\n<p>Foto: Daina Zalamane<\/p>\n<\/p>\n<blockquote>\n<p style=\"margin-left:0cm; margin-right:0cm\">&#8220;Visliel\u0101kais m\u012bnuss ir tas, ka biedr\u012bbai nav telpu. Mums ir m\u0101ja, kur bija pa\u0161vald\u012bba, un man pateica, ka man ir j\u0101maks\u0101 40 eiro m\u0113nes\u012b bez apkures,&#8221; sac\u012bja Os\u0101ne.<\/p>\n<\/blockquote>\n<p style=\"margin-left:0cm; margin-right:0cm\">Biedr\u012bbas &#8220;\u016adensz\u012bmes&#8221; valdes priek\u0161s\u0113d\u0113t\u0101ja Ieva J\u0101tniece akcent\u0113ja, ka telpu uztur\u0113\u0161ana un komun\u0101lie maks\u0101jumi ir aktu\u0101la probl\u0113ma ar\u012b Kaldabru\u0146as biedr\u012bbai &#8220;\u016adensz\u012bmes&#8221;, kuras m\u0101jas ir biju\u0161aj\u0101 skol\u0101, 650 kvadr\u0101tmetru liel\u0101 divst\u0101vu \u0113k\u0101.<\/p>\n<p style=\"margin-left:0cm; margin-right:0cm\">\n<p>            <img decoding=\"async\" src=\"https:\/\/www.europesays.com\/lv\/wp-content\/uploads\/2025\/12\/s5oo.jpg\" alt=\"Aizkraukles novada S\u0113renes pagasta mante\u013cskustenis\"\/><\/p>\n<p>Aizkraukles novada S\u0113renes pagasta mante\u013cskustenis<\/p>\n<p>Foto: no priv\u0101t\u0101 arh\u012bva<\/p>\n<\/p>\n<p style=\"margin-left:0cm; margin-right:0cm\">&#8220;Ir j\u0101kurina, telpas ir j\u0101t\u012bra, j\u0101skat\u0101s, kur kaut kas ir j\u0101pieremont\u0113. Ne vienm\u0113r par projektu l\u012bdzek\u013ciem var to izdar\u012bt. Es dom\u0101ju, ar\u012b\u00a0vis\u0101m kopien\u0101m un mazaj\u0101m biedr\u012bb\u0101m t\u0101 ir \u013coti s\u0101p\u012bga t\u0113ma\u00a0\u2013\u00a0tie\u0161i ilgtermi\u0146a uztur\u0113\u0161ana. Pas\u0101kumu vai projektu\u00a0\u2013\u00a0to pa\u0146em uz entuziasmu.\u00a0Ilgtermi\u0146\u0101 entuziasms nestr\u0101d\u0101,&#8221; sac\u012bja J\u0101tniece.<\/p>\n<p style=\"margin-left:0cm; margin-right:0cm\">Vi\u0146a uzsv\u0113ra, ka noder\u0113tu ar\u012b pa\u0161vald\u012bbu finansi\u0101lais atbalsts. Vienlaikus J\u0101tniece sac\u012bja: &#8220;N\u0113, es nevar\u0113tu ar\u012b s\u016bdz\u0113ties, ka pa\u0161vald\u012bba nemaz neatbalst\u012btu. L\u012bdzfinans\u0113jumu\u00a0projektiem pie\u0161\u0137ir tur, kur tie nepiecie\u0161ami.&#8221;<\/p>\n<p style=\"margin-left:0cm; margin-right:0cm\">Latvijas Lauku foruma izpilddirektore Anita Se\u013cicka akcent\u0113ja, ka \u0161oruden apkopoju\u0161i inform\u0101ciju par kopienu telp\u0101m un situ\u0101cija Latvij\u0101 ir \u013coti da\u017e\u0101da. &#8220;M\u0113s \u013coti labi saprotam, ka pa\u0161vald\u012bba nevar uzd\u0101vin\u0101t telpas\u00a0t\u0101m\u00a0\u2013\u00a0nu, ir j\u0101b\u016bt kaut k\u0101diem rezult\u0101tiem, ko tad \u0161\u012b organiz\u0101cija vai kopiena dara.\u00a0Bet ir \u013coti labi risin\u0101jumi, un vai nu sedz komun\u0101los maks\u0101jumus, vai nodod lieto\u0161an\u0101 ar atlaid\u0113m, vai pied\u0101v\u0101 sadarb\u012bbas modeli.&#8221;<\/p>\n<p><a id=\"5\" name=\"5\">Pa\u0161vald\u012bb\u0101m j\u0101veido atbalsta sist\u0113ma akt\u012bvaj\u0101m\u00a0kopien\u0101m<\/a><\/p>\n<p style=\"margin-left:0cm; margin-right:0cm\">Ieva J\u0101tniece ir ar\u012b kopienu sadarb\u012bbas t\u012bkla &#8220;S\u0113lijas salas&#8221; strat\u0113\u0123isk\u0101 pl\u0101not\u0101ja un sevi uzskata par profesion\u0101lu projektu rakst\u012bt\u0101ju. Vi\u0146a sac\u012bja:\u00a0&#8220;Mums ir \u013coti daudz j\u0101prot \u2013 projekti, l\u012bdzdal\u012bbas bud\u017eets, iedz\u012bvot\u0101ju padomes, mums ir j\u0101iegulda \u0101rk\u0101rt\u012bgi daudz laika, tai pa\u0161\u0101 laik\u0101 atbalsts un resursi izpaliek.&#8221;<\/p>\n<p style=\"margin-left:0cm; margin-right:0cm\">J\u0101tniece v\u0113rt\u0113ja, ka, str\u0101d\u0101jot ar publisku naudu, atskaites p\u0113c projekta pabeig\u0161anas ir norm\u0101la pras\u012bba un p\u0113d\u0113jos gados esot mazin\u0101jusies ar\u012b birokr\u0101tija, bet uzsver, ka kopien\u0101m, kur iedz\u012bvot\u0101ji str\u0101d\u0101 k\u0101 br\u012bvpr\u0101t\u012bgie, pietr\u016bkst finans\u0113juma. &#8220;Mums ir burv\u012bga iesp\u0113ja \u2013 pa\u0161vald\u012bbu un valsts funkciju dele\u0123\u0113jums nevalstiskajam sektoram. \u0160is dele\u0123\u0113jums tiek izmantots nepiedodami reti un necaurskat\u0101mi. Iesp\u0113jams, ka tur ir k\u0101da likumdo\u0161anas probl\u0113ma, kas pa\u0161vald\u012bb\u0101m \u0161o sare\u017e\u0123\u012b, bet instruments ir,&#8221; nor\u0101d\u012bja J\u0101tniece.<\/p>\n<blockquote>\n<p style=\"margin-left:0cm; margin-right:0cm\">Ar\u012b Latvijas Lauku foruma izpilddirektore Anita Se\u013cicka v\u0113rt\u0113ja, ka j\u0101veido atbalsta sist\u0113ma, kas kopien\u0101m pal\u012bdz\u0113tu segt, piem\u0113ram, transporta izdevumus.<\/p>\n<\/blockquote>\n<p style=\"margin-left:0cm; margin-right:0cm\">&#8220;Daudzviet mums nav pat kopienas speci\u0101listu, mums nav soci\u0101lais darbinieks kopien\u0101, soci\u0101laj\u0101 dienest\u0101. Un tad pa\u0161vald\u012bba sagaida un ir pat pieradusi, un m\u0113s pa\u0161i pieradin\u0101m, akt\u012bvi darbojoties, \u2013 ka m\u0113s vienm\u0113r b\u016bsim kl\u0101t, nodro\u0161in\u0101sim. Bet, ja nav nek\u0101da finans\u0113juma ne par ieguld\u012bto darbu, ne par izmantotajiem resursiem, nu, vismaz, ka vi\u0146i nezaud\u0113 savus person\u012bgos\u00a0\u2013\u00a0kaut vai ce\u013ca nauda, dienas nauda pusdienas pa\u0113st, ja vi\u0146iem ir kaut kur j\u0101dodas visu dienu,&#8221; uzsv\u0113ra Se\u013cicka.<\/p>\n<p style=\"margin-left:0cm; margin-right:0cm\">\n<p>            <img decoding=\"async\" src=\"https:\/\/www.europesays.com\/lv\/wp-content\/uploads\/2025\/12\/s5op.jpg\" alt=\"Aizkraukles novada S\u0113renes pagasta mante\u013cskustenis\"\/><\/p>\n<p>Aizkraukles novada S\u0113renes pagasta mante\u013cskustenis<\/p>\n<p>Foto: no priv\u0101t\u0101 arh\u012bva<\/p>\n<\/p>\n<p style=\"margin-left:0cm; margin-right:0cm\">Vi\u0146a ar\u012b nor\u0101d\u012bja, ka &#8220;ir \u0113rti nodot atbild\u012bbu pa\u0161iem iedz\u012bvot\u0101jiem, bet noteikti b\u016btu nepiecie\u0161ams t\u0101dos noz\u012bm\u012bgos nacion\u0101la un ar\u012b pa\u0161vald\u012bbu m\u0113roga l\u0113mumos izmantot metodi, ko atkal Rietumeiropa, nu jau Eiropas Komisija rosina dar\u012bt \u2013 skat\u012bties uz l\u0113mumiem, piem\u0113ram, uz\u0146\u0113m\u0113jdarb\u012bbas atbalstam, skolu t\u012bkla sak\u0101rto\u0161an\u0101, sabiedriskaj\u0101 transport\u0101. Uzlikt to lauku filtru, paskat\u012bties, vai tom\u0113r lauku teritorij\u0101s nav nepiecie\u0161ams, piem\u0113ram, uz\u0146\u0113m\u0113jiem cita apjoma atbalsts un citi rezultat\u012bvie r\u0101d\u012bt\u0101ji, vai m\u0113s tie\u0161\u0101m varam mazu lauku vietu stimul\u0113t uz inov\u0101cij\u0101m ar t\u0101diem pa\u0161iem ieguld\u012bjumiem k\u0101 pils\u0113tu&#8221;.<\/p>\n<p><a id=\"6\" name=\"6\"\/>Kopien\u0101m izdodas uzlabot dz\u012bvi re\u0123ionos<\/p>\n<p style=\"margin-left:0cm; margin-right:0cm\">Vienlaikus Se\u013cicka sac\u012bja, ka iedz\u012bvot\u0101ju kopien\u0101m laukos izdodas uzlabot dz\u012bvi re\u0123ionos un &#8220;galu gal\u0101 rad\u012bt to saj\u016btu, ka es lepojos ar savu vietu&#8221;.<\/p>\n<p style=\"margin-left:0cm; margin-right:0cm\">\n<p>            <img decoding=\"async\" src=\"https:\/\/www.europesays.com\/lv\/wp-content\/uploads\/2025\/12\/s5ol.jpg\" alt=\"Kaldabru\u0146as bazn\u012bca\"\/><\/p>\n<p>Kaldabru\u0146as bazn\u012bca<\/p>\n<p>Foto: no priv\u0101t\u0101 arh\u012bva<\/p>\n<\/p>\n<p style=\"margin-left:0cm; margin-right:0cm\">Biedr\u012bbas &#8220;\u016adensz\u012bmes&#8221; p\u0101rst\u0101ve un stikla m\u0101ksliniece Ingr\u012bda Degtjarova sac\u012bja:\u00a0&#8220;Es tagad redzu to uzplaukumu Kaldabru\u0146ai, mana Kaldabru\u0146a skan. M\u0113s augam reiz\u0113 ar S\u0113liju, m\u0113s augam pa\u0161i reiz\u0113, un l\u012bdz ar to, man liekas, tas t\u0101ds ne tikai S\u0113lijai, bet visai Latvijai.&#8221;<\/p>\n<p style=\"margin-left:0cm; margin-right:0cm\">Ieva J\u0101tniece nor\u0101d\u012bja,\u00a0ka Kaldabru\u0146u k\u0101 savu dz\u012bves vietu izv\u0113las ar\u012b pa k\u0101dai jaunai \u0123imenei. &#8220;M\u016bsu p\u0101ris t\u0101das \u0123imenes, kas tie\u0161\u0101m ir atn\u0101ku\u0161i t\u0101p\u0113c, ka \u0161eit ir sabiedrisk\u0101 dz\u012bve.&#8221;<\/p>\n<p style=\"margin-left:0cm; margin-right:0cm\">Biedr\u012bba &#8220;S\u0113renes \u013caudis&#8221;\u00a0&#8220;Facebook&#8221; lap\u0101 ierakst\u012bjusi biedr\u012bbas m\u0113r\u0137i \u2013 r\u016bp\u0113ties par S\u0113renes pagasta ilgtsp\u0113j\u012bgu att\u012bst\u012bbu, stiprinot viet\u0113jo kopienu. Tas ir kop\u0113js m\u0113r\u0137is ne vien\u00a0vis\u0101m 40 iedz\u012bvot\u0101ju grup\u0101m, kas darbojas kopienu sadarb\u012bbas t\u012bkl\u0101 &#8220;S\u0113lijas salas&#8221;, bet lauku kopien\u0101m vis\u0101 Latvij\u0101. \u012apa\u0161i viet\u0101s, kur vairs nav ne pa\u0161vald\u012bbas, ne skolas, ne citu iest\u0101\u017eu, bet\u00a0iedz\u012bvot\u0101ju rakst\u012btie projekti \u013cauj\u00a0uztur\u0113t dz\u012bvu kult\u016bras vidi un kop\u0101b\u016b\u0161anu. Un svar\u012bgi, lai iedz\u012bvot\u0101ju br\u012bvpr\u0101t\u012bgo darbu nov\u0113rt\u0113tu ne tikai ar diplomu sv\u0113tkos, bet ar\u012b nelielu l\u012bdzfinans\u0113jumu, kas pal\u012bdz\u0113tu segt telpu izmaksas.<\/p>\n","protected":false},"excerpt":{"rendered":"2021.\u00a0gad\u0101 p\u0113c k\u0101rt\u0113j\u0101s administrat\u012bvi teritori\u0101l\u0101s reformas 119 viet\u0113jo pa\u0161vald\u012bbu viet\u0101 tika izveidotas 43 jaunas. Novadi k\u013cuva liel\u0101ki, nomales&hellip;\n","protected":false},"author":2,"featured_media":67144,"comment_status":"","ping_status":"","sticky":false,"template":"","format":"standard","meta":{"footnotes":""},"categories":[12],"tags":[23,28,29,32,33,22,30,31,35,39,38,36,37,34,40,20,26,27,24,25,21],"class_list":{"0":"post-67143","1":"post","2":"type-post","3":"status-publish","4":"format-standard","5":"has-post-thumbnail","7":"category-latvija","8":"tag-aktualitates","9":"tag-breaking-news","10":"tag-breakingnews","11":"tag-featured-news","12":"tag-featurednews","13":"tag-headlines","14":"tag-latest-news","15":"tag-latestnews","16":"tag-latvia","17":"tag-latvian","18":"tag-latviesu","19":"tag-latviesu-valoda","20":"tag-latviesuvaloda","21":"tag-latvija","22":"tag-lv","23":"tag-news","24":"tag-popularakas-zinas","25":"tag-popularakaszinas","26":"tag-top-stories","27":"tag-topstories","28":"tag-zinas"},"share_on_mastodon":{"url":"https:\/\/pubeurope.com\/@lv\/115672862223759648","error":""},"_links":{"self":[{"href":"https:\/\/www.europesays.com\/lv\/wp-json\/wp\/v2\/posts\/67143","targetHints":{"allow":["GET"]}}],"collection":[{"href":"https:\/\/www.europesays.com\/lv\/wp-json\/wp\/v2\/posts"}],"about":[{"href":"https:\/\/www.europesays.com\/lv\/wp-json\/wp\/v2\/types\/post"}],"author":[{"embeddable":true,"href":"https:\/\/www.europesays.com\/lv\/wp-json\/wp\/v2\/users\/2"}],"replies":[{"embeddable":true,"href":"https:\/\/www.europesays.com\/lv\/wp-json\/wp\/v2\/comments?post=67143"}],"version-history":[{"count":0,"href":"https:\/\/www.europesays.com\/lv\/wp-json\/wp\/v2\/posts\/67143\/revisions"}],"wp:featuredmedia":[{"embeddable":true,"href":"https:\/\/www.europesays.com\/lv\/wp-json\/wp\/v2\/media\/67144"}],"wp:attachment":[{"href":"https:\/\/www.europesays.com\/lv\/wp-json\/wp\/v2\/media?parent=67143"}],"wp:term":[{"taxonomy":"category","embeddable":true,"href":"https:\/\/www.europesays.com\/lv\/wp-json\/wp\/v2\/categories?post=67143"},{"taxonomy":"post_tag","embeddable":true,"href":"https:\/\/www.europesays.com\/lv\/wp-json\/wp\/v2\/tags?post=67143"}],"curies":[{"name":"wp","href":"https:\/\/api.w.org\/{rel}","templated":true}]}}