{"id":67171,"date":"2025-12-06T14:24:07","date_gmt":"2025-12-06T14:24:07","guid":{"rendered":"https:\/\/www.europesays.com\/lv\/67171\/"},"modified":"2025-12-06T14:24:07","modified_gmt":"2025-12-06T14:24:07","slug":"slava-fani-un-isaks-muzs-petijums-atklaj-ka-slaveni-dziedataji-mirst-jaunaki-neka-citi","status":"publish","type":"post","link":"https:\/\/www.europesays.com\/lv\/67171\/","title":{"rendered":"Slava, fani un \u012bs\u0101ks m\u016b\u017es: P\u0113t\u012bjums atkl\u0101j, ka slaveni dzied\u0101t\u0101ji mirst jaun\u0101ki nek\u0101 citi"},"content":{"rendered":"<p>Rezult\u0101ti liecina, ka slavas psiholo\u0123iskie stresa faktori, piem\u0113ram, priv\u0101tuma tr\u016bkums, intens\u012bva sabiedr\u012bbas uzman\u012bba, nogurdino\u0161s grafiks, var veicin\u0101t gar\u012bg\u0101s vesel\u012bbas probl\u0113mas un kait\u012bgus probl\u0113mu risin\u0101\u0161anas meh\u0101nismus, kas veicina priek\u0161laic\u012bgu n\u0101vi.<\/p>\n<p>Slava, \u0161\u0137iet, ir \u201chronisks slogs, kas pastiprina eso\u0161os profesion\u0101los riskus\u201d, teica p\u0113tnieki no Vitenes\/Herdekes Universit\u0101tes V\u0101cij\u0101.<\/p>\n<p>Vi\u0146i izp\u0113t\u012bja 324 slavenu dzied\u0101t\u0101ju, kas dzimu\u0161i laikposm\u0101 no 1910. l\u012bdz 1975. gadam, vesel\u012bbas datus, sal\u012bdzinot tos ar 324 citiem dzied\u0101t\u0101jiem, kuriem bija l\u012bdz\u012bga izcelsme \u2013 no dzimuma un etnisk\u0101s pieder\u012bbas l\u012bdz \u017eanram un muzik\u0101l\u0101s darb\u012bbas veidam \u2013, bet kuri nesasniedza slaven\u012bbas statusu.<\/p>\n<p>Visi m\u0101kslinieki bija akt\u012bvi no 1950. l\u012bdz 1990. gadam \u2013 laikposm\u0101, ko raksturoja rokenrola, pank, disko, grunge un hiphopa uzplaukums un att\u012bst\u012bba \u2013, lai p\u0113tniekiem nodro\u0161in\u0101tu pietiekamus ilgtermi\u0146a datus par vi\u0146u vesel\u012bbas un mirst\u012bbas riskiem l\u012bdz 2023. gadam.<\/p>\n<p>Slavas cena<\/p>\n<p>Saska\u0146\u0101 ar p\u0113t\u012bjumu, kas public\u0113ts \u017eurn\u0101l\u0101 \u201cJournal of Epidemiology and Community Health\u201d, slaveni m\u016bzi\u0137i vid\u0113ji nomira 75 gadu vecum\u0101, bet maz\u0101k paz\u012bstami m\u016bzi\u0137i nodz\u012bvoja l\u012bdz 79 gadu vecumam.<\/p>\n<p class=\"ad-desc ad-desc-main\">Saturs turpin\u0101s p\u0113c rekl\u0101mas<\/p>\n<p class=\"ad-desc ad-desc-sec\">Rekl\u0101ma<\/p>\n<p>P\u0113t\u012bjum\u0101 tika konstat\u0113ts, ka solo m\u0101ksliniekiem n\u0101ves risks bija par 26 % augst\u0101ks nek\u0101 grupu solistiem, ta\u010du slava tom\u0113r ietekm\u0113ja ar\u012b vi\u0146us. Kopum\u0101 slaveniem dzied\u0101t\u0101jiem n\u0101ves risks bija par 33 % augst\u0101ks nek\u0101 maz\u0101k paz\u012bstamiem m\u016bzi\u0137iem.<\/p>\n<p>P\u0113tnieki nor\u0101da, ka \u0161ie rezult\u0101ti liecina, ka paaugstin\u0101tais mirst\u012bbas risks nav saist\u012bts ar eso\u0161aj\u0101m at\u0161\u0137ir\u012bb\u0101m starp m\u0101ksliniekiem vai apgriezto c\u0113lo\u0146sakar\u012bbu \u2013 kad agra n\u0101ve padara m\u0101kslinieku slaven\u0101ku \u2013, bet gan ar to, ka slaven\u012bbas statuss faktiski paaugstina risku priek\u0161laic\u012bgi nomirt.<\/p>\n<p>Tas ir l\u012bdz\u012bgs riska l\u012bmenis k\u0101 neregul\u0101ra cigare\u0161u sm\u0113\u0137\u0113\u0161ana, kas palielina n\u0101ves varb\u016bt\u012bbu par 34 procentiem, vi\u0146i teica.<\/p>\n<p>\u201cSlava \u0161\u0137iet tik kait\u012bga, ka t\u0101 atsver jebk\u0101dus potenci\u0101los ieguvumus, kas saist\u012bti ar augstu soci\u0101lekonomisko statusu,\u201d nor\u0101da p\u0113tnieki.<\/p>\n<p>J\u0101atz\u012bm\u0113, ka rezult\u0101ti neapliecina, ka slava izraisa cilv\u0113ku agr\u0101ku n\u0101vi, bet tikai to, ka abi faktori ir saist\u012bti. P\u0113t\u012bjum\u0101 netika \u0146emti v\u0113r\u0101 citi slaven\u012bbu veidi, piem\u0113ram, kinozvaigznes vai profesion\u0101li sportisti, t\u0101p\u0113c secin\u0101jumi var neb\u016bt attiecin\u0101mi uz citiem slaveniem cilv\u0113kiem vai cit\u0101m pasaules da\u013c\u0101m.<\/p>\n","protected":false},"excerpt":{"rendered":"Rezult\u0101ti liecina, ka slavas psiholo\u0123iskie stresa faktori, piem\u0113ram, priv\u0101tuma tr\u016bkums, intens\u012bva sabiedr\u012bbas uzman\u012bba, nogurdino\u0161s grafiks, var veicin\u0101t gar\u012bg\u0101s&hellip;\n","protected":false},"author":2,"featured_media":67172,"comment_status":"","ping_status":"","sticky":false,"template":"","format":"standard","meta":{"footnotes":""},"categories":[19],"tags":[17247,89,90,35,39,38,36,37,34,40],"class_list":{"0":"post-67171","1":"post","2":"type-post","3":"status-publish","4":"format-standard","5":"has-post-thumbnail","7":"category-izklaide","8":"tag-dzives-ilgums","9":"tag-entertainment","10":"tag-izklaide","11":"tag-latvia","12":"tag-latvian","13":"tag-latviesu","14":"tag-latviesu-valoda","15":"tag-latviesuvaloda","16":"tag-latvija","17":"tag-lv"},"share_on_mastodon":{"url":"https:\/\/pubeurope.com\/@lv\/115673082387664405","error":""},"_links":{"self":[{"href":"https:\/\/www.europesays.com\/lv\/wp-json\/wp\/v2\/posts\/67171","targetHints":{"allow":["GET"]}}],"collection":[{"href":"https:\/\/www.europesays.com\/lv\/wp-json\/wp\/v2\/posts"}],"about":[{"href":"https:\/\/www.europesays.com\/lv\/wp-json\/wp\/v2\/types\/post"}],"author":[{"embeddable":true,"href":"https:\/\/www.europesays.com\/lv\/wp-json\/wp\/v2\/users\/2"}],"replies":[{"embeddable":true,"href":"https:\/\/www.europesays.com\/lv\/wp-json\/wp\/v2\/comments?post=67171"}],"version-history":[{"count":0,"href":"https:\/\/www.europesays.com\/lv\/wp-json\/wp\/v2\/posts\/67171\/revisions"}],"wp:featuredmedia":[{"embeddable":true,"href":"https:\/\/www.europesays.com\/lv\/wp-json\/wp\/v2\/media\/67172"}],"wp:attachment":[{"href":"https:\/\/www.europesays.com\/lv\/wp-json\/wp\/v2\/media?parent=67171"}],"wp:term":[{"taxonomy":"category","embeddable":true,"href":"https:\/\/www.europesays.com\/lv\/wp-json\/wp\/v2\/categories?post=67171"},{"taxonomy":"post_tag","embeddable":true,"href":"https:\/\/www.europesays.com\/lv\/wp-json\/wp\/v2\/tags?post=67171"}],"curies":[{"name":"wp","href":"https:\/\/api.w.org\/{rel}","templated":true}]}}