{"id":67177,"date":"2025-12-06T14:30:13","date_gmt":"2025-12-06T14:30:13","guid":{"rendered":"https:\/\/www.europesays.com\/lv\/67177\/"},"modified":"2025-12-06T14:30:13","modified_gmt":"2025-12-06T14:30:13","slug":"kas-sobrid-zinams-par-teilores-sviftas-un-trevisa-kelsija-pirmslaulibu-ligumu","status":"publish","type":"post","link":"https:\/\/www.europesays.com\/lv\/67177\/","title":{"rendered":"Kas \u0161obr\u012bd zin\u0101ms par Teilores Sviftas un Trevisa Kelsija pirmslaul\u012bbu l\u012bgumu?"},"content":{"rendered":"<p>Da\u017ei uzskata, ka tikai taisn\u012bgi b\u016btu katram patur\u0113t savu kapit\u0101lu atsevi\u0161\u0137i, savuk\u0101rt citi ir p\u0101rliecin\u0101ti, ka sporta zvaigznei vajadz\u0113tu atteikties no saviem person\u012bgajiem akt\u012bviem topo\u0161\u0101s sievas lab\u0101. Taj\u0101 pa\u0161\u0101 laik\u0101 ir cilv\u0113ki, kas nor\u0101da \u2014 \u0146emot v\u0113r\u0101 Sviftas r\u016bp\u012bgo un profesion\u0101li organiz\u0113to dro\u0161\u012bbas komandu, pirmslaul\u012bbu l\u012bguma deta\u013cu nopludin\u0101\u0161ana publiskaj\u0101 telp\u0101 ir \u013coti maz ticama.<\/p>\n","protected":false},"excerpt":{"rendered":"Da\u017ei uzskata, ka tikai taisn\u012bgi b\u016btu katram patur\u0113t savu kapit\u0101lu atsevi\u0161\u0137i, savuk\u0101rt citi ir p\u0101rliecin\u0101ti, ka sporta zvaigznei&hellip;\n","protected":false},"author":2,"featured_media":67178,"comment_status":"","ping_status":"","sticky":false,"template":"","format":"standard","meta":{"footnotes":""},"categories":[19],"tags":[89,90,35,39,38,36,37,34,40],"class_list":{"0":"post-67177","1":"post","2":"type-post","3":"status-publish","4":"format-standard","5":"has-post-thumbnail","7":"category-izklaide","8":"tag-entertainment","9":"tag-izklaide","10":"tag-latvia","11":"tag-latvian","12":"tag-latviesu","13":"tag-latviesu-valoda","14":"tag-latviesuvaloda","15":"tag-latvija","16":"tag-lv"},"share_on_mastodon":{"url":"https:\/\/pubeurope.com\/@lv\/115673106110427216","error":""},"_links":{"self":[{"href":"https:\/\/www.europesays.com\/lv\/wp-json\/wp\/v2\/posts\/67177","targetHints":{"allow":["GET"]}}],"collection":[{"href":"https:\/\/www.europesays.com\/lv\/wp-json\/wp\/v2\/posts"}],"about":[{"href":"https:\/\/www.europesays.com\/lv\/wp-json\/wp\/v2\/types\/post"}],"author":[{"embeddable":true,"href":"https:\/\/www.europesays.com\/lv\/wp-json\/wp\/v2\/users\/2"}],"replies":[{"embeddable":true,"href":"https:\/\/www.europesays.com\/lv\/wp-json\/wp\/v2\/comments?post=67177"}],"version-history":[{"count":0,"href":"https:\/\/www.europesays.com\/lv\/wp-json\/wp\/v2\/posts\/67177\/revisions"}],"wp:featuredmedia":[{"embeddable":true,"href":"https:\/\/www.europesays.com\/lv\/wp-json\/wp\/v2\/media\/67178"}],"wp:attachment":[{"href":"https:\/\/www.europesays.com\/lv\/wp-json\/wp\/v2\/media?parent=67177"}],"wp:term":[{"taxonomy":"category","embeddable":true,"href":"https:\/\/www.europesays.com\/lv\/wp-json\/wp\/v2\/categories?post=67177"},{"taxonomy":"post_tag","embeddable":true,"href":"https:\/\/www.europesays.com\/lv\/wp-json\/wp\/v2\/tags?post=67177"}],"curies":[{"name":"wp","href":"https:\/\/api.w.org\/{rel}","templated":true}]}}