{"id":67194,"date":"2025-12-06T14:47:08","date_gmt":"2025-12-06T14:47:08","guid":{"rendered":"https:\/\/www.europesays.com\/lv\/67194\/"},"modified":"2025-12-06T14:47:08","modified_gmt":"2025-12-06T14:47:08","slug":"aparjodam-sesta-vieta-pasaules-kausa-pirmaja-posma","status":"publish","type":"post","link":"https:\/\/www.europesays.com\/lv\/67194\/","title":{"rendered":"Aparjodam sest\u0101 vieta Pasaules kausa pirmaj\u0101 posm\u0101"},"content":{"rendered":"<p>Sasniedzot lab\u0101ko laiku abos braucienos, uzvaru izc\u012bn\u012bja v\u0101cietis F\u0113likss Lohs, kur\u0161 abu braucienu summ\u0101 fini\u0161\u0113ja min\u016bt\u0113 un 43,160 sekund\u0113s. Vi\u0146\u0161 par 0,090 sekund\u0113m p\u0101rsp\u0113ja austrieti Jonasu Milleru, bet v\u0101cietis Makss Langenhans piek\u0101p\u0101s tautietim 0,268 sekundes un nosl\u0113dza pirmo trijnieku.<\/p>\n<p>Aparjods p\u0113c pirm\u0101 brauciena bija sept\u012btais un otraj\u0101 tika pie ceturt\u0101 lab\u0101k\u0101 laika, summ\u0101 zaud\u0113jot uzvar\u0113t\u0101jam 0,537 sekundes.<\/p>\n<p>B\u0113rzi\u0146\u0161 abos braucienos bija astotais un atpalika no Loha 0,813 sekundi, bet Rinks pirmaj\u0101 braucien\u0101 bija 13. viet\u0101 un otraj\u0101 ierindoj\u0101s 18. poz\u012bcij\u0101, piek\u0101pjoties uzvar\u0113t\u0101jam 1,466 sekundes.<\/p>\n<p>Pirmaj\u0101 Pasaules kausa posm\u0101 sacent\u0101s 30 kamani\u0146u brauc\u0113ji.<\/p>\n<p>Sestdien paredz\u0113tas v\u0113l divnieku sacens\u012bbas gan sieviet\u0113m, gan v\u012brie\u0161iem, bet sv\u0113tdien braucienus vieniniekos veiks sievietes, k\u0101 ar\u012b tiks aizvad\u012bta komandu stafete.<\/p>\n<p>Sportistiem pirmo posmu vajadz\u0113ja aizvad\u012bt Austrijas tras\u0113 \u012agls\u0101, bet renov\u0113t\u0101 trase nebija tik laba, lai taj\u0101 var\u0113tu aizvad\u012bt sacens\u012bbas, un posms tika p\u0101rcelts uz Vinterbergu.<\/p>\n<p>PK sacens\u012bb\u0101s \u0161osezon ir devi\u0146i posmi. PK n\u0101kamie divi posmi notiks ASV tras\u0113s P\u0101rksitij\u0101 un Leikplesid\u0101, bet gadu mij\u0101 ir pl\u0101nots posms Siguld\u0101.<\/p>\n<p>P\u0113c piekt\u0101 posma janv\u0101ra s\u0101kum\u0101 Vinterberg\u0101 beigsies olimpisk\u0101 kvalifik\u0101cija, bet pirmaj\u0101 no diviem posmiem v\u0113l vien\u0101 V\u0101cijas tras\u0113 Oberhof\u0101 tiks dal\u012btas ar\u012b Eiropas \u010dempion\u0101ta meda\u013cas, febru\u0101ra s\u0101kum\u0101 sportistiem sacen\u0161oties Mil\u0101nas-Kort\u012bnas d\u2019Ampeco olimpiskaj\u0101s sp\u0113l\u0113s.<\/p>\n","protected":false},"excerpt":{"rendered":"Sasniedzot lab\u0101ko laiku abos braucienos, uzvaru izc\u012bn\u012bja v\u0101cietis F\u0113likss Lohs, kur\u0161 abu braucienu summ\u0101 fini\u0161\u0113ja min\u016bt\u0113 un 43,160&hellip;\n","protected":false},"author":2,"featured_media":67195,"comment_status":"","ping_status":"","sticky":false,"template":"","format":"standard","meta":{"footnotes":""},"categories":[5],"tags":[23,28,29,32,33,22,9921,12705,30,31,35,39,38,36,37,34,40,20,26,27,24,25,21],"class_list":{"0":"post-67194","1":"post","2":"type-post","3":"status-publish","4":"format-standard","5":"has-post-thumbnail","7":"category-aktualitates","8":"tag-aktualitates","9":"tag-breaking-news","10":"tag-breakingnews","11":"tag-featured-news","12":"tag-featurednews","13":"tag-headlines","14":"tag-kamaninas","15":"tag-kristers-aparjods","16":"tag-latest-news","17":"tag-latestnews","18":"tag-latvia","19":"tag-latvian","20":"tag-latviesu","21":"tag-latviesu-valoda","22":"tag-latviesuvaloda","23":"tag-latvija","24":"tag-lv","25":"tag-news","26":"tag-popularakas-zinas","27":"tag-popularakaszinas","28":"tag-top-stories","29":"tag-topstories","30":"tag-zinas"},"share_on_mastodon":{"url":"https:\/\/pubeurope.com\/@lv\/115673172810216344","error":""},"_links":{"self":[{"href":"https:\/\/www.europesays.com\/lv\/wp-json\/wp\/v2\/posts\/67194","targetHints":{"allow":["GET"]}}],"collection":[{"href":"https:\/\/www.europesays.com\/lv\/wp-json\/wp\/v2\/posts"}],"about":[{"href":"https:\/\/www.europesays.com\/lv\/wp-json\/wp\/v2\/types\/post"}],"author":[{"embeddable":true,"href":"https:\/\/www.europesays.com\/lv\/wp-json\/wp\/v2\/users\/2"}],"replies":[{"embeddable":true,"href":"https:\/\/www.europesays.com\/lv\/wp-json\/wp\/v2\/comments?post=67194"}],"version-history":[{"count":0,"href":"https:\/\/www.europesays.com\/lv\/wp-json\/wp\/v2\/posts\/67194\/revisions"}],"wp:featuredmedia":[{"embeddable":true,"href":"https:\/\/www.europesays.com\/lv\/wp-json\/wp\/v2\/media\/67195"}],"wp:attachment":[{"href":"https:\/\/www.europesays.com\/lv\/wp-json\/wp\/v2\/media?parent=67194"}],"wp:term":[{"taxonomy":"category","embeddable":true,"href":"https:\/\/www.europesays.com\/lv\/wp-json\/wp\/v2\/categories?post=67194"},{"taxonomy":"post_tag","embeddable":true,"href":"https:\/\/www.europesays.com\/lv\/wp-json\/wp\/v2\/tags?post=67194"}],"curies":[{"name":"wp","href":"https:\/\/api.w.org\/{rel}","templated":true}]}}