{"id":67207,"date":"2025-12-06T14:58:08","date_gmt":"2025-12-06T14:58:08","guid":{"rendered":"https:\/\/www.europesays.com\/lv\/67207\/"},"modified":"2025-12-06T14:58:08","modified_gmt":"2025-12-06T14:58:08","slug":"vac-parakstus-par-lacplesa-dienas-nosaukuma-mainu","status":"publish","type":"post","link":"https:\/\/www.europesays.com\/lv\/67207\/","title":{"rendered":"V\u0101c parakstus par L\u0101\u010dpl\u0113\u0161a dienas nosaukuma mai\u0146u"},"content":{"rendered":"<p>Iniciat\u012bvas autors K\u0101rlis L\u012bdaka nor\u0101da, ka jau 15. maij\u0101 Saeim\u0101 iesniedzis l\u016bgumrakstu groz\u012bt likumu &#8220;Par sv\u0113tku, atceres un atz\u012bm\u0113jam\u0101m dien\u0101m&#8221;, kur\u0101 par atceres un atz\u012bm\u0113jamo dienu noteikto 11. novembri &#8211; L\u0101\u010dpl\u0113\u0161a dienu -vajadz\u0113tu p\u0101rsaukt daudzskaitl\u012b, proti, par L\u0101\u010dpl\u0113\u0161u diena.<\/p>\n<p>Iesniedz\u0113js skaidro, ka 1919. gada 11. novembris \u0161o dienu padar\u012bja par svinamu Latvijas armijas karav\u012bru &#8211; varo\u0146u uzvaras atceres dienu, kad Latvijas karav\u012bri p\u0113c s\u012bv\u0101m kauj\u0101m un daudz upuriem atbr\u012bvoja R\u012bgas P\u0101rdaugavu no bermontie\u0161u karasp\u0113ka. \u0160iem varo\u0146iem par godu Latvijas vald\u012bba nodibin\u0101ja L\u0101\u010dpl\u0113\u0161a kara ordeni karav\u012bru apbalvo\u0161anai par varon\u012bbu kaujas lauk\u0101 c\u012b\u0146\u0101 par Latviju. L\u012bdaka nor\u0101da, ka ar \u0161o ordeni apbalvotie karav\u012bri tika saukti par L\u0101\u010dpl\u0113\u0161a kara orde\u0146a kavalieriem &#8211; L\u0101\u010dpl\u0113\u0161iem.<\/p>\n<p>Lai ar\u012b 11. novembris nebija iek\u013cauts pirmskara likum\u0101 &#8220;Par vald\u012bbas un pa\u0161vald\u012bbas iest\u0101d\u0113s svinam\u0101m dien\u0101m&#8221;, 11. novembr\u012b Latvijas armija un tauta svin\u0113ja L\u0101\u010dpl\u0113\u0161a kara orde\u0146a gada sv\u0113tkus jeb L\u0101\u010dpl\u0113\u0161u sv\u0113tkus.<\/p>\n","protected":false},"excerpt":{"rendered":"Iniciat\u012bvas autors K\u0101rlis L\u012bdaka nor\u0101da, ka jau 15. maij\u0101 Saeim\u0101 iesniedzis l\u016bgumrakstu groz\u012bt likumu &#8220;Par sv\u0113tku, atceres un&hellip;\n","protected":false},"author":2,"featured_media":67208,"comment_status":"","ping_status":"","sticky":false,"template":"","format":"standard","meta":{"footnotes":""},"categories":[12],"tags":[23,28,29,32,33,22,11267,30,31,35,39,38,36,37,34,40,1517,20,11759,26,27,24,25,21],"class_list":{"0":"post-67207","1":"post","2":"type-post","3":"status-publish","4":"format-standard","5":"has-post-thumbnail","7":"category-latvija","8":"tag-aktualitates","9":"tag-breaking-news","10":"tag-breakingnews","11":"tag-featured-news","12":"tag-featurednews","13":"tag-headlines","14":"tag-lacplesa-diena","15":"tag-latest-news","16":"tag-latestnews","17":"tag-latvia","18":"tag-latvian","19":"tag-latviesu","20":"tag-latviesu-valoda","21":"tag-latviesuvaloda","22":"tag-latvija","23":"tag-lv","24":"tag-manabalss-lv","25":"tag-news","26":"tag-parakstu-vaksana","27":"tag-popularakas-zinas","28":"tag-popularakaszinas","29":"tag-top-stories","30":"tag-topstories","31":"tag-zinas"},"share_on_mastodon":{"url":"https:\/\/pubeurope.com\/@lv\/115673215965873358","error":""},"_links":{"self":[{"href":"https:\/\/www.europesays.com\/lv\/wp-json\/wp\/v2\/posts\/67207","targetHints":{"allow":["GET"]}}],"collection":[{"href":"https:\/\/www.europesays.com\/lv\/wp-json\/wp\/v2\/posts"}],"about":[{"href":"https:\/\/www.europesays.com\/lv\/wp-json\/wp\/v2\/types\/post"}],"author":[{"embeddable":true,"href":"https:\/\/www.europesays.com\/lv\/wp-json\/wp\/v2\/users\/2"}],"replies":[{"embeddable":true,"href":"https:\/\/www.europesays.com\/lv\/wp-json\/wp\/v2\/comments?post=67207"}],"version-history":[{"count":0,"href":"https:\/\/www.europesays.com\/lv\/wp-json\/wp\/v2\/posts\/67207\/revisions"}],"wp:featuredmedia":[{"embeddable":true,"href":"https:\/\/www.europesays.com\/lv\/wp-json\/wp\/v2\/media\/67208"}],"wp:attachment":[{"href":"https:\/\/www.europesays.com\/lv\/wp-json\/wp\/v2\/media?parent=67207"}],"wp:term":[{"taxonomy":"category","embeddable":true,"href":"https:\/\/www.europesays.com\/lv\/wp-json\/wp\/v2\/categories?post=67207"},{"taxonomy":"post_tag","embeddable":true,"href":"https:\/\/www.europesays.com\/lv\/wp-json\/wp\/v2\/tags?post=67207"}],"curies":[{"name":"wp","href":"https:\/\/api.w.org\/{rel}","templated":true}]}}