{"id":67257,"date":"2025-12-06T15:41:11","date_gmt":"2025-12-06T15:41:11","guid":{"rendered":"https:\/\/www.europesays.com\/lv\/67257\/"},"modified":"2025-12-06T15:41:11","modified_gmt":"2025-12-06T15:41:11","slug":"kur-sogad-doties-lai-sagustitu-to-isto-ziemassvetku-sajutu-lente-lv","status":"publish","type":"post","link":"https:\/\/www.europesays.com\/lv\/67257\/","title":{"rendered":"Kur \u0161ogad doties, lai sag\u016bst\u012btu to \u012bsto Ziemassv\u0113tku saj\u016btu?\u00a0\u2014\u00a0Lente.lv"},"content":{"rendered":"<p>Adventes laika burv\u012bba Latvij\u0101<\/p>\n<p>Gada tum\u0161\u0101kais un nosl\u0113pumain\u0101kais laiks ir kl\u0101t, un kop\u0101 ar to n\u0101k ar\u012b Ziemassv\u0113tku gaid\u012b\u0161anas prieks, kas piepilda m\u016bsu sirdis ar gaismu un siltumu. Pils\u0113tas un novadi Latvij\u0101 ir sapostas kr\u0101\u0161\u0146os rot\u0101jumos, parki un ielas mirdz t\u016bksto\u0161iem gaismu virte\u0146u, radot neaizmirstamu atmosf\u0113ru. Ja mekl\u0113jat vietas, kur iel\u012bksmoties un izbaud\u012bt \u0161o \u012bpa\u0161o laiku, tad esat non\u0101ku\u0161i \u012bstaj\u0101 viet\u0101. Apl\u016bkosim da\u017eas no \u0161\u012b gada spo\u017e\u0101kaj\u0101m un m\u012b\u013c\u0101kaj\u0101m sv\u0113tku noris\u0113m, kas pal\u012bdz\u0113s sag\u016bst\u012bt to \u012bsto, neaizst\u0101jamo Ziemassv\u0113tku saj\u016btu.<\/p>\n<p>R\u012bga: Gaismas un tirdzi\u0146u valdzin\u0101jums<\/p>\n<p>R\u012bg\u0101 jau tradicion\u0101li decembris ir pies\u0101tin\u0101ts ar da\u017e\u0101diem notikumiem, kas aicina izbaud\u012bt sv\u0113tku atmosf\u0113ru. Vecr\u012bg\u0101, Doma laukum\u0101, no 28. novembra l\u012bdz pat 4. janv\u0101rim jau 25. reizi norisin\u0101sies tradicion\u0101lais Ziemassv\u0113tku tirdzi\u0146\u0161. Tas ir k\u013cuvis par vienu no gaid\u012bt\u0101kaj\u0101m sv\u0113tku trad\u012bcij\u0101m, kur\u0101 vair\u0101k nek\u0101 80 m\u0101jra\u017eot\u0101ju un amatnieku pied\u0101v\u0101s savus darin\u0101jumus, gardus \u0113dienus un dz\u0113rienus. Gaisu piepild\u012bs kan\u0113\u013ca, ingvera un grauzd\u0113tu mande\u013cu arom\u0101ts, un karstv\u012bns k\u013c\u016bs par iecien\u012bt\u0101ko dz\u0113rienu. Tirdzi\u0146\u0161 pied\u0101v\u0101s ar\u012b bag\u0101t\u012bgu kult\u016bras programmu, d\u012bd\u017eeju uzst\u0101\u0161anos, koru koncertus un folkm\u016bziku, k\u0101 ar\u012b r\u016b\u0137u darbn\u012bcas un Ziemassv\u0113tku vec\u012b\u0161a nami\u0146u. \u0160is tirdzi\u0146\u0161 ir ne tikai vieta, kur atrast unik\u0101las d\u0101vanas m\u012b\u013cajiem, bet ar\u012b sirsn\u012bgas kop\u0101 b\u016b\u0161anas vieta sv\u0113tku noska\u0146\u0101. R\u012bgas Ziemassv\u0113tku tirdzi\u0146\u0161 ir ieguvis atzin\u012bbu un iek\u013cuvis Eiropas lab\u0101ko Ziemassv\u0113tku tirdzi\u0146u top\u0101.<\/p>\n<p>Papildus Vecr\u012bgas tirdzi\u0146am, R\u012bg\u0101 notiks ar\u012b citi pas\u0101kumi, kas rad\u012bs sv\u0113tku saj\u016btu. Decembr\u012b R\u012bga p\u0101rv\u0113r\u0161as par \u012bstu ziemas pasaku ar gaismi\u0146\u0101m rot\u0101t\u0101m ieli\u0146\u0101m un skaistiem koncertiem. Pils\u0113tas sird\u012b iedegt\u0101 Ziemassv\u0113tku egle, sv\u0113tku koncerti bazn\u012bc\u0101s un kult\u016bras centros, k\u0101 ar\u012b vienk\u0101r\u0161a pastaiga pa Vecpils\u0113tas skaistaj\u0101m iel\u0101m \u2013 tas viss rad\u012bs neaizmirstamu pieredzi. Decembra prieki R\u012bg\u0101 ietver ar\u012b slido\u0161anas laukumus R\u0101tslaukum\u0101 vai parkos, stil\u012bgu kafejn\u012bcu nami\u0146us ar karstv\u012bnu un desertiem, k\u0101 ar\u012b romantisku pastaigu gar Daugavu. Piem\u0113ram, \u0136\u012bpsal\u0101 no 12. l\u012bdz 14. decembrim norisin\u0101sies Baltij\u0101 liel\u0101kais Ziemassv\u0113tku tirdzi\u0146\u0161 Baltic EXPO, pied\u0101v\u0101jot vair\u0101k nek\u0101 400 tirgot\u0101jus, d\u0101vanas, darbn\u012bcas un izklaidi \u0123imen\u0113m.<\/p>\n<p>Savuk\u0101rt, lai izbaud\u012btu gaismas m\u0101kslu, no 15. l\u012bdz 18. novembrim R\u012bg\u0101 notiks gaismas festiv\u0101ls \u201cStaro R\u012bga 2025\u201d. Festiv\u0101la t\u0113ma \u0161ogad ir \u201cR\u012btausmas v\u0113stne\u0161i\u201d, kas simboliz\u0113 jaunu s\u0101kumu, cer\u012bbu un p\u0101rmai\u0146as. Pils\u0113t\u0101 iemirdz\u0113sies vair\u0101k nek\u0101 40 gaismas instal\u0101cijas un objekti, kas izvietoti se\u0161os \u201cgaismas lokos\u201d cauri pils\u0113tai \u2013 s\u0101kot no Latvijas Nacion\u0101l\u0101s bibliot\u0113kas l\u012bdz pat Miera ielai. Tas ir aicin\u0101jums izbaud\u012bt pils\u0113tu piln\u012bgi jaun\u0101, vizu\u0101li iespaid\u012bg\u0101 veidol\u0101.<\/p>\n<p>Ziemassv\u0113tku saj\u016btu d\u0101rzi un br\u012bnumu me\u017ei<\/p>\n<p>Lai sag\u016bst\u012btu sv\u0113tku burv\u012bbu un vienlaikus atbalst\u012btu labdar\u012bbu, 6. decembr\u012b Latvijas Nacion\u0101laj\u0101 Bot\u0101niskaj\u0101 d\u0101rz\u0101 Salaspil\u012b s\u0101ks darboties Ziemassv\u0113tku saj\u016btu d\u0101rzs \u201cBr\u012bnumu me\u017es\u201d. \u0160is labdar\u012bbas pilotprojekts pied\u0101v\u0101s izgaismotas takas, tematiskas pieturvietas, rado\u0161\u0101s darbn\u012bcas, muzik\u0101lus priek\u0161nesumus, ziemas gardumus un iesp\u0113ju satikt Ziemassv\u0113tku vec\u012bti. 6% no bi\u013ce\u0161u ie\u0146\u0113mumiem tiks ziedoti fondam \u201cKop\u0101 main\u0101m pasauli\u201d b\u0113rniem ar \u012bpa\u0161\u0101m vajadz\u012bb\u0101m. Tas ir lielisks veids, k\u0101 apvienot sv\u0113tku prieku ar labiem darbiem.<\/p>\n<p>Savuk\u0101rt Latvijas valsts me\u017eu dabas parks T\u0113rvet\u0113 5. un 6. decembr\u012b aicina uz pas\u0101kumu \u201cR\u016b\u0137u pils\u0113tas Gaismas sv\u0113tki\u201d. \u0160eit tiks rad\u012bta \u012bsta ziemas pasaka ar l\u0101zeru projekcij\u0101m, pasaci\u0146\u0101m un izgaismot\u0101m tak\u0101m, kur\u0101s mirgu\u013cos laternas, spuld\u017eu virtenes un kr\u0101\u0161\u0146i vides gaismu objekti. Parks p\u0101rv\u0113rt\u012bsies par gaismas pasaku, radot prieku, m\u012blest\u012bbu un Ziemassv\u0113tku br\u012bnumu ikviena sird\u012b. Apmekl\u0113t\u0101jus sagaid\u012bs ar\u012b R\u016b\u0137u Ziemassv\u0113tku pasts un Pasaku vilcieni\u0146\u0161.<\/p>\n<p> citas pils\u0113tas un novadi, kas mirdz sv\u0113tku gaism\u0101 <\/p>\n<p>Ar\u012b citas Latvijas pils\u0113tas un novadi ir sagatavoju\u0161i savus sv\u0113tku pied\u0101v\u0101jumus. J\u016brmala ir izgreznota Ziemassv\u0113tkiem \u2013 Jomas iel\u0101 iedegta galven\u0101 pils\u0113tas egle, un g\u0101j\u0113ju ielas rot\u0101 131 j\u016brmalnieku izgreznota egl\u012bte. Sv\u0113tku noska\u0146u papildina pils\u0113tas iel\u0101s iedegtais sv\u0113tku apgaismojums. Liep\u0101j\u0101, atkl\u0101jot pils\u0113tas lielo egli Ro\u017eu laukum\u0101, iedegti ar\u012b sv\u0113tku rot\u0101jumi, kas mirdz vis\u0101 pils\u0113t\u0101, aicinot uz pastaigu. \u0160ogad rot\u0101jumu kl\u0101stu papildina jauni m\u0101kslinieciski t\u0113li J\u016brmalas park\u0101 un pie Gulbju d\u012b\u0137a, radot \u012bpa\u0161i sap\u0146ainu noska\u0146u. Ogres novad\u0101 30. novembr\u012b tika iedegtas Ziemassv\u0113tku egles, un novadu piepild\u012bjis neskait\u0101mu gaismas rot\u0101jumu daudzveid\u012bba. Neatkar\u012bbas laukum\u0101 uzmirdz\u0113s jauns gaismas elements \u2013 Zib\u0161\u0146u Ozols, bet Ausek\u013ca iel\u0101 \u2013 iespaid\u012bga dekorat\u012bv\u0101 Ziemassv\u0113tku egl\u012btes bumba, kur\u0101 apmekl\u0113t\u0101ji var ieiet un sajust sv\u0113tku gaismu.<\/p>\n<p>Koncerti un kult\u016bras pas\u0101kumi ar\u012b papildin\u0101s sv\u0113tku pieredzi. Grupa \u201cbet bet\u201d aicina uz koncertu s\u0113riju \u201cBurv\u012bga nakts 2025\u201d vis\u0101 Latvij\u0101, izpildot iem\u012b\u013cot\u0101s Ziemassv\u0113tku dziesmas, ko papildin\u0101s vizu\u0101li efekt\u012bgas video projekcijas. Koncertos piedal\u012bsies ar\u012b jaunie talanti, radot v\u0113l \u012bpa\u0161\u0101ku sv\u0113tku noska\u0146u.<\/p>\n<p>Lai kur j\u016bs ar\u012b dotos, galvenais ir \u013cauties sv\u0113tku saj\u016btai un priec\u0101ties par kop\u0101 b\u016b\u0161anu. Gaismas, smar\u017eas, m\u016bzika un sirsn\u012bba \u2013 tas viss kop\u0101 veido to neaizst\u0101jamo Ziemassv\u0113tku burv\u012bbu, ko baud\u012bt \u0161aj\u0101 gai\u0161aj\u0101 laik\u0101.<\/p>\n","protected":false},"excerpt":{"rendered":"Adventes laika burv\u012bba Latvij\u0101 Gada tum\u0161\u0101kais un nosl\u0113pumain\u0101kais laiks ir kl\u0101t, un kop\u0101 ar to n\u0101k ar\u012b Ziemassv\u0113tku&hellip;\n","protected":false},"author":2,"featured_media":67258,"comment_status":"","ping_status":"","sticky":false,"template":"","format":"standard","meta":{"footnotes":""},"categories":[5],"tags":[23,28,29,32,33,13063,22,30,31,35,39,38,36,37,34,40,20,26,27,172,17263,17264,24,25,9687,21],"class_list":{"0":"post-67257","1":"post","2":"type-post","3":"status-publish","4":"format-standard","5":"has-post-thumbnail","7":"category-aktualitates","8":"tag-aktualitates","9":"tag-breaking-news","10":"tag-breakingnews","11":"tag-featured-news","12":"tag-featurednews","13":"tag-gaismas-festivals","14":"tag-headlines","15":"tag-latest-news","16":"tag-latestnews","17":"tag-latvia","18":"tag-latvian","19":"tag-latviesu","20":"tag-latviesu-valoda","21":"tag-latviesuvaloda","22":"tag-latvija","23":"tag-lv","24":"tag-news","25":"tag-popularakas-zinas","26":"tag-popularakaszinas","27":"tag-riga","28":"tag-svetku-sajuta","29":"tag-tirdzini","30":"tag-top-stories","31":"tag-topstories","32":"tag-ziemassvetki","33":"tag-zinas"},"share_on_mastodon":{"url":"https:\/\/pubeurope.com\/@lv\/115673385071499086","error":""},"_links":{"self":[{"href":"https:\/\/www.europesays.com\/lv\/wp-json\/wp\/v2\/posts\/67257","targetHints":{"allow":["GET"]}}],"collection":[{"href":"https:\/\/www.europesays.com\/lv\/wp-json\/wp\/v2\/posts"}],"about":[{"href":"https:\/\/www.europesays.com\/lv\/wp-json\/wp\/v2\/types\/post"}],"author":[{"embeddable":true,"href":"https:\/\/www.europesays.com\/lv\/wp-json\/wp\/v2\/users\/2"}],"replies":[{"embeddable":true,"href":"https:\/\/www.europesays.com\/lv\/wp-json\/wp\/v2\/comments?post=67257"}],"version-history":[{"count":0,"href":"https:\/\/www.europesays.com\/lv\/wp-json\/wp\/v2\/posts\/67257\/revisions"}],"wp:featuredmedia":[{"embeddable":true,"href":"https:\/\/www.europesays.com\/lv\/wp-json\/wp\/v2\/media\/67258"}],"wp:attachment":[{"href":"https:\/\/www.europesays.com\/lv\/wp-json\/wp\/v2\/media?parent=67257"}],"wp:term":[{"taxonomy":"category","embeddable":true,"href":"https:\/\/www.europesays.com\/lv\/wp-json\/wp\/v2\/categories?post=67257"},{"taxonomy":"post_tag","embeddable":true,"href":"https:\/\/www.europesays.com\/lv\/wp-json\/wp\/v2\/tags?post=67257"}],"curies":[{"name":"wp","href":"https:\/\/api.w.org\/{rel}","templated":true}]}}