{"id":67269,"date":"2025-12-06T15:54:20","date_gmt":"2025-12-06T15:54:20","guid":{"rendered":"https:\/\/www.europesays.com\/lv\/67269\/"},"modified":"2025-12-06T15:54:20","modified_gmt":"2025-12-06T15:54:20","slug":"foto-%e2%9f%a9-dziedataja-olga-rajecka-prezente-tris-svarigus-jaunumus","status":"publish","type":"post","link":"https:\/\/www.europesays.com\/lv\/67269\/","title":{"rendered":"FOTO \u27e9 Dzied\u0101t\u0101ja Olga Rajecka prezent\u0113 tr\u012bs svar\u012bgus jaunumus"},"content":{"rendered":"<p>Koncertos piedal\u012bsies grupas \u201cTuraidas roze\u201d, \u201cTautumeitas\u201d, \u201c\u010cipsis un dullais\u201d, dzied\u0101t\u0101ji Emilija, Sergejs J\u0113gers, Juris Kaukulis, U\u0123is Roze, Markus Riva, Talsu baltais koris, Lielv\u0101rdes violetais koris, R\u012bgas dzintara koris un citi m\u0101kslinieki.<\/p>\n<p>Ceturtdienas vakara prezent\u0101ciju apmekl\u0113ja ar\u012b Vecgada koncertu dal\u012bbnieki, Aivars Gudrais, Viktors Zemgals, Aivo Oskis, Olgas meita Marija Migliniece, Nikolajs Puzikovs, diri\u0123ents Tomass Kokamegi, DJ Buba (Olgas Rajeckas znots) un citi viesi, kuri pas\u0101kuma \u201cvaininieci\u201d teju apb\u0113ra ar ziediem un d\u0101van\u0101m, baud\u012bja sar\u016bp\u0113to mielastu, dzied\u0101ja, dejoja un pat\u012bkami pavad\u012bja laiku.<\/p>\n<p>P\u0113c pas\u0101kuma <a href=\"https:\/\/sejas.tvnet.lv\/term\/556612\/olga-rajecka\" class=\"topicLink\" target=\"_blank\" rel=\"nofollow noopener\">Olga Rajecka<\/a> atzina: &#8220;Esmu laim\u012bgs cilv\u0113ks, jo uz maniem trim lielajiem jaunumiem atn\u0101ca visi, kas grib b\u016bt kop\u0101 ar mani un m\u016bziku, kura mums pat\u012bk. Varu b\u016bt gandar\u012bta, jo Latvijas popul\u0101rajai m\u016bzikai ir n\u0101kotne. Bija Em\u012blija, P\u0113rle, \u201cSudden Lights\u201d, Lielv\u0101rdes koris&#8230; Viss notika, k\u0101 biju iecer\u0113jusi, izpl\u0101nojusi, izsap\u0146ojusi. Gaidu manu fanus un atbalst\u012bt\u0101jus koncertos &#8220;Ulbrokas P\u0113rl\u0113&#8221;!&#8221;<\/p>\n<p>Bi\u013cetes uz Olgas Rajeckas Vecgada koncertiem var ieg\u0101d\u0101ties \u201cBi\u013ce\u0161u Parad\u012bzes\u201d t\u012bkl\u0101.<\/p>\n","protected":false},"excerpt":{"rendered":"Koncertos piedal\u012bsies grupas \u201cTuraidas roze\u201d, \u201cTautumeitas\u201d, \u201c\u010cipsis un dullais\u201d, dzied\u0101t\u0101ji Emilija, Sergejs J\u0113gers, Juris Kaukulis, U\u0123is Roze, Markus&hellip;\n","protected":false},"author":2,"featured_media":67270,"comment_status":"","ping_status":"","sticky":false,"template":"","format":"standard","meta":{"footnotes":""},"categories":[19],"tags":[89,90,35,39,38,36,37,34,40,11585,6480],"class_list":{"0":"post-67269","1":"post","2":"type-post","3":"status-publish","4":"format-standard","5":"has-post-thumbnail","7":"category-izklaide","8":"tag-entertainment","9":"tag-izklaide","10":"tag-latvia","11":"tag-latvian","12":"tag-latviesu","13":"tag-latviesu-valoda","14":"tag-latviesuvaloda","15":"tag-latvija","16":"tag-lv","17":"tag-olga-rajecka","18":"tag-ulbrokas-perle"},"share_on_mastodon":{"url":"https:\/\/pubeurope.com\/@lv\/115673436222043596","error":""},"_links":{"self":[{"href":"https:\/\/www.europesays.com\/lv\/wp-json\/wp\/v2\/posts\/67269","targetHints":{"allow":["GET"]}}],"collection":[{"href":"https:\/\/www.europesays.com\/lv\/wp-json\/wp\/v2\/posts"}],"about":[{"href":"https:\/\/www.europesays.com\/lv\/wp-json\/wp\/v2\/types\/post"}],"author":[{"embeddable":true,"href":"https:\/\/www.europesays.com\/lv\/wp-json\/wp\/v2\/users\/2"}],"replies":[{"embeddable":true,"href":"https:\/\/www.europesays.com\/lv\/wp-json\/wp\/v2\/comments?post=67269"}],"version-history":[{"count":0,"href":"https:\/\/www.europesays.com\/lv\/wp-json\/wp\/v2\/posts\/67269\/revisions"}],"wp:featuredmedia":[{"embeddable":true,"href":"https:\/\/www.europesays.com\/lv\/wp-json\/wp\/v2\/media\/67270"}],"wp:attachment":[{"href":"https:\/\/www.europesays.com\/lv\/wp-json\/wp\/v2\/media?parent=67269"}],"wp:term":[{"taxonomy":"category","embeddable":true,"href":"https:\/\/www.europesays.com\/lv\/wp-json\/wp\/v2\/categories?post=67269"},{"taxonomy":"post_tag","embeddable":true,"href":"https:\/\/www.europesays.com\/lv\/wp-json\/wp\/v2\/tags?post=67269"}],"curies":[{"name":"wp","href":"https:\/\/api.w.org\/{rel}","templated":true}]}}