{"id":67283,"date":"2025-12-06T16:31:09","date_gmt":"2025-12-06T16:31:09","guid":{"rendered":"https:\/\/www.europesays.com\/lv\/67283\/"},"modified":"2025-12-06T16:31:09","modified_gmt":"2025-12-06T16:31:09","slug":"vef-riga-libl-spele-parspej-valmieras-basketbolistus","status":"publish","type":"post","link":"https:\/\/www.europesays.com\/lv\/67283\/","title":{"rendered":"&#8220;VEF R\u012bga&#8221; LIBL sp\u0113l\u0113 p\u0101rsp\u0113j Valmieras basketbolistus"},"content":{"rendered":"<p>Vad\u012bb\u0101 viesiem izvirz\u012bties neizdev\u0101s, un &#8220;VEF R\u012bga&#8221; svin\u0113ja uzvaru, ar bilanci 11-2 nostiprinoties tre\u0161aj\u0101 viet\u0101. Valmieras vien\u012bba ar asto\u0146iem pan\u0101kumiem 11 ma\u010dos turn\u012bra tabul\u0101 atrodas vietu zem\u0101k.<\/p>\n<p>R\u012bdzinieki p\u0113c zaud\u0113juma &#8220;R\u012bgas ze\u013c\u013ciem&#8221; (88:97) ir izc\u012bn\u012bju\u0161i se\u0161us pan\u0101kumus p\u0113c k\u0101rtas. Savuk\u0101rt valmierie\u0161i p\u0113c div\u0101m neveiksm\u0113m p\u0113d\u0113j\u0101 aizvad\u012btaj\u0101 ma\u010d\u0101 ar 86:81 p\u0101rsp\u0113ja &#8220;Keila&#8221;.<\/p>\n<p>Plkst. 17 &#8220;R\u012bgas ze\u013c\u013ci&#8221; Komandas sporta sp\u0113\u013cu hall\u0113 uz\u0146em Tallinas &#8220;TalTech&#8221;\/&#8221;Alexela&#8221;, \u0161o c\u012b\u0146u tie\u0161raid\u0113 transl\u0113jot telev\u012bzijas kan\u0101lam TV4.<\/p>\n<p>Plkst. 19 Tallin\u0101 s\u0101ksies &#8220;Ventspils&#8221; un Tallinas &#8220;Kalev&#8221;\/&#8221;Cramo&#8221; ma\u010ds. \u0160o sp\u0113li tie\u0161raid\u0113 p\u0101rraid\u012bs t\u012bmek\u013ca vietne &#8220;Delfi.ee&#8221;.<\/p>\n<p><a href=\"https:\/\/sports.tvnet.lv\/term\/728227\/libl\" class=\"topicLink\" target=\"_blank\" rel=\"nofollow noopener\">LIBL<\/a> Latviju \u0161osezon p\u0101rst\u0101v &#8220;Latvijas Universit\u0101te&#8221;, &#8220;Liep\u0101ja&#8221;, &#8220;Ogre&#8221;, &#8220;R\u012bgas ze\u013c\u013ci&#8221;, &#8220;Valmiera Glass&#8221;\/&#8221;Vidzemes Augstskola&#8221;, &#8220;Ventspils&#8221; un &#8220;VEF R\u012bga&#8221;, bet Igauniju &#8211; Keilas &#8220;Coolbet&#8221;, Tallinas &#8220;Kalev&#8221;\/&#8221;Cramo&#8221;, &#8220;Keila&#8221;, Tallinas &#8220;TalTech&#8221;\/&#8221;Alexela&#8221;, &#8220;Tartu Universit\u0101te&#8221;\/&#8221;Maks &amp; Moorits&#8221;, P\u0113rnavas &#8220;Transcom&#8221; un &#8220;Viimsi&#8221;.<\/p>\n<p>Pamatturn\u012br\u0101 komandas izsp\u0113l\u0113 divus ap\u013cus, asto\u0146\u0101m lab\u0101kaj\u0101m iek\u013c\u016bstot ceturtda\u013cfin\u0101l\u0101 un c\u012bnoties par vietu fin\u0101l\u010detriniek\u0101.<\/p>\n<p>Latvijas un Igaunijas lab\u0101kie v\u012brie\u0161u basketbola klubi apvienot\u0101 \u010dempion\u0101t\u0101 pirmo reizi sp\u0113l\u0113ja 2019. gada sezon\u0101, kad sacens\u012bb\u0101s piedal\u012bj\u0101s 15 komandas. Fin\u0101l\u010detrinieka turn\u012br\u0101 par l\u012bgas pirmajiem uzvar\u0113t\u0101jiem k\u013cuva &#8220;Ventspils&#8221; basketbolisti.<\/p>\n<p>Pag\u0101ju\u0161aj\u0101 sezon\u0101 par \u010dempioni k\u013cuva &#8220;VEF R\u012bga&#8221;.<\/p>\n","protected":false},"excerpt":{"rendered":"Vad\u012bb\u0101 viesiem izvirz\u012bties neizdev\u0101s, un &#8220;VEF R\u012bga&#8221; svin\u0113ja uzvaru, ar bilanci 11-2 nostiprinoties tre\u0161aj\u0101 viet\u0101. Valmieras vien\u012bba ar&hellip;\n","protected":false},"author":2,"featured_media":67284,"comment_status":"","ping_status":"","sticky":false,"template":"","format":"standard","meta":{"footnotes":""},"categories":[17],"tags":[35,39,38,36,37,34,1929,40,67,1618],"class_list":{"0":"post-67283","1":"post","2":"type-post","3":"status-publish","4":"format-standard","5":"has-post-thumbnail","7":"category-sports","8":"tag-latvia","9":"tag-latvian","10":"tag-latviesu","11":"tag-latviesu-valoda","12":"tag-latviesuvaloda","13":"tag-latvija","14":"tag-libl","15":"tag-lv","16":"tag-sports","17":"tag-vef-riga"},"share_on_mastodon":{"url":"https:\/\/pubeurope.com\/@lv\/115673581698185672","error":""},"_links":{"self":[{"href":"https:\/\/www.europesays.com\/lv\/wp-json\/wp\/v2\/posts\/67283","targetHints":{"allow":["GET"]}}],"collection":[{"href":"https:\/\/www.europesays.com\/lv\/wp-json\/wp\/v2\/posts"}],"about":[{"href":"https:\/\/www.europesays.com\/lv\/wp-json\/wp\/v2\/types\/post"}],"author":[{"embeddable":true,"href":"https:\/\/www.europesays.com\/lv\/wp-json\/wp\/v2\/users\/2"}],"replies":[{"embeddable":true,"href":"https:\/\/www.europesays.com\/lv\/wp-json\/wp\/v2\/comments?post=67283"}],"version-history":[{"count":0,"href":"https:\/\/www.europesays.com\/lv\/wp-json\/wp\/v2\/posts\/67283\/revisions"}],"wp:featuredmedia":[{"embeddable":true,"href":"https:\/\/www.europesays.com\/lv\/wp-json\/wp\/v2\/media\/67284"}],"wp:attachment":[{"href":"https:\/\/www.europesays.com\/lv\/wp-json\/wp\/v2\/media?parent=67283"}],"wp:term":[{"taxonomy":"category","embeddable":true,"href":"https:\/\/www.europesays.com\/lv\/wp-json\/wp\/v2\/categories?post=67283"},{"taxonomy":"post_tag","embeddable":true,"href":"https:\/\/www.europesays.com\/lv\/wp-json\/wp\/v2\/tags?post=67283"}],"curies":[{"name":"wp","href":"https:\/\/api.w.org\/{rel}","templated":true}]}}