{"id":67311,"date":"2025-12-06T17:19:07","date_gmt":"2025-12-06T17:19:07","guid":{"rendered":"https:\/\/www.europesays.com\/lv\/67311\/"},"modified":"2025-12-06T17:19:07","modified_gmt":"2025-12-06T17:19:07","slug":"anglijas-futbola-ligas-spele-sopecpusdien-partraukta-loti-tragiska-negadijuma-del","status":"publish","type":"post","link":"https:\/\/www.europesays.com\/lv\/67311\/","title":{"rendered":"Anglijas futbola l\u012bgas sp\u0113le \u0161op\u0113cpusdien p\u0101rtraukta \u013coti tra\u0123iska negad\u012bjuma d\u0113\u013c"},"content":{"rendered":"<p class=\"descr\">\u010c\u0101rltonas &#8220;Athletic&#8221; l\u012bdzjut\u0113js miris un sp\u0113le atcelta p\u0113c medic\u012bnisk\u0101s pal\u012bdz\u012bbas snieg\u0161anas stadion\u0101, pazi\u0146ojis futbola klubs.<\/p>\n<p>Komandas Anglijas futbola l\u012bgas (EFL) \u010dempion\u0101ta sp\u0113le pret Portsmutu &#8220;The Valley&#8221; stadion\u0101 tika p\u0101rtraukta 12. min\u016bt\u0113, kam\u0113r l\u012bdzjut\u0113js s\u0101kotn\u0113ji sa\u0146\u0113ma medic\u012bnisko pal\u012bdz\u012bbu. P\u0113c tam sp\u0113le tika atlikta. Rezult\u0101ts bija 0:0, zi\u0146o news.sky.com.<\/p>\n<p>\u010c\u0101rltonas &#8220;Athletic&#8221; pazi\u0146ojum\u0101 nor\u0101d\u012bja, ka ir &#8220;sagrauta&#8221;, un pateic\u0101s person\u0101lam un gl\u0101b\u0161anas dienestiem, kas incidenta laik\u0101 dar\u012bja visu iesp\u0113jamo.<\/p>\n<p>&#8220;Klubs ir pateic\u012bgs kl\u0101teso\u0161ajiem atbalst\u012bt\u0101jiem, k\u0101 ar\u012b Portsmutas sp\u0113l\u0113t\u0101jiem un person\u0101lam par paciet\u012bbu un sapratni \u0161\u012bs tra\u0123\u0113dijas laik\u0101.<\/p>\n<p>&#8220;Visi kluba darbinieki izsaka visdzi\u013c\u0101ko l\u012bdzj\u016bt\u012bbu atbalst\u012bt\u0101ja \u0123imenei un draugiem \u0161aj\u0101 neticami gr\u016btaj\u0101 laik\u0101.&#8221;<\/p>\n<p>&#8220;Charlton Athletic&#8221; kapteinis Gregs Do\u010dertijs izteica cie\u0146u fanam X kan\u0101l\u0101: &#8220;Absol\u016bti graujo\u0161as zi\u0146as&#8230; no visiem kluba sp\u0113l\u0113t\u0101jiem m\u016bsu domas ir ar vi\u0146a \u0123imeni un draugiem \u0161aj\u0101 \u0101rk\u0101rt\u012bgi gr\u016btaj\u0101 laik\u0101,&#8221; kam sekoja salauztas sirds emocijz\u012bme.<\/p>\n<p>Abi klubi pazi\u0146oja, ka inform\u0101cija par to, kad sp\u0113le tiks p\u0101rcelta, tiks pazi\u0146ota pien\u0101c\u012bg\u0101 laik\u0101.<\/p>\n<p>Ar\u012b Portsmuta sav\u0101 t\u012bmek\u013ca vietn\u0113 izteica cie\u0146u, sakot, ka ar\u012b ir &#8220;sagrauti&#8221;.<\/p>\n<p>&#8220;M\u016bsu domas un visdzi\u013c\u0101k\u0101 l\u012bdzj\u016bt\u012bba ir ar vi\u0146u \u0123imeni un draugiem \u0161aj\u0101 gr\u016btaj\u0101 laik\u0101,&#8221; Portsmuta pazi\u0146oja sav\u0101 t\u012bmek\u013ca vietn\u0113.<\/p>\n<p>EFL X kan\u0101l\u0101 public\u0113ja ierakstu: &#8220;M\u016bsu visdzi\u013c\u0101k\u0101 l\u012bdzj\u016bt\u012bba ir ar atbalst\u012bt\u0101ja \u0123imeni, draugiem un visiem @CAFCofficial \u0161aj\u0101 neticami gr\u016btaj\u0101 laik\u0101,&#8221; kam sekoja m\u012blest\u012bbas sirds emocijz\u012bme.<\/p>\n<p>\t\t\t\t\t\tinfo<\/p>\n<p>Uzzini pirmais<br \/>kas interesants noticis Latvij\u0101 un pasaul\u0113,<br \/>pievienojoties mums <a href=\"https:\/\/t.me\/neatkariga\" rel=\"nofollow\">Telegram<\/a> vai <a href=\"https:\/\/whatsapp.com\/channel\/0029VaMLFUH5K3zLU5s4wm3y\" rel=\"nofollow noopener\" target=\"_blank\">Whatsapp<\/a> kan\u0101l\u0101<\/p>\n","protected":false},"excerpt":{"rendered":"\u010c\u0101rltonas &#8220;Athletic&#8221; l\u012bdzjut\u0113js miris un sp\u0113le atcelta p\u0113c medic\u012bnisk\u0101s pal\u012bdz\u012bbas snieg\u0161anas stadion\u0101, pazi\u0146ojis futbola klubs. Komandas Anglijas futbola&hellip;\n","protected":false},"author":2,"featured_media":67312,"comment_status":"","ping_status":"","sticky":false,"template":"","format":"standard","meta":{"footnotes":""},"categories":[17],"tags":[35,39,38,36,37,34,40,67],"class_list":{"0":"post-67311","1":"post","2":"type-post","3":"status-publish","4":"format-standard","5":"has-post-thumbnail","7":"category-sports","8":"tag-latvia","9":"tag-latvian","10":"tag-latviesu","11":"tag-latviesu-valoda","12":"tag-latviesuvaloda","13":"tag-latvija","14":"tag-lv","15":"tag-sports"},"share_on_mastodon":{"url":"https:\/\/pubeurope.com\/@lv\/115673770437619289","error":""},"_links":{"self":[{"href":"https:\/\/www.europesays.com\/lv\/wp-json\/wp\/v2\/posts\/67311","targetHints":{"allow":["GET"]}}],"collection":[{"href":"https:\/\/www.europesays.com\/lv\/wp-json\/wp\/v2\/posts"}],"about":[{"href":"https:\/\/www.europesays.com\/lv\/wp-json\/wp\/v2\/types\/post"}],"author":[{"embeddable":true,"href":"https:\/\/www.europesays.com\/lv\/wp-json\/wp\/v2\/users\/2"}],"replies":[{"embeddable":true,"href":"https:\/\/www.europesays.com\/lv\/wp-json\/wp\/v2\/comments?post=67311"}],"version-history":[{"count":0,"href":"https:\/\/www.europesays.com\/lv\/wp-json\/wp\/v2\/posts\/67311\/revisions"}],"wp:featuredmedia":[{"embeddable":true,"href":"https:\/\/www.europesays.com\/lv\/wp-json\/wp\/v2\/media\/67312"}],"wp:attachment":[{"href":"https:\/\/www.europesays.com\/lv\/wp-json\/wp\/v2\/media?parent=67311"}],"wp:term":[{"taxonomy":"category","embeddable":true,"href":"https:\/\/www.europesays.com\/lv\/wp-json\/wp\/v2\/categories?post=67311"},{"taxonomy":"post_tag","embeddable":true,"href":"https:\/\/www.europesays.com\/lv\/wp-json\/wp\/v2\/tags?post=67311"}],"curies":[{"name":"wp","href":"https:\/\/api.w.org\/{rel}","templated":true}]}}