{"id":67349,"date":"2025-12-06T19:20:08","date_gmt":"2025-12-06T19:20:08","guid":{"rendered":"https:\/\/www.europesays.com\/lv\/67349\/"},"modified":"2025-12-06T19:20:08","modified_gmt":"2025-12-06T19:20:08","slug":"cina-par-f-1-titulu-kadi-ir-scenariji-sezonas-pedeja-posma","status":"publish","type":"post","link":"https:\/\/www.europesays.com\/lv\/67349\/","title":{"rendered":"C\u012b\u0146a par F-1 titulu &#8211; k\u0101di ir scen\u0101riji sezonas p\u0113d\u0113j\u0101 posm\u0101?"},"content":{"rendered":"<p>                                <img decoding=\"async\" src=\"https:\/\/www.europesays.com\/lv\/wp-content\/uploads\/2025\/12\/noriss-verstapens-piastri-sportazinas-com-1-750x450.jpeg\"   alt=\"Lando Noriss, Makss Verstapens, Oskars Piastri\" class=\"post-featured-image\"\/><\/p>\n<p>Lando Noriss, Makss Verstapens, Oskars Piastri | Foto: F-1<\/p>\n<p>Pirmo reizi kop\u0161 2021. gada, kad Makss Verstapens p\u0101rsp\u0113ja L\u016bisu Hamiltonu, Pirm\u0101s formulas (<a href=\"https:\/\/www.sportazinas.com\/kategorija\/automoto\/f-1\/\" rel=\"nofollow noopener\" target=\"_blank\">F-1<\/a>) \u010dempiontitula liktenis iz\u0161\u0137irsies sezonas p\u0113d\u0113j\u0101 posm\u0101, kas notiks r\u012bt plkst. 15:00 p\u0113c Latvijas laika.<\/p>\n<p>Ar\u012b \u0161oreiz notikumu epicentr\u0101 ir \u201cRed Bull\u201d p\u0101rst\u0101vis Verstapens, kur\u0161 ir sp\u0113jis sast\u0101d\u012bt konkurenci \u201cMcLaren\u201d pilotiem Lando Norisam un Oskaram Piastri. Visi tr\u012bs piloti <a href=\"https:\/\/www.sportazinas.com\/verstapens-svarigakaja-bridi-atkal-parada-klasi-un-kvalifikacija-apsteidz-mclaren-pilotus\/\" rel=\"nofollow noopener\" target=\"_blank\">\u0161odien Ab\u016b Dab\u012b posma kvalifik\u0101cij\u0101 <\/a>ierindoj\u0101s tie\u0161i \u0161\u0101d\u0101 sec\u012bb\u0101, t\u0101d\u0113\u013c lielais jaut\u0101jums ir \u0161\u0101ds \u2013 kas katram brauc\u0113jam \u201cGrand Prix\u201d sac\u012bkst\u0113 j\u0101paveic, lai k\u013c\u016btu par \u010dempionu?<\/p>\n<p>Ja 26 gadus vecais Noriss iepriek\u0161 bija licis man\u012bt, ka ment\u0101l\u0101 notur\u012bba nav vi\u0146a trumpis, tad \u0161\u012bs sezonas otraj\u0101 da\u013c\u0101 brits kriti\u0137us ir apklusin\u0101jis. Ar to gan nav pieticis, lai priek\u0161laic\u012bgi nodro\u0161in\u0101tu titulu \u2013 to liedza paveikt abu \u201cMcLaren\u201d pilotu diskvalifik\u0101cija Lasvegas\u0101 un \u201cMcLaren\u201d strat\u0113\u0123isk\u0101 izg\u0101\u0161an\u0101s iepriek\u0161\u0113j\u0101 posm\u0101 Katar\u0101, kur Noriss pazaud\u0113ja pavisam dro\u0161u otro vietu.<\/p>\n<p>Tiesa, Noriss joproj\u0101m ir kopv\u0113rt\u0113juma l\u012bderis un atrodas vispateic\u012bg\u0101kaj\u0101 poz\u012bcij\u0101, Verstapenu un Piastri apsteidzot par attiec\u012bgi 12 un 16 punktiem.<\/p>\n<p>Lando Noriss k\u013c\u016bs par \u010dempionu, ja:<\/p>\n<tr>\n<td>Pats fini\u0161\u0113s<\/td>\n<td>Verstapens fini\u0161\u0113s<\/td>\n<td>Piastri fini\u0161\u0113s<\/td>\n<\/tr>\n<tr>\n<td>1.<\/td>\n<td>Noriss jebkur\u0101 gad\u012bjum\u0101 k\u013c\u016bs par \u010dempionu<\/td>\n<td>Noriss jebkur\u0101 gad\u012bjum\u0101 k\u013c\u016bs par \u010dempionu<\/td>\n<\/tr>\n<tr>\n<td>2.<\/td>\n<td>Noriss jebkur\u0101 gad\u012bjum\u0101 k\u013c\u016bs par \u010dempionu<\/td>\n<td>Noriss jebkur\u0101 gad\u012bjum\u0101 k\u013c\u016bs par \u010dempionu<\/td>\n<\/tr>\n<tr>\n<td>3.<\/td>\n<td>Noriss jebkur\u0101 gad\u012bjum\u0101 k\u013c\u016bs par \u010dempionu<\/td>\n<td>Noriss jebkur\u0101 gad\u012bjum\u0101 k\u013c\u016bs par \u010dempionu<\/td>\n<\/tr>\n<tr>\n<td>4.<\/td>\n<td>2. vai zem\u0101k<\/td>\n<td>Noriss jebkur\u0101 gad\u012bjum\u0101 k\u013c\u016bs par \u010dempionu<\/td>\n<\/tr>\n<tr>\n<td>5.<\/td>\n<td>2. vai zem\u0101k<\/td>\n<td>Noriss jebkur\u0101 gad\u012bjum\u0101 k\u013c\u016bs par \u010dempionu<\/td>\n<\/tr>\n<tr>\n<td>6.<\/td>\n<td>2. vai zem\u0101k<\/td>\n<td>2. vai zem\u0101k<\/td>\n<\/tr>\n<tr>\n<td>7.<\/td>\n<td>2. vai zem\u0101k<\/td>\n<td>2. vai zem\u0101k<\/td>\n<\/tr>\n<tr>\n<td>8.<\/td>\n<td>3. vai zem\u0101k<\/td>\n<td>2. vai zem\u0101k<\/td>\n<\/tr>\n<tr>\n<td>9.<\/td>\n<td>4. vai zem\u0101k<\/td>\n<td>2. vai zem\u0101k<\/td>\n<\/tr>\n<tr>\n<td>10.<\/td>\n<td>4. vai zem\u0101k<\/td>\n<td>3. vai zem\u0101k<\/td>\n<\/tr>\n<tr>\n<td>11. \u2013 20.<\/td>\n<td>4. vai zem\u0101k<\/td>\n<td>3. vai zem\u0101k<\/td>\n<\/tr>\n<p>Verstapens p\u0113c sezonas 15. posma sav\u0101s m\u0101j\u0101s N\u012bderland\u0113 no t\u0101 br\u012b\u017ea kopv\u0113rt\u0113juma l\u012bdera Piastri atpalika pat par 104 punktiem. Turpin\u0101jum\u0101 p\u0113d\u0113jo \u010detru gadu \u010dempions, demonstr\u0113jot izcilu sniegumu un sa\u0146emot da\u017eas d\u0101vanas no \u201cMcLaren\u201d, ir sp\u0113jis atg\u016bties. Ta\u010du Verstapenu Ab\u016b Dab\u012b nesagaida viegls uzdevums.<\/p>\n<p>Makss Verstapens k\u013c\u016bs par \u010dempionu, ja:<\/p>\n<tr>\n<td>Pats fini\u0161\u0113s<\/td>\n<td>Noriss fini\u0161\u0113s<\/td>\n<td>Piastri fini\u0161\u0113s<\/td>\n<\/tr>\n<tr>\n<td>1.<\/td>\n<td>4. vai zem\u0101k<\/td>\n<td>Verstapens jebkur\u0101 gad\u012bjum\u0101 k\u013c\u016bs par \u010dempionu<\/td>\n<\/tr>\n<tr>\n<td>2.<\/td>\n<td>8. vai zem\u0101k<\/td>\n<td>3. vai zem\u0101k<\/td>\n<\/tr>\n<tr>\n<td>3.<\/td>\n<td>9. vai zem\u0101k<\/td>\n<td>2. vai zem\u0101k<\/td>\n<\/tr>\n<p>Sezonas ievad\u0101 teju nesatricin\u0101m\u0101 un nevainojam\u0101 Piastri lejupsl\u012bde s\u0101k\u0101s p\u0113c posma It\u0101lij\u0101, kur \u201cMcLaren\u201d sav\u0101r\u012bja ziepes un lika austr\u0101lietim palaist gar\u0101m savu komandas biedru Norisu. N\u0101kamaj\u0101 etap\u0101 Azerbaid\u017e\u0101n\u0101 Piastri avar\u0113ja, ar\u012b turpm\u0101kajos piecos posmos nek\u0101pa uz goda pjedest\u0101la, ta\u010du otr\u0101 vieta (kas vienlaikus var\u0113ja b\u016bt dro\u0161a uzvara) pag\u0101ju\u0161aj\u0101 ned\u0113\u013cas nogal\u0113 Katar\u0101 vi\u0146am atgrieza nelielu cer\u012bbas staru.<\/p>\n<p>Oskars Piastri k\u013c\u016bs par \u010dempionu, ja:<\/p>\n<tr>\n<td>Pats fini\u0161\u0113s<\/td>\n<td>Noriss fini\u0161\u0113s<\/td>\n<td>Verstapens fini\u0161\u0113s<\/td>\n<\/tr>\n<tr>\n<td>1.<\/td>\n<td>6. vai zem\u0101k<\/td>\n<td>Piastri jebkur\u0101 gad\u012bjum\u0101 k\u013c\u016bs par \u010dempionu<\/td>\n<\/tr>\n<tr>\n<td>2.<\/td>\n<td>10. vai zem\u0101k<\/td>\n<td>4. vai zem\u0101k<\/td>\n<\/tr>\n","protected":false},"excerpt":{"rendered":"Lando Noriss, Makss Verstapens, Oskars Piastri | Foto: F-1 Pirmo reizi kop\u0161 2021. gada, kad Makss Verstapens p\u0101rsp\u0113ja&hellip;\n","protected":false},"author":2,"featured_media":67350,"comment_status":"","ping_status":"","sticky":false,"template":"","format":"standard","meta":{"footnotes":""},"categories":[17],"tags":[35,39,38,36,37,34,40,67],"class_list":{"0":"post-67349","1":"post","2":"type-post","3":"status-publish","4":"format-standard","5":"has-post-thumbnail","7":"category-sports","8":"tag-latvia","9":"tag-latvian","10":"tag-latviesu","11":"tag-latviesu-valoda","12":"tag-latviesuvaloda","13":"tag-latvija","14":"tag-lv","15":"tag-sports"},"share_on_mastodon":{"url":"https:\/\/pubeurope.com\/@lv\/115674246366356257","error":""},"_links":{"self":[{"href":"https:\/\/www.europesays.com\/lv\/wp-json\/wp\/v2\/posts\/67349","targetHints":{"allow":["GET"]}}],"collection":[{"href":"https:\/\/www.europesays.com\/lv\/wp-json\/wp\/v2\/posts"}],"about":[{"href":"https:\/\/www.europesays.com\/lv\/wp-json\/wp\/v2\/types\/post"}],"author":[{"embeddable":true,"href":"https:\/\/www.europesays.com\/lv\/wp-json\/wp\/v2\/users\/2"}],"replies":[{"embeddable":true,"href":"https:\/\/www.europesays.com\/lv\/wp-json\/wp\/v2\/comments?post=67349"}],"version-history":[{"count":0,"href":"https:\/\/www.europesays.com\/lv\/wp-json\/wp\/v2\/posts\/67349\/revisions"}],"wp:featuredmedia":[{"embeddable":true,"href":"https:\/\/www.europesays.com\/lv\/wp-json\/wp\/v2\/media\/67350"}],"wp:attachment":[{"href":"https:\/\/www.europesays.com\/lv\/wp-json\/wp\/v2\/media?parent=67349"}],"wp:term":[{"taxonomy":"category","embeddable":true,"href":"https:\/\/www.europesays.com\/lv\/wp-json\/wp\/v2\/categories?post=67349"},{"taxonomy":"post_tag","embeddable":true,"href":"https:\/\/www.europesays.com\/lv\/wp-json\/wp\/v2\/tags?post=67349"}],"curies":[{"name":"wp","href":"https:\/\/api.w.org\/{rel}","templated":true}]}}