{"id":67369,"date":"2025-12-06T20:08:08","date_gmt":"2025-12-06T20:08:08","guid":{"rendered":"https:\/\/www.europesays.com\/lv\/67369\/"},"modified":"2025-12-06T20:08:08","modified_gmt":"2025-12-06T20:08:08","slug":"atri-gan-bijusais-nba-speletajs-pamet-lietuvas-klubu","status":"publish","type":"post","link":"https:\/\/www.europesays.com\/lv\/67369\/","title":{"rendered":"\u0100tri gan &#8211; biju\u0161ais NBA sp\u0113l\u0113t\u0101js pamet Lietuvas klubu"},"content":{"rendered":"<p>                                <img decoding=\"async\" src=\"https:\/\/www.europesays.com\/lv\/wp-content\/uploads\/2025\/12\/kems-rediss-sportazinas-com-750x450.jpg\"   alt=\"Kems Redi\u0161s\" class=\"post-featured-image\"\/><\/p>\n<p>Kems Redi\u0161s | Foto: BC \u0160iauliai \/ Gintaro \u0160iupario<\/p>\n<p>Lietuvas basketbola l\u012bgas (LKL) klubs \u201c\u0160iauliai\u201d <a href=\"https:\/\/bcsiauliai.lt\/siauliu-klubas-atsisveikina-su-camu-reddishu\/\" target=\"_blank\" rel=\"noreferrer noopener nofollow\">p\u0101rtraucis sadarb\u012bbu<\/a> ar amerik\u0101\u0146u uzbruc\u0113ju <a href=\"https:\/\/www.sportazinas.com\/atsl%C4%93gv%C4%81rdi\/kems-rediss\/\" rel=\"nofollow noopener\" target=\"_blank\">Kemu Redi\u0161u<\/a>.<\/p>\n<p>Klubs zi\u0146o, ka Redi\u0161s person\u012bgu iemeslu d\u0113\u013c v\u0113l\u0113jies atgriezties ASV. L\u012bgums ticis lauzts p\u0113c abpus\u0113jas vieno\u0161an\u0101s.<\/p>\n<p>26 gadus vecais Redi\u0161s \u201c\u0160iauliai\u201d rind\u0101s pasp\u0113ja aizvad\u012bt devi\u0146as LKL sp\u0113les, kur\u0101s vi\u0146\u0161 izc\u0113l\u0101s ar vid\u0113ji 14,7 punktiem, 3,8 atl\u0113ku\u0161aj\u0101m bumb\u0101m un 1,4 rezultat\u012bv\u0101m piesp\u0113l\u0113m. Savu produkt\u012bv\u0101ko sp\u0113li amerik\u0101nis aizvad\u012bja 15. novembr\u012b pret Vi\u013c\u0146as \u201cRytas\u201d, sakr\u0101jot 28 punktus un devi\u0146as bumbas zem groziem.<\/p>\n<p>Savuk\u0101rt se\u0161\u0101s Lietuvas kausa izc\u012b\u0146as sp\u0113l\u0113s Redi\u0161a kont\u0101 caurm\u0113r\u0101 15,5 punkti, 4,8 atl\u0113ku\u0161\u0101s bumbas, 2,7 p\u0101rtvertas bumbas un 2,8 rezultat\u012bvas piesp\u0113les.<\/p>\n<p>J\u0101atg\u0101dina, ka Redi\u0161s neilgi pirms sezonas s\u0101kuma visai negaid\u012bti p\u0101rc\u0113l\u0101s uz Eiropu un pievienoj\u0101s \u0160au\u013cu komandai. Redi\u0161s iepriek\u0161\u0113jos se\u0161us gadus pavad\u012bja Nacion\u0101laj\u0101 basketbola asoci\u0101cij\u0101 (NBA), p\u0101rst\u0101vot t\u0101das komandas k\u0101 Atlantas \u201cHawks\u201d, \u0145ujorkas \u201cKnicks\u201d, Portlendas \u201cTrail Blazers\u201d un Losand\u017eelosas \u201cLakers\u201d.<\/p>\n<p>Redi\u0161s 2019. gada NBA draft\u0101 tika izv\u0113l\u0113ts ar desmito numuru. Kopum\u0101 vi\u0146\u0161 pasaules sp\u0113c\u012bg\u0101kaj\u0101 l\u012bg\u0101 nosp\u0113l\u0113jis 258 ma\u010dus, kuros atz\u012bm\u0113jies ar 8,5 punktiem, 2,7 atl\u0113ku\u0161aj\u0101m bumb\u0101m un 1,2 rezultat\u012bv\u0101m piesp\u0113l\u0113m.<a href=\"https:\/\/basketnews.com\/plus?utm_source=basketnews_com&amp;utm_medium=bn_plus&amp;utm_id=UA-259273-31&amp;utm_campaign=banners_free_content_for_not_members_bottom_5\" rel=\"nofollow noopener\" target=\"_blank\"><\/p>\n","protected":false},"excerpt":{"rendered":"Kems Redi\u0161s | Foto: BC \u0160iauliai \/ Gintaro \u0160iupario Lietuvas basketbola l\u012bgas (LKL) klubs \u201c\u0160iauliai\u201d p\u0101rtraucis sadarb\u012bbu ar&hellip;\n","protected":false},"author":2,"featured_media":67370,"comment_status":"","ping_status":"","sticky":false,"template":"","format":"standard","meta":{"footnotes":""},"categories":[17],"tags":[35,39,38,36,37,34,40,67],"class_list":{"0":"post-67369","1":"post","2":"type-post","3":"status-publish","4":"format-standard","5":"has-post-thumbnail","7":"category-sports","8":"tag-latvia","9":"tag-latvian","10":"tag-latviesu","11":"tag-latviesu-valoda","12":"tag-latviesuvaloda","13":"tag-latvija","14":"tag-lv","15":"tag-sports"},"share_on_mastodon":{"url":"https:\/\/pubeurope.com\/@lv\/115674435032759809","error":""},"_links":{"self":[{"href":"https:\/\/www.europesays.com\/lv\/wp-json\/wp\/v2\/posts\/67369","targetHints":{"allow":["GET"]}}],"collection":[{"href":"https:\/\/www.europesays.com\/lv\/wp-json\/wp\/v2\/posts"}],"about":[{"href":"https:\/\/www.europesays.com\/lv\/wp-json\/wp\/v2\/types\/post"}],"author":[{"embeddable":true,"href":"https:\/\/www.europesays.com\/lv\/wp-json\/wp\/v2\/users\/2"}],"replies":[{"embeddable":true,"href":"https:\/\/www.europesays.com\/lv\/wp-json\/wp\/v2\/comments?post=67369"}],"version-history":[{"count":0,"href":"https:\/\/www.europesays.com\/lv\/wp-json\/wp\/v2\/posts\/67369\/revisions"}],"wp:featuredmedia":[{"embeddable":true,"href":"https:\/\/www.europesays.com\/lv\/wp-json\/wp\/v2\/media\/67370"}],"wp:attachment":[{"href":"https:\/\/www.europesays.com\/lv\/wp-json\/wp\/v2\/media?parent=67369"}],"wp:term":[{"taxonomy":"category","embeddable":true,"href":"https:\/\/www.europesays.com\/lv\/wp-json\/wp\/v2\/categories?post=67369"},{"taxonomy":"post_tag","embeddable":true,"href":"https:\/\/www.europesays.com\/lv\/wp-json\/wp\/v2\/tags?post=67369"}],"curies":[{"name":"wp","href":"https:\/\/api.w.org\/{rel}","templated":true}]}}