{"id":67384,"date":"2025-12-06T20:28:12","date_gmt":"2025-12-06T20:28:12","guid":{"rendered":"https:\/\/www.europesays.com\/lv\/67384\/"},"modified":"2025-12-06T20:28:12","modified_gmt":"2025-12-06T20:28:12","slug":"muziba-devies-viens-no-20-gadsimta-ietekmigakajiem-arhitektiem-frenks-gerijs-tvnet","status":"publish","type":"post","link":"https:\/\/www.europesays.com\/lv\/67384\/","title":{"rendered":"M\u016b\u017e\u012bb\u0101 devies viens no 20. gadsimta ietekm\u012bg\u0101kajiem arhitektiem &#8211; Frenks G\u0113rijs &#8211; TVNET"},"content":{"rendered":"<ol>\n<li><a href=\"https:\/\/news.google.com\/rss\/articles\/CBMiqAFBVV95cUxPUGFmSTVSQ3FjSTZkY0lOT3d5ZW1Fa3VnZkFfSHFyM1Vzd1dkcHVGd3N1ODlyTnhCWGY1UjMxMkhoQ2dGaTM5SURvWGllTG5pcUc4bVV4MVh3NUdsV0hBY2djLVBhSDZZUXZ6dF9ZZ0ZvTTNrYktWRjBVNXNURVBDQ3ZEZEVVZHN3LVp0dWtGWkxOYTc5S2pNbmt4dFp1Y3BSdzg4MElNaTk?oc=5\" target=\"_blank\" rel=\"nofollow noopener\">M\u016b\u017e\u012bb\u0101 devies viens no 20. gadsimta ietekm\u012bg\u0101kajiem arhitektiem &#8211; Frenks G\u0113rijs<\/a>&nbsp;&nbsp;TVNET<\/li>\n<li><a href=\"https:\/\/news.google.com\/rss\/articles\/CBMi-gFBVV95cUxNaXQycTRLdl9rRm9oNDd2ZFRKcXFWYVYwSU13aFlyZ1dvaXNsZmw5cU51Q0tncnFGb1BVcHJiUWhxT3g3emlPSlFoYVNoWDNXRXJvSE9HaW03UUJGay0tR2xoUmwwdzlCVkJ4WGRmcVNQZ0o0a1dwZXlJTUtoak5TUldCVHAzMWxDTzExN3dTdV95VWxXRWg1UGtQbTdwSkpSQlZvVlBGNkFBRldXYUlRakxhNWw4YnJrUzlGZHpvQjBPY19JNEx0dkltUGVha1g5RkdadU5xN2lwXzM3NUdQa2lqYkFxOFJTTmNUNXM4YTVSYnhXR0JjVHln?oc=5\" target=\"_blank\" rel=\"nofollow noopener\">M\u016b\u017e\u012bb\u0101 devies par vienu no 20. gadsimta izcil\u0101kajiem arhitektiem uzskat\u012btais Frenks G\u0113rijs \/ Raksts<\/a>&nbsp;&nbsp;LSM<\/li>\n<li><a href=\"https:\/\/news.google.com\/rss\/articles\/CBMi2AFBVV95cUxNM2tldVBXX0h3bUt3dkdzMW9kZHFIMEtjY1JpY3pIdHBKM2tMVjVObHRqZDZNb0w4TXd0QjlIQ1RYTzgxY0IwX3YtNlR5TE1VakZ4OTNMTmI5a3R3LVhScGUzUXNmTGJmQjMwelVpWTZpb28zdlJQSFBYTktiVnk4b2VrNVJyZ3RHM25JVXRnLUNvdXpoalJIOXRMTmxhQ2Y5TEU2UE5FOGw4SV8wRVVEMEc0cEhxVTFWRl96NjJXTHpUdzV0eHVRS1ZwdlVuQVVwNXNpdW5vMDE?oc=5\" target=\"_blank\" rel=\"nofollow noopener\">M\u016b\u017e\u012bb\u0101 devies izcilais arhitekts Frenks G\u0113rijs. Kas ir vi\u0146a slaven\u0101kie darbi<\/a>&nbsp;&nbsp;Delfi<\/li>\n<li><a href=\"https:\/\/news.google.com\/rss\/articles\/CBMivgFBVV95cUxNbDYtQjM1Mi1MMXpfSHkzWXdiaHV4LU5aSzh5blhSWTdZWUhBRWlHMVd0RGhySkYyc1kzaFZBdjFGVzJMTEtNdjhWUENoU2g4YjdBa0Q2cy14dHZsQkJkemtMQ28teVNnWTY0OExsSmxNRkY4b2Y2c1k2MTdwZExGZE5hUkZUWU1iTllub2w3Q0FNOVluMUsyQUZURF9Md21teklPVTJLQkNyYUtxNEJnRW15ZEVHSHJBdFkyS21n?oc=5\" target=\"_blank\" rel=\"nofollow noopener\">Miris pasaulslavenais arhitekts Frenks G\u0113rijs \u2013 Gugenheima muzeja un &#8220;Dejojo\u0161\u0101s m\u0101jas&#8221; autors<\/a>&nbsp;&nbsp;1188.lv<\/li>\n<li><a href=\"https:\/\/news.google.com\/rss\/articles\/CBMijwFBVV95cUxPZUNVY01MSV9qOHduRU0ySjFNaVlLQk5jWEh1aWRod241cG9tNXpWSU1MVGRVWm0zLS1DdXBFbjZ4aHU4TS1pWmJ0MEtPblZIWlZxeEZyNlRFQVVFTmFQVjFTUUw3Y0E1V28xVUFrd0o0RVFYX0R0RkZJSV9yWVlpb3AzUzZScWJZd2U5OU9qUQ?oc=5\" target=\"_blank\" rel=\"nofollow noopener\">Arhitekt\u016bras tit\u0101ns Frenks G\u0113rijs miris 96 gadu vecum\u0101<\/a>&nbsp;&nbsp;tv3.lv<\/li>\n<\/ol>\n","protected":false},"excerpt":{"rendered":"M\u016b\u017e\u012bb\u0101 devies viens no 20. gadsimta ietekm\u012bg\u0101kajiem arhitektiem &#8211; Frenks G\u0113rijs&nbsp;&nbsp;TVNET M\u016b\u017e\u012bb\u0101 devies par vienu no 20. gadsimta&hellip;\n","protected":false},"author":2,"featured_media":67385,"comment_status":"","ping_status":"","sticky":false,"template":"","format":"standard","meta":{"footnotes":""},"categories":[14],"tags":[23,453,57,28,29,32,33,22,2162,30,31,35,39,38,36,37,34,40,20,26,27,24,25,54,55,56,21,58],"class_list":{"0":"post-67384","1":"post","2":"type-post","3":"status-publish","4":"format-standard","5":"has-post-thumbnail","7":"category-zinas-no-arvalstim","8":"tag-aktualitates","9":"tag-arhitektura","10":"tag-arvalstim","11":"tag-breaking-news","12":"tag-breakingnews","13":"tag-featured-news","14":"tag-featurednews","15":"tag-headlines","16":"tag-in-memoriam-2025","17":"tag-latest-news","18":"tag-latestnews","19":"tag-latvia","20":"tag-latvian","21":"tag-latviesu","22":"tag-latviesu-valoda","23":"tag-latviesuvaloda","24":"tag-latvija","25":"tag-lv","26":"tag-news","27":"tag-popularakas-zinas","28":"tag-popularakaszinas","29":"tag-top-stories","30":"tag-topstories","31":"tag-world","32":"tag-world-news","33":"tag-worldnews","34":"tag-zinas","35":"tag-zinas-no-arvalstim"},"share_on_mastodon":{"url":"https:\/\/pubeurope.com\/@lv\/115674513643185278","error":""},"_links":{"self":[{"href":"https:\/\/www.europesays.com\/lv\/wp-json\/wp\/v2\/posts\/67384","targetHints":{"allow":["GET"]}}],"collection":[{"href":"https:\/\/www.europesays.com\/lv\/wp-json\/wp\/v2\/posts"}],"about":[{"href":"https:\/\/www.europesays.com\/lv\/wp-json\/wp\/v2\/types\/post"}],"author":[{"embeddable":true,"href":"https:\/\/www.europesays.com\/lv\/wp-json\/wp\/v2\/users\/2"}],"replies":[{"embeddable":true,"href":"https:\/\/www.europesays.com\/lv\/wp-json\/wp\/v2\/comments?post=67384"}],"version-history":[{"count":0,"href":"https:\/\/www.europesays.com\/lv\/wp-json\/wp\/v2\/posts\/67384\/revisions"}],"wp:featuredmedia":[{"embeddable":true,"href":"https:\/\/www.europesays.com\/lv\/wp-json\/wp\/v2\/media\/67385"}],"wp:attachment":[{"href":"https:\/\/www.europesays.com\/lv\/wp-json\/wp\/v2\/media?parent=67384"}],"wp:term":[{"taxonomy":"category","embeddable":true,"href":"https:\/\/www.europesays.com\/lv\/wp-json\/wp\/v2\/categories?post=67384"},{"taxonomy":"post_tag","embeddable":true,"href":"https:\/\/www.europesays.com\/lv\/wp-json\/wp\/v2\/tags?post=67384"}],"curies":[{"name":"wp","href":"https:\/\/api.w.org\/{rel}","templated":true}]}}