{"id":67429,"date":"2025-12-06T21:37:08","date_gmt":"2025-12-06T21:37:08","guid":{"rendered":"https:\/\/www.europesays.com\/lv\/67429\/"},"modified":"2025-12-06T21:37:08","modified_gmt":"2025-12-06T21:37:08","slug":"no-2026-gada-pieaugs-elektribas-rekini-dalai-latvijas-iedzivotaju-ko-paredz-sadales-tikls-lente-lv","status":"publish","type":"post","link":"https:\/\/www.europesays.com\/lv\/67429\/","title":{"rendered":"No 2026. gada pieaugs elektr\u012bbas r\u0113\u0137ini da\u013cai Latvijas iedz\u012bvot\u0101ju: ko paredz \u201cSadales t\u012bkls\u201d?\u00a0\u2014\u00a0Lente.lv"},"content":{"rendered":"<p>Elektr\u012bbas r\u0113\u0137iniem b\u016btisks k\u0101pums no 2026. gada janv\u0101ra da\u013cai Latvijas iedz\u012bvot\u0101ju<\/p>\n<p>Gada mij\u0101, s\u0101kot ar 2026. gada 1. janv\u0101ri, da\u013ca Latvijas m\u0101jsaimniec\u012bbu saskarsies ar gaid\u0101mu elektr\u012bbas r\u0113\u0137inu pieaugumu. Lai gan pa\u0161i elektroener\u0123ijas sadales tarifi paliks nemain\u012bgi, ikm\u0113ne\u0161a maks\u0101jums par jaudas uztur\u0113\u0161anu pieaugs, jo nosl\u0113gsies valsts atbalsta periods, kas tika ieviests, lai mazin\u0101tu straujo tarifu pieaugumu 2023. gad\u0101. \u0160\u012bs izmai\u0146as galvenok\u0101rt skars priv\u0101tpersonas ar visbie\u017e\u0101k izmantotajiem piesl\u0113gumiem.<\/p>\n<p>Kam sagaid\u0101ms maks\u0101jumu pieaugums un cik liel\u0101 m\u0113r\u0101?<\/p>\n<p>Galven\u0101s izmai\u0146as skars m\u0101jsaimniec\u012bbas, kas izmanto vienf\u0101zes piesl\u0113gumu ar jaudu no 16 l\u012bdz 25 amp\u0113riem un ir izv\u0113l\u0113ju\u0161\u0101s \u201cPamata\u201d tarifu pl\u0101nu. \u0160iem klientiem ikm\u0113ne\u0161a maks\u0101jums par jaudas uztur\u0113\u0161anu pieaugs par aptuveni 0,20 l\u012bdz 1,26 eiro m\u0113nes\u012b (bez pievienot\u0101s v\u0113rt\u012bbas nodok\u013ca \u2013 PVN) . Savuk\u0101rt m\u0101jsaimniec\u012bb\u0101m ar tr\u012bsf\u0101\u017eu piesl\u0113gumu maks\u0101jums par jaudas uztur\u0113\u0161anu pieaugs iev\u0113rojam\u0101k \u2013 no 1,92 l\u012bdz 3,50 eiro m\u0113nes\u012b (bez PVN) . \u0160\u012bs prognozes liecina, ka aptuveni ceturtda\u013cai m\u0101jsaimniec\u012bbu pieaugums var\u0113tu sasniegt min\u0113to apm\u0113ru . Kopum\u0101 sagaid\u0101ms, ka r\u0113\u0137inu pieaugums sv\u0101rst\u012bsies no 20 centiem l\u012bdz pat 3,50 eiro m\u0113nes\u012b .<\/p>\n<p>Kurus iedz\u012bvot\u0101jus izmai\u0146as neskars?<\/p>\n<p>Lab\u0101s zi\u0146as ir t\u0101das, ka ne visiem iedz\u012bvot\u0101jiem r\u0113\u0137ini pieaugs. Izmai\u0146as neietekm\u0113s m\u0101jsaimniec\u012bbas ar piesl\u0113guma jaudu 32 amp\u0113ri un jaud\u012bg\u0101ku, jo uz t\u0101m jau iepriek\u0161 nav attiecin\u0101ts valsts atbalsts . T\u0101pat nemain\u012bgas maks\u0101jumu summas saglab\u0101sies juridiskaj\u0101m person\u0101m . Turkl\u0101t, ja klients izmanto \u201cSpeci\u0101lo\u201d tarifu pl\u0101nu, kas paredz\u0113ts \u012bpa\u0161iem gad\u012bjumiem, piem\u0113ram, vasaras m\u0101j\u0101m \u0101rpus sezonas vai nep\u0101rdotiem dz\u012bvok\u013ciem ar \u013coti zemu pat\u0113ri\u0146u, uz vi\u0146u ikm\u0113ne\u0161a maks\u0101jumu neietekm\u0113s nek\u0101das izmai\u0146as . Tom\u0113r \u0161\u012b pl\u0101na izmantot\u0101jiem ir svar\u012bgi r\u016bp\u012bgi sekot l\u012bdzi pat\u0113ri\u0146am, jo pat nelielas sv\u0101rst\u012bbas var strauji palielin\u0101t izmaksas .<\/p>\n<p>Valsts atbalsts un t\u0101 beigas<\/p>\n<p>Iemesls gaid\u0101maj\u0101m izmai\u0146\u0101m ir l\u012bdz 2025. gada beig\u0101m sp\u0113k\u0101 eso\u0161\u0101 valsts atbalsta meh\u0101nisma nosl\u0113g\u0161an\u0101s. \u0160is atbalsts tika ieviests 2023. gad\u0101, lai pal\u012bdz\u0113tu iedz\u012bvot\u0101jiem tikt gal\u0101 ar straujo elektroener\u0123ijas tarifu pieaugumu. Likumdev\u0113ji noteica pieauguma \u201cgriestus\u201d uz diviem gadiem, paredzot, ka tarifs par jaudas uztur\u0113\u0161anu 2024. un 2025. gad\u0101 nedr\u012bkst\u0113ja pieaugt par vair\u0101k k\u0101 2 l\u012bdz 6 eiro sal\u012bdzin\u0101jum\u0101 ar iepriek\u0161\u0113jo gadu . \u0160obr\u012bd valsts kompens\u0113 60% no tarifa k\u0101puma, ta\u010du \u0161\u012b kompens\u0101cija beigsies l\u012bdz ar 2025. gada nogali .<\/p>\n<p>K\u0101 noskaidrot savu situ\u0101ciju?<\/p>\n<p>Lai gan \u201cSadales t\u012bkla\u201d elektroener\u0123ijas sadales tarifi paliek nemain\u012bgi, ir pr\u0101t\u012bgi iepaz\u012bties ar savu individu\u0101lo maks\u0101jumu prognozi. Uz\u0146\u0113mums aicina visus klientus izmantot tarifru kalkulatoru, kas pieejams \u201cSadales t\u012bkls\u201d m\u0101jaslap\u0101 (sadalestikls.lv). Tas \u013caus katram prec\u012bzi noskaidrot, k\u0101das izmai\u0146as vi\u0146a r\u0113\u0137in\u0101 gaid\u0101mas no n\u0101kam\u0101 gada s\u0101kuma .<\/p>\n","protected":false},"excerpt":{"rendered":"Elektr\u012bbas r\u0113\u0137iniem b\u016btisks k\u0101pums no 2026. gada janv\u0101ra da\u013cai Latvijas iedz\u012bvot\u0101ju Gada mij\u0101, s\u0101kot ar 2026. gada 1.&hellip;\n","protected":false},"author":2,"featured_media":67430,"comment_status":"","ping_status":"","sticky":false,"template":"","format":"standard","meta":{"footnotes":""},"categories":[5],"tags":[23,28,29,17275,32,33,22,17277,30,31,35,39,38,36,37,34,40,20,26,27,5238,17276,24,25,5606,21],"class_list":{"0":"post-67429","1":"post","2":"type-post","3":"status-publish","4":"format-standard","5":"has-post-thumbnail","7":"category-aktualitates","8":"tag-aktualitates","9":"tag-breaking-news","10":"tag-breakingnews","11":"tag-elektribas-rekini","12":"tag-featured-news","13":"tag-featurednews","14":"tag-headlines","15":"tag-jaudas-uzturesanas-maksa","16":"tag-latest-news","17":"tag-latestnews","18":"tag-latvia","19":"tag-latvian","20":"tag-latviesu","21":"tag-latviesu-valoda","22":"tag-latviesuvaloda","23":"tag-latvija","24":"tag-lv","25":"tag-news","26":"tag-popularakas-zinas","27":"tag-popularakaszinas","28":"tag-sadales-tikls","29":"tag-tarifu-izmainas","30":"tag-top-stories","31":"tag-topstories","32":"tag-valsts-atbalsts","33":"tag-zinas"},"share_on_mastodon":{"url":"https:\/\/pubeurope.com\/@lv\/115674784926274406","error":""},"_links":{"self":[{"href":"https:\/\/www.europesays.com\/lv\/wp-json\/wp\/v2\/posts\/67429","targetHints":{"allow":["GET"]}}],"collection":[{"href":"https:\/\/www.europesays.com\/lv\/wp-json\/wp\/v2\/posts"}],"about":[{"href":"https:\/\/www.europesays.com\/lv\/wp-json\/wp\/v2\/types\/post"}],"author":[{"embeddable":true,"href":"https:\/\/www.europesays.com\/lv\/wp-json\/wp\/v2\/users\/2"}],"replies":[{"embeddable":true,"href":"https:\/\/www.europesays.com\/lv\/wp-json\/wp\/v2\/comments?post=67429"}],"version-history":[{"count":0,"href":"https:\/\/www.europesays.com\/lv\/wp-json\/wp\/v2\/posts\/67429\/revisions"}],"wp:featuredmedia":[{"embeddable":true,"href":"https:\/\/www.europesays.com\/lv\/wp-json\/wp\/v2\/media\/67430"}],"wp:attachment":[{"href":"https:\/\/www.europesays.com\/lv\/wp-json\/wp\/v2\/media?parent=67429"}],"wp:term":[{"taxonomy":"category","embeddable":true,"href":"https:\/\/www.europesays.com\/lv\/wp-json\/wp\/v2\/categories?post=67429"},{"taxonomy":"post_tag","embeddable":true,"href":"https:\/\/www.europesays.com\/lv\/wp-json\/wp\/v2\/tags?post=67429"}],"curies":[{"name":"wp","href":"https:\/\/api.w.org\/{rel}","templated":true}]}}