{"id":67444,"date":"2025-12-06T22:13:30","date_gmt":"2025-12-06T22:13:30","guid":{"rendered":"https:\/\/www.europesays.com\/lv\/67444\/"},"modified":"2025-12-06T22:13:30","modified_gmt":"2025-12-06T22:13:30","slug":"kuras-11-iedzivotaju-iniciativas-riga-realizes","status":"publish","type":"post","link":"https:\/\/www.europesays.com\/lv\/67444\/","title":{"rendered":"Kuras 11 iedz\u012bvot\u0101ju iniciat\u012bvas R\u012bg\u0101 realiz\u0113s"},"content":{"rendered":"<p>Jau sesto gadu R\u012bga aicin\u0101ja iedz\u012bvot\u0101jus balsot par iedz\u012bvot\u0101ju iesniegtaj\u0101m apkaimju att\u012bst\u012bbas iecer\u0113m L\u012bdzdal\u012bbas bud\u017eeta projektu konkurs\u0101. Balsojum\u0101 piedal\u012bj\u0101s 18 169 iedz\u012bvot\u0101ji un konkursa ietvaros no 32 projektiem atbalst\u012bti 11, port\u0101lu &#8220;Delfi&#8221; inform\u0113ja R\u012bgas dom\u0113.<\/p>\n<p>L\u012bdzdal\u012bbas bud\u017eeta programma ir veids, k\u0101 iedz\u012bvot\u0101ji var iesaist\u012bties pa\u0161vald\u012bbas darb\u012bb\u0101, t\u0101 ir iesp\u0113ja iedz\u012bvot\u0101jiem piedal\u012bties l\u0113mumu pie\u0146em\u0161an\u0101 un \u012bsteno\u0161an\u0101. Apkaimju iedz\u012bvot\u0101ji,\u202fiesniedzot apkaimju att\u012bst\u012bbas ieceres un piedaloties publisk\u0101 balso\u0161an\u0101, programmas ietvaros lemj, k\u0101 tiek izmantota da\u013ca no pils\u0113tas bud\u017eeta. <\/p>\n<p class=\"m-0\">Seko &#8220;Delfi&#8221; ar\u012b  <a target=\"_blank\" href=\"https:\/\/www.instagram.com\/delfi.lv\/\" rel=\"nofollow noopener\">Instagram<\/a>  un <a target=\"_blank\" href=\"https:\/\/www.youtube.com\/channel\/UCw5foWtcJvAbUm64rv7jwUQ\" rel=\"nofollow noopener\">YouTube<\/a>  profil\u0101 \u2013 pievienojies, lai uzzin\u0101tu svar\u012bg\u0101ko un interesant\u0101ko pirmais!<\/p>\n<p>Publik\u0101cijas saturs vai t\u0101s jebk\u0101da apjoma da\u013ca ir aizsarg\u0101ts autorties\u012bbu objekts Autorties\u012bbu likuma izpratn\u0113, un t\u0101 izmanto\u0161ana bez izdev\u0113ja at\u013caujas ir aizliegta. Vair\u0101k lasi  <a target=\"_blank\" href=\"https:\/\/www.delfi.lv\/noteikumi#autortiesibas\" rel=\"nofollow noopener\">\u0161eit<\/a><script async src=\"\/\/www.instagram.com\/embed.js\"><\/script><\/p>\n","protected":false},"excerpt":{"rendered":"Jau sesto gadu R\u012bga aicin\u0101ja iedz\u012bvot\u0101jus balsot par iedz\u012bvot\u0101ju iesniegtaj\u0101m apkaimju att\u012bst\u012bbas iecer\u0113m L\u012bdzdal\u012bbas bud\u017eeta projektu konkurs\u0101. Balsojum\u0101&hellip;\n","protected":false},"author":2,"featured_media":67445,"comment_status":"","ping_status":"","sticky":false,"template":"","format":"standard","meta":{"footnotes":""},"categories":[5],"tags":[23,28,29,17281,17282,17279,32,33,22,17280,17283,30,31,35,39,38,36,37,34,40,627,20,17284,26,27,6733,24,25,5319,21],"class_list":{"0":"post-67444","1":"post","2":"type-post","3":"status-publish","4":"format-standard","5":"has-post-thumbnail","7":"category-aktualitates","8":"tag-aktualitates","9":"tag-breaking-news","10":"tag-breakingnews","11":"tag-ciekurkalns","12":"tag-darzciems","13":"tag-dzirciems","14":"tag-featured-news","15":"tag-featurednews","16":"tag-headlines","17":"tag-ilguciems","18":"tag-jugla","19":"tag-latest-news","20":"tag-latestnews","21":"tag-latvia","22":"tag-latvian","23":"tag-latviesu","24":"tag-latviesu-valoda","25":"tag-latviesuvaloda","26":"tag-latvija","27":"tag-lv","28":"tag-marupe","29":"tag-news","30":"tag-pleskodale","31":"tag-popularakas-zinas","32":"tag-popularakaszinas","33":"tag-sarkandaugava","34":"tag-top-stories","35":"tag-topstories","36":"tag-ziepniekkalns","37":"tag-zinas"},"share_on_mastodon":{"url":"https:\/\/pubeurope.com\/@lv\/115674926519546068","error":""},"_links":{"self":[{"href":"https:\/\/www.europesays.com\/lv\/wp-json\/wp\/v2\/posts\/67444","targetHints":{"allow":["GET"]}}],"collection":[{"href":"https:\/\/www.europesays.com\/lv\/wp-json\/wp\/v2\/posts"}],"about":[{"href":"https:\/\/www.europesays.com\/lv\/wp-json\/wp\/v2\/types\/post"}],"author":[{"embeddable":true,"href":"https:\/\/www.europesays.com\/lv\/wp-json\/wp\/v2\/users\/2"}],"replies":[{"embeddable":true,"href":"https:\/\/www.europesays.com\/lv\/wp-json\/wp\/v2\/comments?post=67444"}],"version-history":[{"count":0,"href":"https:\/\/www.europesays.com\/lv\/wp-json\/wp\/v2\/posts\/67444\/revisions"}],"wp:featuredmedia":[{"embeddable":true,"href":"https:\/\/www.europesays.com\/lv\/wp-json\/wp\/v2\/media\/67445"}],"wp:attachment":[{"href":"https:\/\/www.europesays.com\/lv\/wp-json\/wp\/v2\/media?parent=67444"}],"wp:term":[{"taxonomy":"category","embeddable":true,"href":"https:\/\/www.europesays.com\/lv\/wp-json\/wp\/v2\/categories?post=67444"},{"taxonomy":"post_tag","embeddable":true,"href":"https:\/\/www.europesays.com\/lv\/wp-json\/wp\/v2\/tags?post=67444"}],"curies":[{"name":"wp","href":"https:\/\/api.w.org\/{rel}","templated":true}]}}