{"id":67457,"date":"2025-12-06T22:51:14","date_gmt":"2025-12-06T22:51:14","guid":{"rendered":"https:\/\/www.europesays.com\/lv\/67457\/"},"modified":"2025-12-06T22:51:14","modified_gmt":"2025-12-06T22:51:14","slug":"lozbers-pec-pirmas-ugunslinijas-lideris-bet-otraja-sakraj-kludas-ziemas-sports-sportacentrs-com","status":"publish","type":"post","link":"https:\/\/www.europesays.com\/lv\/67457\/","title":{"rendered":"Lozbers p\u0113c pirm\u0101s ugunsl\u012bnijas l\u012bderis, bet otraj\u0101 sakr\u0101j k\u013c\u016bdas \u2013 Ziemas sports \u2013 Sportacentrs.com"},"content":{"rendered":"<p>Rihards Lozbers pirmaj\u0101 \u0161au\u0161an\u0101 bija prec\u012bzs un p\u0113c ugunsl\u012bnijas ar vienl\u012bdz\u012bgu laiku dal\u012bja pirmo vietu ar \u010dehu Adamu Vaclaviku. Abiem sportistiem piev\u012bla st\u0101vus \u0161au\u0161ana. \u010cehs k\u013c\u016bd\u012bj\u0101s \u010detras reizes, bet Lozbers pie\u013c\u0101va tr\u012bs k\u013c\u016bdas. P\u0113c izsl\u0113potiem 450 liekiem metriem Lozbers fini\u0161u sasniedza ar 19. lab\u0101ko rezult\u0101tu.<\/p>\n<p>Madonas biatlona p\u0101rst\u0101vis Edgars Mise pie\u013c\u0101va divas k\u013c\u016bdas \u0161au\u0161an\u0101 un palika ar 53. vietu, bet al\u016bksnietis Daniels Koda\u013cevs v\u0113l nav konkur\u0113tsp\u0113j\u012bgs uz IBU kausa fona. Vi\u0146\u0161 ar piec\u0101m \u0161au\u0161anas k\u013c\u016bd\u0101m palika 124. viet\u0101.<\/p>\n<p>Par uzvar\u0113t\u0101ju t\u0101 pat k\u0101 sacens\u012bbu pirmaj\u0101 sprint\u0101 pirms da\u017e\u0101m dien\u0101m k\u013cuva Juhanness D\u0101le-\u0160evdals. Tikai vi\u0146\u0161 un ot\u0101s vietas ieguv\u0113js Valntins Lejan\u0113 bija ar a\u0161\u0101ku soli tras\u0113 nek\u0101 Lozbers.<\/p>\n<p>IBU kauss, 10 km sprints v\u012brie\u0161iem, Obertiliaha<\/p>\n<tr>VSportistsValstsK\u013c\u016bdasLaiks<\/tr>\n<tr class=\"even\">\n<td>1.<\/td>\n<td>Juhanness D\u0101le-\u0160evdals<\/td>\n<td>Norv\u0113\u0123ija<\/td>\n<td>1+0 [1]<\/td>\n<td class=\"ralign\">22:59.2<\/td>\n<\/tr>\n<tr class=\"odd\">\n<td>2.<\/td>\n<td>Valentins Lejan\u0113<\/td>\n<td>Francija<\/td>\n<td>0+0 [0]<\/td>\n<td class=\"ralign\">+13.2<\/td>\n<\/tr>\n<tr class=\"even\">\n<td>3.<\/td>\n<td>Oskars Lombardo<\/td>\n<td>Francija<\/td>\n<td>0+0 [0]<\/td>\n<td class=\"ralign\">+22.2<\/td>\n<\/tr>\n<tr class=\"odd\">\n<td\/>\n<td\/>\n<td\/>\n<td\/>\n<td class=\"ralign\"\/><\/tr>\n<tr class=\"even\">\n<td\/>\n<td\/>\n<td\/>\n<td\/>\n<td class=\"ralign\"\/><\/tr>\n<tr class=\"odd\">\n<td>19.<\/td>\n<td>Rihards Lozbers<\/td>\n<td>Latvija<\/td>\n<td>0+3 [3]<\/td>\n<td class=\"ralign\">+1:20.9<\/td>\n<\/tr>\n<tr class=\"even\">\n<td>53.<\/td>\n<td>Edgars Mise<\/td>\n<td>Latvija<\/td>\n<td>0+2 [2]<\/td>\n<td class=\"ralign\">+2:13.4<\/td>\n<\/tr>\n<tr class=\"odd\">\n<td>124.<\/td>\n<td>Daniels Koda\u013cevs<\/td>\n<td>Latvija<\/td>\n<td>3+2 [5]<\/td>\n<td class=\"ralign\">+5:23.6<\/td>\n<\/tr>\n","protected":false},"excerpt":{"rendered":"Rihards Lozbers pirmaj\u0101 \u0161au\u0161an\u0101 bija prec\u012bzs un p\u0113c ugunsl\u012bnijas ar vienl\u012bdz\u012bgu laiku dal\u012bja pirmo vietu ar \u010dehu Adamu&hellip;\n","protected":false},"author":2,"featured_media":67458,"comment_status":"","ping_status":"","sticky":false,"template":"","format":"standard","meta":{"footnotes":""},"categories":[17],"tags":[35,39,38,36,37,34,40,67,620],"class_list":{"0":"post-67457","1":"post","2":"type-post","3":"status-publish","4":"format-standard","5":"has-post-thumbnail","7":"category-sports","8":"tag-latvia","9":"tag-latvian","10":"tag-latviesu","11":"tag-latviesu-valoda","12":"tag-latviesuvaloda","13":"tag-latvija","14":"tag-lv","15":"tag-sports","16":"tag-ziemas-sports"},"share_on_mastodon":{"url":"https:\/\/pubeurope.com\/@lv\/115675075918481203","error":""},"_links":{"self":[{"href":"https:\/\/www.europesays.com\/lv\/wp-json\/wp\/v2\/posts\/67457","targetHints":{"allow":["GET"]}}],"collection":[{"href":"https:\/\/www.europesays.com\/lv\/wp-json\/wp\/v2\/posts"}],"about":[{"href":"https:\/\/www.europesays.com\/lv\/wp-json\/wp\/v2\/types\/post"}],"author":[{"embeddable":true,"href":"https:\/\/www.europesays.com\/lv\/wp-json\/wp\/v2\/users\/2"}],"replies":[{"embeddable":true,"href":"https:\/\/www.europesays.com\/lv\/wp-json\/wp\/v2\/comments?post=67457"}],"version-history":[{"count":0,"href":"https:\/\/www.europesays.com\/lv\/wp-json\/wp\/v2\/posts\/67457\/revisions"}],"wp:featuredmedia":[{"embeddable":true,"href":"https:\/\/www.europesays.com\/lv\/wp-json\/wp\/v2\/media\/67458"}],"wp:attachment":[{"href":"https:\/\/www.europesays.com\/lv\/wp-json\/wp\/v2\/media?parent=67457"}],"wp:term":[{"taxonomy":"category","embeddable":true,"href":"https:\/\/www.europesays.com\/lv\/wp-json\/wp\/v2\/categories?post=67457"},{"taxonomy":"post_tag","embeddable":true,"href":"https:\/\/www.europesays.com\/lv\/wp-json\/wp\/v2\/tags?post=67457"}],"curies":[{"name":"wp","href":"https:\/\/api.w.org\/{rel}","templated":true}]}}