{"id":67509,"date":"2025-12-07T02:00:09","date_gmt":"2025-12-07T02:00:09","guid":{"rendered":"https:\/\/www.europesays.com\/lv\/67509\/"},"modified":"2025-12-07T02:00:09","modified_gmt":"2025-12-07T02:00:09","slug":"zelenskis-pimdien-tiksies-ar-lielbritanijas-francijas-un-vacijas-lideriem-tv3-lv","status":"publish","type":"post","link":"https:\/\/www.europesays.com\/lv\/67509\/","title":{"rendered":"Zelenskis pimdien tiksies ar Lielbrit\u0101nijas, Francijas un V\u0101cijas l\u012bderiem &#8211; tv3.lv"},"content":{"rendered":"<ol>\n<li><a href=\"https:\/\/news.google.com\/rss\/articles\/CBMiqAFBVV95cUxNTWdDdjFGQlM4SDA3RUJWLU9NRVBWdlZsb3ZRSTFjUGtVNEZlbUxiQ0tGZ3dfYTYxblA1QXVRRlZuZWZEM1JQSmRXTlJkQW4xUDloV2R5MG9tdFplQXBwV19UMFJVY3lSd0JDOXVuWWNXTlBIRF94aWp0d083cnJ2b2lyUzB0UVgtOGZRSmNsV0dMNm5KOHpZYmc5TkpFb01wWHBUMnNZaGk?oc=5\" target=\"_blank\" rel=\"nofollow noopener\">Zelenskis pimdien tiksies ar Lielbrit\u0101nijas, Francijas un V\u0101cijas l\u012bderiem<\/a>&nbsp;&nbsp;tv3.lv<\/li>\n<li><a href=\"https:\/\/news.google.com\/rss\/articles\/CBMi7wFBVV95cUxQQ0FocHVKaTlMaXYwREpWX1JndEw2T3RyY0dUTV9CbW03NGxLbFFTOEY5N0RlTmpyMmdrTExhcU02bmg3UGFzM1VvVE9oRVQwZTlKSklpa2gyNXoxZ1JuU0c1OEdfQ0x2RDhTNndMU2ZqVHE1eHhBT0VITnJjZ3RQY0t3Zk55amFqbG91a2wtOUZULUpqUmdaYzdIVmE4M1ZLRjUzMGVmbkhJWHB0QS1DejJ1enZnUHZHZGt1ZjlFWFQ2S29tZXY2RGs4MU9DTU9EblVxQjZPLVNJcXJKMmt3MnViMnkwTXVjcU9nX2txbw?oc=5\" target=\"_blank\" rel=\"nofollow noopener\">\u00abDer Spiegel\u00bb: Makrons telefonsarun\u0101 ar Zelenski un Eiropas l\u012bderiem br\u012bdina \u2013 ASV var\u0113tu \u00abnodot\u00bb Ukrainu<\/a>&nbsp;&nbsp;LSM<\/li>\n<li><a href=\"https:\/\/news.google.com\/rss\/articles\/CBMisAFBVV95cUxNaTdwNy1BTTFzRnQ3cWpINUpZWDkwWEE1MVBQNFNSSzJOVkxkaVZtaWprS2tVTzRTMVRtVEh6MDhWY3ZVYy11NG5pLUVlazVSbTYtcFJ4NDFJbFZLWnJfNmdqQWp0dWh6QmliWDl4UTBDUW5QeERneW1XYU1QS21oR0JDZTVKbUJhTW9HNktZTEZvRnlObGlMRGI1UzZOcGxreVo0Rjg2QlRjNHhrNUpnTw?oc=5\" target=\"_blank\" rel=\"nofollow noopener\">Vai ASV nodos Ukrainu? Ivars Ijabs pau\u017e, ka p\u0113d\u0113j\u0101 laik\u0101 ir aizdom\u012bgi daudz inform\u0101ciju nopl\u016b\u017eu\u2026<\/a>&nbsp;&nbsp;LA.LV<\/li>\n<li><a href=\"https:\/\/news.google.com\/rss\/articles\/CBMimgFBVV95cUxQb2wzS1JFajdGTjRLMHRQRkgyV0RqWjNtUV8tNnRxa1JEZXpkVTJ0Z09vTUhpY2xqYnMtTUdEcjNpQzRTUlY4TGw0aUdCMWd0bmtNb3Y3YUJiZEhNTGo4YUpPcU1MM3llYURaX1BRaXZjMEVDcUVMWTFfS2hWQkh4NG9BOVVzbVltVXh4MmI3czNxNHZieTA1Vldn?oc=5\" target=\"_blank\" rel=\"nofollow noopener\">Makrons Par\u012bz\u0113 sagaida Zelenski: &#8220;Darbs miera lab\u0101 turpin\u0101s&#8221;<\/a>&nbsp;&nbsp;NRA<\/li>\n<li><a href=\"https:\/\/news.google.com\/rss\/articles\/CBMilwFBVV95cUxQOVpaT1RIbEp6My1VRVJrUC1PeTNQbEZtOVBtN0YtY0tBSFBYSll2REVreWdVN2MtLWJ5bmFkX2NEQlNhaHZ0T1piZ05qTTNONlpMWXQ1V09EZ3Q4Sk9GWFlQbjBnZ0I1SVJuOW0tam5JYUFud0szUjhLZm1ucnR1QXBKNVZ4eUotZi1RLVFWMUtOMTFDM1Jn?oc=5\" target=\"_blank\" rel=\"nofollow noopener\">Eiropas l\u012bderi br\u012bdin\u0101ju\u0161i Zelenski par iesp\u0113jamu ASV &#8220;nodev\u012bbu&#8221;<\/a>&nbsp;&nbsp;Apollo.lv<\/li>\n<\/ol>\n","protected":false},"excerpt":{"rendered":"Zelenskis pimdien tiksies ar Lielbrit\u0101nijas, Francijas un V\u0101cijas l\u012bderiem&nbsp;&nbsp;tv3.lv \u00abDer Spiegel\u00bb: Makrons telefonsarun\u0101 ar Zelenski un Eiropas l\u012bderiem&hellip;\n","protected":false},"author":2,"featured_media":67510,"comment_status":"","ping_status":"","sticky":false,"template":"","format":"standard","meta":{"footnotes":""},"categories":[14],"tags":[23,57,28,29,32,33,22,3585,30,31,35,39,38,36,37,34,40,20,26,27,24,25,54,55,56,21,58],"class_list":{"0":"post-67509","1":"post","2":"type-post","3":"status-publish","4":"format-standard","5":"has-post-thumbnail","7":"category-zinas-no-arvalstim","8":"tag-aktualitates","9":"tag-arvalstim","10":"tag-breaking-news","11":"tag-breakingnews","12":"tag-featured-news","13":"tag-featurednews","14":"tag-headlines","15":"tag-kars-ukrainavolodimirs-zelenskis","16":"tag-latest-news","17":"tag-latestnews","18":"tag-latvia","19":"tag-latvian","20":"tag-latviesu","21":"tag-latviesu-valoda","22":"tag-latviesuvaloda","23":"tag-latvija","24":"tag-lv","25":"tag-news","26":"tag-popularakas-zinas","27":"tag-popularakaszinas","28":"tag-top-stories","29":"tag-topstories","30":"tag-world","31":"tag-world-news","32":"tag-worldnews","33":"tag-zinas","34":"tag-zinas-no-arvalstim"},"share_on_mastodon":{"url":"https:\/\/pubeurope.com\/@lv\/115675819064890767","error":""},"_links":{"self":[{"href":"https:\/\/www.europesays.com\/lv\/wp-json\/wp\/v2\/posts\/67509","targetHints":{"allow":["GET"]}}],"collection":[{"href":"https:\/\/www.europesays.com\/lv\/wp-json\/wp\/v2\/posts"}],"about":[{"href":"https:\/\/www.europesays.com\/lv\/wp-json\/wp\/v2\/types\/post"}],"author":[{"embeddable":true,"href":"https:\/\/www.europesays.com\/lv\/wp-json\/wp\/v2\/users\/2"}],"replies":[{"embeddable":true,"href":"https:\/\/www.europesays.com\/lv\/wp-json\/wp\/v2\/comments?post=67509"}],"version-history":[{"count":0,"href":"https:\/\/www.europesays.com\/lv\/wp-json\/wp\/v2\/posts\/67509\/revisions"}],"wp:featuredmedia":[{"embeddable":true,"href":"https:\/\/www.europesays.com\/lv\/wp-json\/wp\/v2\/media\/67510"}],"wp:attachment":[{"href":"https:\/\/www.europesays.com\/lv\/wp-json\/wp\/v2\/media?parent=67509"}],"wp:term":[{"taxonomy":"category","embeddable":true,"href":"https:\/\/www.europesays.com\/lv\/wp-json\/wp\/v2\/categories?post=67509"},{"taxonomy":"post_tag","embeddable":true,"href":"https:\/\/www.europesays.com\/lv\/wp-json\/wp\/v2\/tags?post=67509"}],"curies":[{"name":"wp","href":"https:\/\/api.w.org\/{rel}","templated":true}]}}