{"id":67517,"date":"2025-12-07T02:26:12","date_gmt":"2025-12-07T02:26:12","guid":{"rendered":"https:\/\/www.europesays.com\/lv\/67517\/"},"modified":"2025-12-07T02:26:12","modified_gmt":"2025-12-07T02:26:12","slug":"es-vienkarsi-nejutos-parak-labi","status":"publish","type":"post","link":"https:\/\/www.europesays.com\/lv\/67517\/","title":{"rendered":"Es vienk\u0101r\u0161i nejutos p\u0101r\u0101k labi"},"content":{"rendered":"<p>Kad Porzi\u0146\u0123is slim\u012bbas d\u0113\u013c nesp\u0113l\u0113ja \u0161osezon, daudzi dom\u0101ja, vai basketbolists atkal nav sask\u0101ries ar POTS.<\/p>\n<p>&#8220;Neteiktu, ka tagad tas bija tas pats,&#8221; Porzi\u0146\u0123is p\u0113c sp\u0113les \u017eurn\u0101listam Kevinam \u010coin\u0101rdam noliedza saist\u012bbu ar pavasara saslim\u0161anu. &#8220;Es vienk\u0101r\u0161i nejutos p\u0101r\u0101k labi. Nebiju vesels, bet es neteiktu, ka tas bija tas pats, kas pag\u0101ju\u0161aj\u0101 sezon\u0101. T\u0101p\u0113c tas ir labi.&#8221;<\/p>\n<p>Vi\u0146\u0161 ar\u012b nor\u0101d\u012bja, ka valstsvien\u012bb\u0101 pavad\u012bt\u0101 vasara vi\u0146am pal\u012bdz\u0113ja saprast, ka POTS ir p\u0101rvar\u0113ts.<\/p>\n<blockquote class=\"quote ck-widget\" contenteditable=\"false\">\n<p>&#8220;Dom\u0101ju, ka ar to nesask\u0101ros, pat \u0161ovasar sp\u0113l\u0113jot valstsvien\u012bb\u0101,&#8221; skaidroja Latvijas centra sp\u0113l\u0113t\u0101js. &#8220;Ta\u010du vienk\u0101r\u0161i saslimt ar kaut ko ir nom\u0101co\u0161i. Gribu b\u016bt vesels, un es t\u0101ds ar\u012b b\u016b\u0161u.&#8221;<\/p>\n<\/blockquote>\n<p>Porzi\u0146\u0123is teica, ka nedaudz vair\u0101k nek\u0101 20 min\u016bt\u0113s laukum\u0101 vi\u0146\u0161 jut\u0101s labi.<\/p>\n<p>&#8220;Protams, viss nebija ide\u0101li, ta\u010du v\u0113los b\u016bt laukum\u0101. Mani beidz nost tas, ka neesmu piln\u012bgi vesels, bet tagad j\u016btos uz pareiz\u0101 ce\u013ca,&#8221; piebilda basketbolists.<\/p>\n<p>&#8220;Hawks&#8221; ar 13 uzvar\u0101m 24 sp\u0113l\u0113s ie\u0146em dev\u012bto vietu Austrumu konferenc\u0113 un n\u0101kamo ma\u010du aizvad\u012bs sestdien, izbraukum\u0101 sp\u0113l\u0113jot ar Va\u0161ingtonas &#8220;Wizards&#8221;.<\/p>\n","protected":false},"excerpt":{"rendered":"Kad Porzi\u0146\u0123is slim\u012bbas d\u0113\u013c nesp\u0113l\u0113ja \u0161osezon, daudzi dom\u0101ja, vai basketbolists atkal nav sask\u0101ries ar POTS. &#8220;Neteiktu, ka tagad&hellip;\n","protected":false},"author":2,"featured_media":67518,"comment_status":"","ping_status":"","sticky":false,"template":"","format":"standard","meta":{"footnotes":""},"categories":[5],"tags":[23,5219,28,29,32,33,22,1260,30,31,35,39,38,36,37,34,40,1258,20,26,27,24,25,21],"class_list":{"0":"post-67517","1":"post","2":"type-post","3":"status-publish","4":"format-standard","5":"has-post-thumbnail","7":"category-aktualitates","8":"tag-aktualitates","9":"tag-atlantas-hawks","10":"tag-breaking-news","11":"tag-breakingnews","12":"tag-featured-news","13":"tag-featurednews","14":"tag-headlines","15":"tag-kristaps-porzingis","16":"tag-latest-news","17":"tag-latestnews","18":"tag-latvia","19":"tag-latvian","20":"tag-latviesu","21":"tag-latviesu-valoda","22":"tag-latviesuvaloda","23":"tag-latvija","24":"tag-lv","25":"tag-nba","26":"tag-news","27":"tag-popularakas-zinas","28":"tag-popularakaszinas","29":"tag-top-stories","30":"tag-topstories","31":"tag-zinas"},"share_on_mastodon":{"url":"https:\/\/pubeurope.com\/@lv\/115675921391011518","error":""},"_links":{"self":[{"href":"https:\/\/www.europesays.com\/lv\/wp-json\/wp\/v2\/posts\/67517","targetHints":{"allow":["GET"]}}],"collection":[{"href":"https:\/\/www.europesays.com\/lv\/wp-json\/wp\/v2\/posts"}],"about":[{"href":"https:\/\/www.europesays.com\/lv\/wp-json\/wp\/v2\/types\/post"}],"author":[{"embeddable":true,"href":"https:\/\/www.europesays.com\/lv\/wp-json\/wp\/v2\/users\/2"}],"replies":[{"embeddable":true,"href":"https:\/\/www.europesays.com\/lv\/wp-json\/wp\/v2\/comments?post=67517"}],"version-history":[{"count":0,"href":"https:\/\/www.europesays.com\/lv\/wp-json\/wp\/v2\/posts\/67517\/revisions"}],"wp:featuredmedia":[{"embeddable":true,"href":"https:\/\/www.europesays.com\/lv\/wp-json\/wp\/v2\/media\/67518"}],"wp:attachment":[{"href":"https:\/\/www.europesays.com\/lv\/wp-json\/wp\/v2\/media?parent=67517"}],"wp:term":[{"taxonomy":"category","embeddable":true,"href":"https:\/\/www.europesays.com\/lv\/wp-json\/wp\/v2\/categories?post=67517"},{"taxonomy":"post_tag","embeddable":true,"href":"https:\/\/www.europesays.com\/lv\/wp-json\/wp\/v2\/tags?post=67517"}],"curies":[{"name":"wp","href":"https:\/\/api.w.org\/{rel}","templated":true}]}}