{"id":67521,"date":"2025-12-07T02:30:14","date_gmt":"2025-12-07T02:30:14","guid":{"rendered":"https:\/\/www.europesays.com\/lv\/67521\/"},"modified":"2025-12-07T02:30:14","modified_gmt":"2025-12-07T02:30:14","slug":"eirovizija-atlauj-izraelai-piedalities-cetras-valstis-pazino-par-boikotu-lente-lv","status":"publish","type":"post","link":"https:\/\/www.europesays.com\/lv\/67521\/","title":{"rendered":"Eirov\u012bzija at\u013cauj Izra\u0113lai piedal\u012bties; \u010detras valstis pazi\u0146o par boikotu\u00a0\u2014\u00a0Lente.lv"},"content":{"rendered":"<p>Izra\u0113las dal\u012bba Eirov\u012bzij\u0101: L\u0113mums pie\u0146emts, bet str\u012bdi turpin\u0101s<\/p>\n<p>Eiropas Raidorganiz\u0101ciju apvien\u012bbas (EBU) dal\u012bbvalstu p\u0101rst\u0101vji ir pie\u0146\u0113mu\u0161i iz\u0161\u0137iro\u0161u l\u0113mumu par Izra\u0113las dal\u012bbu n\u0101kam\u0101 gada Eirov\u012bzijas dziesmu konkurs\u0101. P\u0113c saspringtas apsprie\u0161anas \u017den\u0113v\u0101 tika balsots par izmai\u0146\u0101m konkursa noteikumos, nevis tie\u0161i par Izra\u0113las izsl\u0113g\u0161anu. \u0160is balsojums faktiski pav\u0113ris ce\u013cu Izra\u0113las p\u0101rst\u0101vjiem piedal\u012bties 2026. gada konkurs\u0101.<\/p>\n<p>Konkursa noteikumu izmai\u0146as un balsojums<\/p>\n<p>San\u0101ksm\u0113 \u017den\u0113v\u0101 EBU dal\u012bbnieki atbalst\u012bja pag\u0101ju\u0161aj\u0101 m\u0113nes\u012b ieviest\u0101s izmai\u0146as konkursa noteikumos, kas tika izstr\u0101d\u0101tas, lai nov\u0113rstu iepriek\u0161\u0113jo gadu pretrun\u012bgos balsojuma rezult\u0101tus un stiprin\u0101tu konkursa neitralit\u0101ti. \u0160\u012bs izmai\u0146as tika ieviestas p\u0113c tam, kad Izra\u0113las dal\u012bbnieki iepriek\u0161\u0113jos konkursos sa\u0146\u0113ma iev\u0113rojami liel\u0101ku atbalstu no skat\u012bt\u0101ju balsojuma nek\u0101 no profesion\u0101l\u0101s \u017e\u016brijas. Lai gan s\u0101kotn\u0113ji tika pl\u0101nots balsojums par Izra\u0113las dal\u012bbas aizliegumu, EBU valde nol\u0113ma balsot par jaunajiem dro\u0161\u012bbas pas\u0101kumiem, lai nodro\u0161in\u0101tu konkursa objektivit\u0101ti un objektivit\u0101ti. \u0160is l\u0113mums, kur\u0101 vair\u0101kums dal\u012bbnieku nobalsoja par izmai\u0146\u0101m, apliecina skaidru atbalstu reform\u0101m un \u013cauj piedal\u012bties visiem dal\u012bbniekiem.<\/p>\n<p>Reakcijas un boikota draudi<\/p>\n<p>L\u0113mums par Izra\u0113las dal\u012bbas at\u013cau\u0161anu izrais\u012bjis sp\u0113c\u012bgu reakciju vair\u0101k\u0101s valst\u012bs. T\u016bl\u012bt p\u0113c balsojuma Sp\u0101nijas, N\u012bderlandes un \u012arijas raidorganiz\u0101cijas pazi\u0146oja par savu nodomu boikot\u0113t 2026. gada Eirov\u012bziju. \u0160\u012bm valst\u012bm pievienojusies ar\u012b Slov\u0113nija, pau\u017eot iebildumus pret Izra\u0113las darb\u012bb\u0101m Gaz\u0101 un uzsverot, ka dal\u012bba t\u0101d\u0101 konkurs\u0101 b\u016btu pretrun\u0101 ar t\u0101s v\u0113rt\u012bb\u0101m &#8211; mieru, vienl\u012bdz\u012bbu un cie\u0146u. Islande savuk\u0101rt v\u0113l nav pie\u0146\u0113musi gal\u012bgo l\u0113mumu, bet citas valstis, piem\u0113ram, Be\u013c\u0123ija, Somija un Zviedrija, ir pie\u013c\u0101vu\u0161as iesp\u0113ju boikot\u0113t pas\u0101kumu. Tiek zi\u0146ots, ka \u0161is ir viens no liel\u0101kajiem konfliktiem Eirov\u012bzijas v\u0113stur\u0113, un konkursa vienot\u012bba ir sasniegusi zem\u0101ko punktu.<\/p>\n<blockquote><p>\u00abKonkursa vienot\u012bba ir t\u0101 zem\u0101kaj\u0101 punkt\u0101, un ERA dal\u012bbnieku vid\u016b nekad neesot bijusi tik izteikta \u0161\u0137el\u0161an\u0101s.\u00bb<\/p><\/blockquote>\n<p>Da\u017eas valstis, piem\u0113ram, V\u0101cija, ir paudu\u0161as atbalstu Izra\u0113las dal\u012bbai un pat draud\u0113ju\u0161as izst\u0101ties, ja Izra\u0113la tiktu izsl\u0113gta. Izra\u0113las prezidents \u012azaks Hercogs ir paudis gandar\u012bjumu par l\u0113mumu, uzsverot, ka Izra\u0113la ir peln\u012bjusi tikt p\u0101rst\u0101v\u0113ta uz pasaules skatuv\u0113m un ka konkurss turpin\u0101s atbalst\u012bt kult\u016bru, m\u016bziku un tautu draudz\u012bbu. Savuk\u0101rt Izra\u0113las \u0101rlietu ministrs Gideons S\u0101rs boikota draudus nod\u0113v\u0113jis par apkaunojumu boikot\u0113jo\u0161aj\u0101m valst\u012bm.<\/p>\n<p>Eirov\u012bzijas n\u0101kotne un politiskais fons<\/p>\n<p>Eirov\u012bzijas dziesmu konkurss, kas v\u0113sturiski vienm\u0113r ir bijis j\u016bt\u012bgs pret politiskajiem jaut\u0101jumiem, \u0161obr\u012bd piedz\u012bvo vienu no nopietn\u0101kaj\u0101m kr\u012bz\u0113m sav\u0101 past\u0101v\u0113\u0161anas v\u0113stur\u0113. Str\u012bdi par Izra\u0113las dal\u012bbu, kas saist\u012bti ar karu Gaz\u0101 un aps\u016bdz\u012bb\u0101m par balsojuma manipul\u0101cij\u0101m, ir rad\u012bju\u0161i dzi\u013cas \u0161\u0137el\u0161an\u0101s starp dal\u012bbvalst\u012bm. Lai gan konkurss tiecas b\u016bt apolitisks, politiskie konflikti ir neizb\u0113gami iespaidoju\u0161ies t\u0101 noris\u0113. Gadsimtu ilgu\u0161aj\u0101 Eirov\u012bzijas v\u0113stur\u0113 ir biju\u0161i da\u017e\u0101di skand\u0101li, s\u0101kot no politiski motiv\u0113t\u0101m dziesm\u0101m un performanc\u0113m l\u012bdz pat balsojuma manipul\u0101cij\u0101m. Sal\u012bdzin\u0101jumam, Krievija tika izsl\u0113gta no konkursa p\u0113c 2022. gada iebrukuma Ukrain\u0101, savuk\u0101rt Baltkrievija tika izsl\u0113gta iepriek\u0161\u0113j\u0101 gad\u0101. Tom\u0113r, at\u0161\u0137ir\u012bb\u0101 no \u0161iem gad\u012bjumiem, Izra\u0113la turpina savu dal\u012bbu.<\/p>\n<p>Neskatoties uz boikota draudiem, EBU ir pazi\u0146ojusi, ka vair\u0101ku valstu l\u0113mums nepiedal\u012bties neietekm\u0113s konkursa finans\u0113jumu un produc\u0113\u0161anas bud\u017eetu. Pilns dal\u012bbnieku saraksts 70. jubilejas konkursam, kas notiks Austrij\u0101, tiks pazi\u0146ots pirms Ziemassv\u0113tkiem.<\/p>\n<p>Lai gan l\u0113mums par Izra\u0113las dal\u012bbu ir pie\u0146emts, diskusijas un spriedze konkursa dal\u012bbnieku vid\u016b, visticam\u0101k, turpin\u0101sies, liekot aizdom\u0101ties par Eirov\u012bzijas k\u0101 vienojo\u0161a kult\u016bras pas\u0101kuma n\u0101kotni.<\/p>\n","protected":false},"excerpt":{"rendered":"Izra\u0113las dal\u012bba Eirov\u012bzij\u0101: L\u0113mums pie\u0146emts, bet str\u012bdi turpin\u0101s Eiropas Raidorganiz\u0101ciju apvien\u012bbas (EBU) dal\u012bbvalstu p\u0101rst\u0101vji ir pie\u0146\u0113mu\u0161i iz\u0161\u0137iro\u0161u l\u0113mumu&hellip;\n","protected":false},"author":2,"featured_media":67522,"comment_status":"","ping_status":"","sticky":false,"template":"","format":"standard","meta":{"footnotes":""},"categories":[14],"tags":[23,57,28,29,7011,17310,17312,32,33,22,17311,30,31,35,39,38,36,37,34,40,932,20,26,27,24,25,54,55,56,21,58],"class_list":{"0":"post-67521","1":"post","2":"type-post","3":"status-publish","4":"format-standard","5":"has-post-thumbnail","7":"category-zinas-no-arvalstim","8":"tag-aktualitates","9":"tag-arvalstim","10":"tag-breaking-news","11":"tag-breakingnews","12":"tag-ebu","13":"tag-eirovizija-2026","14":"tag-eirovizijas-skandali","15":"tag-featured-news","16":"tag-featurednews","17":"tag-headlines","18":"tag-izraelas-daliba-eirovizija","19":"tag-latest-news","20":"tag-latestnews","21":"tag-latvia","22":"tag-latvian","23":"tag-latviesu","24":"tag-latviesu-valoda","25":"tag-latviesuvaloda","26":"tag-latvija","27":"tag-lv","28":"tag-muzikas-konkurss","29":"tag-news","30":"tag-popularakas-zinas","31":"tag-popularakaszinas","32":"tag-top-stories","33":"tag-topstories","34":"tag-world","35":"tag-world-news","36":"tag-worldnews","37":"tag-zinas","38":"tag-zinas-no-arvalstim"},"share_on_mastodon":{"url":"","error":"Validation failed: Text character limit of 500 exceeded"},"_links":{"self":[{"href":"https:\/\/www.europesays.com\/lv\/wp-json\/wp\/v2\/posts\/67521","targetHints":{"allow":["GET"]}}],"collection":[{"href":"https:\/\/www.europesays.com\/lv\/wp-json\/wp\/v2\/posts"}],"about":[{"href":"https:\/\/www.europesays.com\/lv\/wp-json\/wp\/v2\/types\/post"}],"author":[{"embeddable":true,"href":"https:\/\/www.europesays.com\/lv\/wp-json\/wp\/v2\/users\/2"}],"replies":[{"embeddable":true,"href":"https:\/\/www.europesays.com\/lv\/wp-json\/wp\/v2\/comments?post=67521"}],"version-history":[{"count":0,"href":"https:\/\/www.europesays.com\/lv\/wp-json\/wp\/v2\/posts\/67521\/revisions"}],"wp:featuredmedia":[{"embeddable":true,"href":"https:\/\/www.europesays.com\/lv\/wp-json\/wp\/v2\/media\/67522"}],"wp:attachment":[{"href":"https:\/\/www.europesays.com\/lv\/wp-json\/wp\/v2\/media?parent=67521"}],"wp:term":[{"taxonomy":"category","embeddable":true,"href":"https:\/\/www.europesays.com\/lv\/wp-json\/wp\/v2\/categories?post=67521"},{"taxonomy":"post_tag","embeddable":true,"href":"https:\/\/www.europesays.com\/lv\/wp-json\/wp\/v2\/tags?post=67521"}],"curies":[{"name":"wp","href":"https:\/\/api.w.org\/{rel}","templated":true}]}}