{"id":67523,"date":"2025-12-07T02:31:08","date_gmt":"2025-12-07T02:31:08","guid":{"rendered":"https:\/\/www.europesays.com\/lv\/67523\/"},"modified":"2025-12-07T02:31:08","modified_gmt":"2025-12-07T02:31:08","slug":"glabeji-no-daugavas-izcel-nmpd-medikes-automasinu-pec-sarezgitas-operacijas-lente-lv-2","status":"publish","type":"post","link":"https:\/\/www.europesays.com\/lv\/67523\/","title":{"rendered":"Gl\u0101b\u0113ji no Daugavas izce\u013c NMPD medi\u0137es automa\u0161\u012bnu p\u0113c sare\u017e\u0123\u012btas oper\u0101cijas\u00a0\u2014\u00a0Lente.lv"},"content":{"rendered":"<p>Gl\u0101b\u0113ju Varon\u012bba: Sare\u017e\u0123\u012bta Oper\u0101cija Daugav\u0101 Nosl\u0113gusies Ar Auto Izcel\u0161anu<\/p>\n<p>P\u0113c vair\u0101ku dienu ilga un \u0101rk\u0101rt\u012bgi sare\u017e\u0123\u012bta darba, 1. decembr\u012b Valsts ugunsdz\u0113s\u012bbas un gl\u0101b\u0161anas dienesta (VUGD) gl\u0101b\u0113jiem beidzot izdev\u0101s no Daugavas izcelt automa\u0161\u012bnu, kas up\u0113 bija nogrimusi iepriek\u0161\u0113j\u0101s ned\u0113\u013cas ceturtdienas vakar\u0101. \u0160aj\u0101 tra\u0123iskaj\u0101 negad\u012bjum\u0101 dz\u012bv\u012bbu zaud\u0113jusi Neatliekam\u0101s medic\u012bnisk\u0101s pal\u012bdz\u012bbas dienesta (NMPD) medi\u0137e Ilona Jaukule. Vi\u0146as \u0137ermenis no upes tika izcelts jau piektdienas p\u0113cpusdien\u0101, ta\u010du automa\u0161\u012bnas vraka izcel\u0161ana pras\u012bja vair\u0101ku dienu neatlaid\u012bgu piep\u016bli.<\/p>\n<p>Drosme Un Profesionalit\u0101te Ekstr\u0113mos Apst\u0101k\u013cos<\/p>\n<p>Gl\u0101b\u0161anas oper\u0101cija bija \u012bsts p\u0101rbaud\u012bjums gl\u0101b\u0113ju profesionalit\u0101tei un drosmei. Automa\u0161\u012bna atrad\u0101s aptuveni 9-10 metru dzi\u013cum\u0101, kur valda piln\u012bga tumsa, padarot redzam\u012bbu pat ar jaud\u012bgiem lukturiem \u0101rk\u0101rt\u012bgi ierobe\u017eotu \u2013 vien ap 30 centimetriem. \u0160\u0101dos apst\u0101k\u013cos \u016bdensl\u012bd\u0113jiem bija j\u0101veic r\u016bp\u012bga upes gultnes p\u0101rmekl\u0113\u0161ana gandr\u012bz vai ar tausti, virzoties centimetru pa centimetram. Sp\u0113c\u012bg\u0101 Daugavas straume rad\u012bja papildu izaicin\u0101jumus, past\u0101v\u012bgi p\u0101rvietojot nogrimu\u0161o sp\u0113kratu un apgr\u016btinot tauvu apliek\u0161anu. Straume ar\u012b sadu\u013c\u0137oja \u016bdeni, v\u0113l vair\u0101k samazinot redzam\u012bbu. Darbus apgr\u016btin\u0101ja ar\u012b strauj\u0101 tumsas iest\u0101\u0161an\u0101s un aukstums, kas sa\u012bsin\u0101ja iesp\u0113jamo darba laiku.<\/p>\n<p>P\u0101rbau\u017eu Pilna Oper\u0101cija<\/p>\n<p>Gl\u0101b\u0161anas process pras\u012bja paciet\u012bbu, precizit\u0101ti un neatlaid\u012bbu. Gl\u0101b\u0113jiem bija j\u0101apliek tauvas zem \u016bdens, tad j\u0101pievelk automa\u0161\u012bna tuv\u0101k krastam un tikai tad to var\u0113ja pacelt virs \u016bdens, lai beidzot ar gl\u0101b\u0161anas automobi\u013ca manipulatora pal\u012bdz\u012bbu izceltu krast\u0101. \u0160\u012b milz\u012bg\u0101 piep\u016ble turpin\u0101j\u0101s vair\u0101kas dienas, un darbus apgr\u016btin\u0101ja ar\u012b nelabv\u0113l\u012bgie laikapst\u0101k\u013ci, tostarp sp\u0113c\u012bgais v\u0113j\u0161 un lietus, kas sestdien un sv\u0113tdien ne\u013c\u0101va ats\u0101kt darbus piln\u0101 apjom\u0101.<\/p>\n<p>Kop\u012bbas S\u0101pes Un Atbalsts<\/p>\n<p>\u0160\u012b tra\u0123\u0113dija ir dzi\u013ci satriekusi ne tikai NMPD kolekt\u012bvu, bet ar\u012b sabiedr\u012bbu kopum\u0101. Kol\u0113\u0123i Ilonu Jaukuli raksturo k\u0101 vienu no sirsn\u012bg\u0101kajiem, labest\u012bg\u0101kajiem un g\u0101d\u012bg\u0101kajiem cilv\u0113kiem, vienm\u0113r atceroties vi\u0146as sp\u0113ku, drosmi un augsto profesionalit\u0101ti. Vi\u0146a tiek piemin\u0113ta k\u0101 spilgta gaisma, kas nekad nepazud\u012bs atmi\u0146\u0101s. NMPD pau\u017e visdzi\u013c\u0101ko l\u012bdzj\u016bt\u012bbu Ilonas \u0123imenei \u2013 v\u012bram un diviem b\u0113rniem, kuri nu paliku\u0161i bez mammas m\u012blest\u012bbas. Sabiedr\u012bba akt\u012bvi pau\u017e l\u012bdzj\u016bt\u012bbu un tiek v\u0101kta pal\u012bdz\u012bba vi\u0146as \u0123imenei, lai atvieglotu finansi\u0101lo slogu b\u0113r\u0113m un atbalst\u012btu meitas n\u0101kotn\u0113.<\/p>\n<p>Izmekl\u0113\u0161ana Turpin\u0101s<\/p>\n<p>Valsts policija turpina skaidrot tra\u0123isk\u0101 negad\u012bjuma apst\u0101k\u013cus, un ir ierosin\u0101ts krimin\u0101lprocess. Tiek p\u0101rbaud\u012bta ar\u012b neofici\u0101la inform\u0101cija par to, ka sieviete pirms iebrauk\u0161anas Daugav\u0101 var\u0113tu b\u016bt sazin\u0101jusies ar VUGD un l\u016bgusi vi\u0146u negl\u0101bt. \u0160\u012b gad\u012bjums ir rosin\u0101jis diskusijas par medi\u0137u izdeg\u0161anu un vi\u0146u darba apst\u0101k\u013ciem, uzsverot nepiecie\u0161am\u012bbu p\u0113c atbalsta sist\u0113m\u0101m kr\u012bzes situ\u0101cij\u0101s.<\/p>\n","protected":false},"excerpt":{"rendered":"Gl\u0101b\u0113ju Varon\u012bba: Sare\u017e\u0123\u012bta Oper\u0101cija Daugav\u0101 Nosl\u0113gusies Ar Auto Izcel\u0161anu P\u0113c vair\u0101ku dienu ilga un \u0101rk\u0101rt\u012bgi sare\u017e\u0123\u012bta darba, 1.&hellip;\n","protected":false},"author":2,"featured_media":67524,"comment_status":"","ping_status":"","sticky":false,"template":"","format":"standard","meta":{"footnotes":""},"categories":[12],"tags":[23,17307,28,29,5954,32,33,16446,22,16990,30,31,35,39,38,36,37,34,40,20,17306,26,27,24,25,17308,4908,21],"class_list":{"0":"post-67523","1":"post","2":"type-post","3":"status-publish","4":"format-standard","5":"has-post-thumbnail","7":"category-latvija","8":"tag-aktualitates","9":"tag-automasinas-izcelsana","10":"tag-breaking-news","11":"tag-breakingnews","12":"tag-daugava","13":"tag-featured-news","14":"tag-featurednews","15":"tag-glabsanas-darbi","16":"tag-headlines","17":"tag-ilona-jaukule","18":"tag-latest-news","19":"tag-latestnews","20":"tag-latvia","21":"tag-latvian","22":"tag-latviesu","23":"tag-latviesu-valoda","24":"tag-latviesuvaloda","25":"tag-latvija","26":"tag-lv","27":"tag-news","28":"tag-nmpd-medike","29":"tag-popularakas-zinas","30":"tag-popularakaszinas","31":"tag-top-stories","32":"tag-topstories","33":"tag-tragedija-daugava","34":"tag-vugd","35":"tag-zinas"},"share_on_mastodon":{"url":"https:\/\/pubeurope.com\/@lv\/115675941039026258","error":""},"_links":{"self":[{"href":"https:\/\/www.europesays.com\/lv\/wp-json\/wp\/v2\/posts\/67523","targetHints":{"allow":["GET"]}}],"collection":[{"href":"https:\/\/www.europesays.com\/lv\/wp-json\/wp\/v2\/posts"}],"about":[{"href":"https:\/\/www.europesays.com\/lv\/wp-json\/wp\/v2\/types\/post"}],"author":[{"embeddable":true,"href":"https:\/\/www.europesays.com\/lv\/wp-json\/wp\/v2\/users\/2"}],"replies":[{"embeddable":true,"href":"https:\/\/www.europesays.com\/lv\/wp-json\/wp\/v2\/comments?post=67523"}],"version-history":[{"count":0,"href":"https:\/\/www.europesays.com\/lv\/wp-json\/wp\/v2\/posts\/67523\/revisions"}],"wp:featuredmedia":[{"embeddable":true,"href":"https:\/\/www.europesays.com\/lv\/wp-json\/wp\/v2\/media\/67524"}],"wp:attachment":[{"href":"https:\/\/www.europesays.com\/lv\/wp-json\/wp\/v2\/media?parent=67523"}],"wp:term":[{"taxonomy":"category","embeddable":true,"href":"https:\/\/www.europesays.com\/lv\/wp-json\/wp\/v2\/categories?post=67523"},{"taxonomy":"post_tag","embeddable":true,"href":"https:\/\/www.europesays.com\/lv\/wp-json\/wp\/v2\/tags?post=67523"}],"curies":[{"name":"wp","href":"https:\/\/api.w.org\/{rel}","templated":true}]}}