{"id":67525,"date":"2025-12-07T02:32:13","date_gmt":"2025-12-07T02:32:13","guid":{"rendered":"https:\/\/www.europesays.com\/lv\/67525\/"},"modified":"2025-12-07T02:32:13","modified_gmt":"2025-12-07T02:32:13","slug":"kallasa-mazina-trampa-drosibas-strategijas-kritiku","status":"publish","type":"post","link":"https:\/\/www.europesays.com\/lv\/67525\/","title":{"rendered":"Kallasa mazina Trampa dro\u0161\u012bbas strat\u0113\u0123ijas kritiku"},"content":{"rendered":"<p>\u201cEiropa nenov\u0113rt\u0113 savu sp\u0113ku, piem\u0113ram, attiec\u012bb\u0101 uz Krieviju. Mums j\u0101b\u016bt p\u0101rliecin\u0101t\u0101kiem, tas ir skaidrs,\u201d vi\u0146a sac\u012bja.<\/p>\n<p>Trampa administr\u0101cija sav\u0101 jaunaj\u0101 Nacion\u0101l\u0101s dro\u0161\u012bbas strat\u0113\u0123ij\u0101, ko ceturtdien public\u0113ja Baltais nams, kritiz\u0113ja Eiropas vald\u012bbas.<\/p>\n<p>33 lappu\u0161u dokument\u0101 apgalvots, ka Eiropas valstis saskaras ar \u201cciviliz\u0101cijas izn\u012bcin\u0101\u0161anu\u201d, da\u013c\u0113ji t\u0101p\u0113c, ka t\u0101s pie\u0146em migrantus. T\u0101 aps\u016bdz da\u017eas Eiropas vald\u012bbas par da\u017eu politisko partiju, galvenok\u0101rt gal\u0113ji lab\u0113jo, negod\u012bgu cenz\u016bru. Taj\u0101 ar\u012b tika nor\u0101d\u012bts, ka eiropie\u0161i ir \u0161\u0137\u0113rslis centieniem izbeigt karu Ukrain\u0101.<\/p>\n<p>Administr\u0101cija skaidri nor\u0101da, ka joproj\u0101m uzskata Eiropas valstis par svar\u012bgiem sabiedrotajiem, ta\u010du t\u0101 ar\u012b nor\u0101da, ka cent\u012bsies atbalst\u012bt gal\u0113ji lab\u0113j\u0101s partijas kontinent\u0101. Strat\u0113\u0123ijas dokument\u0101 ar\u012b bija \u013coti maz teikts par Krieviju, kas uzs\u0101ka karu Ukrain\u0101 un ir veikusi draudus pret cit\u0101m Eiropas vald\u012bb\u0101m.<\/p>\n<p>K\u0101 min\u0113ja Kallasa, dokument\u0101 tika run\u0101ts par Eiropas \u201cpa\u0161apzi\u0146as tr\u016bkumu\u201d attiec\u012bb\u0101s ar Krieviju.<\/p>\n<p>Atbildot uz pane\u013ca moderatores, CNN \u017eurn\u0101listes Kristi\u0101nas Amanp\u016bras jaut\u0101jumu par to, vai Amerikas Savienot\u0101s Valstis uzskata Eiropu par \u201cienaidnieku\u201d, Kallasa noraid\u012bja \u0161\u0101du apgalvojumu, uzsverot, ka transatlantisk\u0101s attiec\u012bbas joproj\u0101m ir svar\u012bgas.<\/p>\n<p class=\"ad-desc ad-desc-main\">Saturs turpin\u0101s p\u0113c rekl\u0101mas<\/p>\n<p class=\"ad-desc ad-desc-sec\">Rekl\u0101ma<\/p>\n<p>\u201cASV joproj\u0101m ir m\u016bsu liel\u0101kais sabiedrotais,\u201d sac\u012bja Kallasa: \u201cM\u0113s ne vienm\u0113r esam biju\u0161i vienispr\u0101tis par da\u017e\u0101diem jaut\u0101jumiem. Ta\u010du kop\u0113jais princips joproj\u0101m ir sp\u0113k\u0101: m\u0113s esam liel\u0101kie sabiedrotie, un mums j\u0101turas kop\u0101.\u201d<\/p>\n<p class=\"tv3-fw-500\">Zi\u0146o par k\u013c\u016bdu rakst\u0101<\/p>\n<p class=\"d-md-block d-none\">Iez\u012bm\u0113 k\u013c\u016bdaino tekstu un spied Ctrl+Enter.<\/p>\n<p class=\"d-md-none d-block\">Iez\u012bm\u0113 k\u013c\u016bdaino tekstu un zi\u0146o par to!<\/p>\n","protected":false},"excerpt":{"rendered":"\u201cEiropa nenov\u0113rt\u0113 savu sp\u0113ku, piem\u0113ram, attiec\u012bb\u0101 uz Krieviju. Mums j\u0101b\u016bt p\u0101rliecin\u0101t\u0101kiem, tas ir skaidrs,\u201d vi\u0146a sac\u012bja. Trampa administr\u0101cija&hellip;\n","protected":false},"author":2,"featured_media":67526,"comment_status":"","ping_status":"","sticky":false,"template":"","format":"standard","meta":{"footnotes":""},"categories":[5],"tags":[23,17313,28,29,32,33,22,30,31,35,39,38,36,37,34,40,20,26,27,24,25,21],"class_list":{"0":"post-67525","1":"post","2":"type-post","3":"status-publish","4":"format-standard","5":"has-post-thumbnail","7":"category-aktualitates","8":"tag-aktualitates","9":"tag-asvdonalds-trampskaja-kallasakars-ukraina","10":"tag-breaking-news","11":"tag-breakingnews","12":"tag-featured-news","13":"tag-featurednews","14":"tag-headlines","15":"tag-latest-news","16":"tag-latestnews","17":"tag-latvia","18":"tag-latvian","19":"tag-latviesu","20":"tag-latviesu-valoda","21":"tag-latviesuvaloda","22":"tag-latvija","23":"tag-lv","24":"tag-news","25":"tag-popularakas-zinas","26":"tag-popularakaszinas","27":"tag-top-stories","28":"tag-topstories","29":"tag-zinas"},"share_on_mastodon":{"url":"https:\/\/pubeurope.com\/@lv\/115675945562077970","error":""},"_links":{"self":[{"href":"https:\/\/www.europesays.com\/lv\/wp-json\/wp\/v2\/posts\/67525","targetHints":{"allow":["GET"]}}],"collection":[{"href":"https:\/\/www.europesays.com\/lv\/wp-json\/wp\/v2\/posts"}],"about":[{"href":"https:\/\/www.europesays.com\/lv\/wp-json\/wp\/v2\/types\/post"}],"author":[{"embeddable":true,"href":"https:\/\/www.europesays.com\/lv\/wp-json\/wp\/v2\/users\/2"}],"replies":[{"embeddable":true,"href":"https:\/\/www.europesays.com\/lv\/wp-json\/wp\/v2\/comments?post=67525"}],"version-history":[{"count":0,"href":"https:\/\/www.europesays.com\/lv\/wp-json\/wp\/v2\/posts\/67525\/revisions"}],"wp:featuredmedia":[{"embeddable":true,"href":"https:\/\/www.europesays.com\/lv\/wp-json\/wp\/v2\/media\/67526"}],"wp:attachment":[{"href":"https:\/\/www.europesays.com\/lv\/wp-json\/wp\/v2\/media?parent=67525"}],"wp:term":[{"taxonomy":"category","embeddable":true,"href":"https:\/\/www.europesays.com\/lv\/wp-json\/wp\/v2\/categories?post=67525"},{"taxonomy":"post_tag","embeddable":true,"href":"https:\/\/www.europesays.com\/lv\/wp-json\/wp\/v2\/tags?post=67525"}],"curies":[{"name":"wp","href":"https:\/\/api.w.org\/{rel}","templated":true}]}}