{"id":67529,"date":"2025-12-07T02:38:14","date_gmt":"2025-12-07T02:38:14","guid":{"rendered":"https:\/\/www.europesays.com\/lv\/67529\/"},"modified":"2025-12-07T02:38:14","modified_gmt":"2025-12-07T02:38:14","slug":"ungarija-bloke-es-planu-b-ukrainas-finansesanai","status":"publish","type":"post","link":"https:\/\/www.europesays.com\/lv\/67529\/","title":{"rendered":"Ung\u0101rija blo\u0137\u0113 ES \u00abpl\u0101nu B\u00bb Ukrainas finans\u0113\u0161anai"},"content":{"rendered":"\n<p>Ung\u0101rija ofici\u0101li noraid\u012bjusi iesp\u0113ju emit\u0113t eirooblig\u0101cijas Ukrainas atbalstam. \u0160is l\u0113mums at\u0146em Eiropas Savien\u012bbai potenci\u0101lo \u00abpl\u0101nu B\u00bb gad\u012bjumam, ja neizdosies rast meh\u0101nismu iesald\u0113to Krievijas valsts akt\u012bvu izmanto\u0161anai, lai finans\u0113tu Kijevai paredz\u0113to aizdevumu 165 miljardu eiro apm\u0113r\u0101. Par to 5. decembr\u012b v\u0113sta Politico, atsaucoties uz ES diplom\u0101tiem.<\/p>\n<p>Saska\u0146\u0101 ar izdevuma datiem Budape\u0161tas atteikums no kop\u012bgas oblig\u0101ciju emisijas idejas 90 miljardu eiro apm\u0113r\u0101, ko pl\u0101nots nodro\u0161in\u0101t ar septi\u0146u gadu ES bud\u017eetu, ticis pazi\u0146ots tikai da\u017eas stundas pirms V\u0101cijas kanclera Fr\u012bdriha Merca (Friedrich Merz) un Be\u013c\u0123ijas premjerministra Barta de Vebera vakari\u0146\u0101m Brisel\u0113, kur bija paredz\u0113tas sarunas par aizdevuma modeli.<\/p>\n<blockquote>\n<p>\u00abEs \u013coti nopietni uztveru Be\u013c\u0123ijas premjerministra ba\u017eas un iebildumus,\u00bb \u017eurn\u0101listiem sac\u012bja Mercs. \u00abEs nev\u0113los vi\u0146u pierun\u0101t \u2014 es v\u0113los p\u0101rliecin\u0101t vi\u0146u par m\u016bsu pied\u0101v\u0101t\u0101 risin\u0101juma pareiz\u012bbu.\u00bb \u0160im nol\u016bkam kanclers atc\u0113lis pl\u0101noto viz\u012bti Norv\u0113\u0123ij\u0101.<\/p>\n<\/blockquote>\n<p>Eirooblig\u0101cijas k\u0101 alternat\u012bvs finans\u0113juma avots Kijevai<\/p>\n<p>Divi diplom\u0101tiskie avoti Politico apliecin\u0101ja, ka eirooblig\u0101cijas var\u0113tu kalpot k\u0101 alternat\u012bvs finans\u0113juma avots Ukrainai. Berl\u012bnes priek\u0161likums paredz 25 % garantijas, lai p\u0101rliecin\u0101tu Be\u013c\u0123iju nodot iesald\u0113tos Krievijas l\u012bdzek\u013cus Ukrainas atbalstam, savuk\u0101rt de Vebergs v\u0113las nodro\u0161in\u0101jumus no visas ES \u2014 par pilnu summu vai pat liel\u0101ku, nor\u0101da izdevums.<\/p>\n<ol start=\"3\">\n<li>decembr\u012b Eiropas Komisija (EK) ierosin\u0101ja eirooblig\u0101cijas k\u0101 vienu no akt\u012bviem nodro\u0161in\u0101tiem risin\u0101jumiem, lai garant\u0113tu papildu l\u012bdzek\u013cus Ukrainas bud\u017eeta uztur\u0113\u0161anai l\u012bdz 2026. gada apr\u012blim, kam\u0113r valsts turpina c\u012b\u0146u pret Krievijas agresiju. Tom\u0113r valsts par\u0101da palielin\u0101\u0161anai, izmantojot ES bud\u017eetu Ukrainas atbalstam, ir nepiecie\u0161ams visu 27 dal\u012bbvalstu vienbals\u012bgs l\u0113mums.<\/li>\n<\/ol>\n<p>ASV p\u0101rliecina ES valstis neizmantot Krievijas akt\u012bvus aizdevuma rad\u012b\u0161anai<\/p>\n<p>ASV cen\u0161as p\u0101rliecin\u0101t vair\u0101kas ES dal\u012bbvalstis iebilst pret Eiropas Komisijas pl\u0101nu izmantot da\u013cu iesald\u0113to Krievijas akt\u012bvu repara\u010du aizdevuma veido\u0161anai Ukrainai, zi\u0146oja a\u0123ent\u016bra Bloomberg, atsaucoties uz Eiropas diplom\u0101tiem.<\/p>\n<p>Saska\u0146\u0101 ar avotu teikto ASV amatpersonas nor\u0101d\u012bju\u0161as vair\u0101ku Eiropas valstu p\u0101rst\u0101vjiem, ka \u0161ie akt\u012bvi b\u016btu nepiecie\u0161ami miera l\u012bguma nosl\u0113g\u0161anai starp Maskavu un Kijevu, un tos nevarot izmantot k\u0101 resursu kara turpin\u0101\u0161anai. L\u012bdz\u012bgu argumentu novembra beig\u0101s izkl\u0101st\u012bja ar\u012b Be\u013c\u0123ijas premjerministrs, br\u012bdinot, ka EK pl\u0101ns var\u0113tu apdraud\u0113t n\u0101kotnes miera sarunu iesp\u0113jas.<\/p>\n<p>Pla\u0161sazi\u0146as l\u012bdzek\u013ci v\u0113sta, ka ASV prezidenta Donalda Trampa vad\u012btaj\u0101s neofici\u0101laj\u0101s sarun\u0101s par Ukrainas konfliktu ticis apspriests scen\u0101rijs, kur\u0101 ES iesald\u0113tie Krievijas akt\u012bvi tiktu nodoti Savienotaj\u0101m Valst\u012bm. Pret \u0161o ieceri iebilda V\u0101cijas kanclers Fr\u012bdrihs Mercs, uzsverot, ka \u00abtas ir iek\u0161\u0113ji Eiropas jaut\u0101jums\u00bb un ka \u00abnav nek\u0101das ekonomiskas iesp\u0113jas\u00bb p\u0101rnest \u0161os l\u012bdzek\u013cus uz ASV.<\/p>\n","protected":false},"excerpt":{"rendered":"Ung\u0101rija ofici\u0101li noraid\u012bjusi iesp\u0113ju emit\u0113t eirooblig\u0101cijas Ukrainas atbalstam. \u0160is l\u0113mums at\u0146em Eiropas Savien\u012bbai potenci\u0101lo \u00abpl\u0101nu B\u00bb gad\u012bjumam, ja&hellip;\n","protected":false},"author":2,"featured_media":67530,"comment_status":"","ping_status":"","sticky":false,"template":"","format":"standard","meta":{"footnotes":""},"categories":[5],"tags":[23,28,29,32,33,22,30,31,35,39,38,36,37,34,40,20,26,27,24,25,21],"class_list":{"0":"post-67529","1":"post","2":"type-post","3":"status-publish","4":"format-standard","5":"has-post-thumbnail","7":"category-aktualitates","8":"tag-aktualitates","9":"tag-breaking-news","10":"tag-breakingnews","11":"tag-featured-news","12":"tag-featurednews","13":"tag-headlines","14":"tag-latest-news","15":"tag-latestnews","16":"tag-latvia","17":"tag-latvian","18":"tag-latviesu","19":"tag-latviesu-valoda","20":"tag-latviesuvaloda","21":"tag-latvija","22":"tag-lv","23":"tag-news","24":"tag-popularakas-zinas","25":"tag-popularakaszinas","26":"tag-top-stories","27":"tag-topstories","28":"tag-zinas"},"share_on_mastodon":{"url":"https:\/\/pubeurope.com\/@lv\/115675968963770507","error":""},"_links":{"self":[{"href":"https:\/\/www.europesays.com\/lv\/wp-json\/wp\/v2\/posts\/67529","targetHints":{"allow":["GET"]}}],"collection":[{"href":"https:\/\/www.europesays.com\/lv\/wp-json\/wp\/v2\/posts"}],"about":[{"href":"https:\/\/www.europesays.com\/lv\/wp-json\/wp\/v2\/types\/post"}],"author":[{"embeddable":true,"href":"https:\/\/www.europesays.com\/lv\/wp-json\/wp\/v2\/users\/2"}],"replies":[{"embeddable":true,"href":"https:\/\/www.europesays.com\/lv\/wp-json\/wp\/v2\/comments?post=67529"}],"version-history":[{"count":0,"href":"https:\/\/www.europesays.com\/lv\/wp-json\/wp\/v2\/posts\/67529\/revisions"}],"wp:featuredmedia":[{"embeddable":true,"href":"https:\/\/www.europesays.com\/lv\/wp-json\/wp\/v2\/media\/67530"}],"wp:attachment":[{"href":"https:\/\/www.europesays.com\/lv\/wp-json\/wp\/v2\/media?parent=67529"}],"wp:term":[{"taxonomy":"category","embeddable":true,"href":"https:\/\/www.europesays.com\/lv\/wp-json\/wp\/v2\/categories?post=67529"},{"taxonomy":"post_tag","embeddable":true,"href":"https:\/\/www.europesays.com\/lv\/wp-json\/wp\/v2\/tags?post=67529"}],"curies":[{"name":"wp","href":"https:\/\/api.w.org\/{rel}","templated":true}]}}