{"id":67535,"date":"2025-12-07T03:04:10","date_gmt":"2025-12-07T03:04:10","guid":{"rendered":"https:\/\/www.europesays.com\/lv\/67535\/"},"modified":"2025-12-07T03:04:10","modified_gmt":"2025-12-07T03:04:10","slug":"basketbolistu-attieksme-bazas-par-nhl-zvaigznem-milana-un-mazura-iespaidigais-ligums-aizejosa-nedela-sporta","status":"publish","type":"post","link":"https:\/\/www.europesays.com\/lv\/67535\/","title":{"rendered":"Basketbolistu attieksme, ba\u017eas par NHL zvaigzn\u0113m Mil\u0101n\u0101 un Mazura iespaid\u012bgais l\u012bgums. Aizejo\u0161\u0101 ned\u0113\u013ca sport\u0101"},"content":{"rendered":"<p>Latvijas m\u0113rog\u0101 ska\u013c\u0101ko rezonansi noteikti varam pie\u0161\u0137irt m\u016bsu v\u012brie\u0161u basketbola izlases ies\u0101ktajam Pasaules kausa kvalifik\u0101cijas ciklam. \u0160aj\u0101 turn\u012bra f\u0101z\u0113 katrs zaud\u0113jums var izr\u0101d\u012bties likten\u012bgs, dom\u0101jot par t\u0101l\u0101ko ce\u013cu Kataras virzien\u0101. P\u0113c pamat\u012bga fiasko Daira Bert\u0101na atvadu sp\u0113l\u0113 pret N\u012bderlandi, viesos n\u0101ca, \u0161\u0137iet, v\u0113l l\u012bmeni pietic\u012bg\u0101ks oponents \u2013 Austrija, kas gan ar\u012b sag\u0101d\u0101ja ne mazums rai\u017eu Sito Alonso padotajiem. Otraj\u0101 puslaik\u0101 trenera pras\u012bbas, \u0161\u0137iet, beidzot tika kaut cik saprastas un sniegums uzreiz uzlaboj\u0101s. Sl\u012bcin\u0101t nevienu nevajag, bet viela p\u0101rdom\u0101m radusies. Ar milzu skand\u0101lu nosl\u0113gus z\u0101les futbola sp\u0113le starp Ropa\u017eu un \u0136engaraga komand\u0101m \u2013 j\u0101dom\u0101, par to run\u0101s v\u0113l ilgi. Ziemas sport\u0101 sekm\u012bgi sevi par\u0101d\u012bjis Andrejs Rastorgujevs, pamaz\u0101m ieskrienas Patr\u012bcija Eiduka un Baiba Bendika un Estere Volfa, J\u0113kaba Kalendas pilot\u0113tais \u010detrinieks ar\u012b br\u012b\u017eiem sl\u012bd \u013coti labi, kam\u0113r kamani\u0146u brauc\u0113ji turpina r\u0101d\u012bt gatav\u012bbu c\u012b\u0146ai par godalg\u0101m. Pasaules m\u0113rog\u0101 virmo draudz runu par agresorvalsts pielai\u0161anu atsevi\u0161\u0137os sporta veidos, bet F-1 pasaules \u010dempiona noskaidro\u0161ana atlikta uz p\u0113d\u0113jo posmu.<\/p>\n","protected":false},"excerpt":{"rendered":"Latvijas m\u0113rog\u0101 ska\u013c\u0101ko rezonansi noteikti varam pie\u0161\u0137irt m\u016bsu v\u012brie\u0161u basketbola izlases ies\u0101ktajam Pasaules kausa kvalifik\u0101cijas ciklam. \u0160aj\u0101 turn\u012bra&hellip;\n","protected":false},"author":2,"featured_media":67536,"comment_status":"","ping_status":"","sticky":false,"template":"","format":"standard","meta":{"footnotes":""},"categories":[17],"tags":[35,39,38,36,37,34,40,67],"class_list":{"0":"post-67535","1":"post","2":"type-post","3":"status-publish","4":"format-standard","5":"has-post-thumbnail","7":"category-sports","8":"tag-latvia","9":"tag-latvian","10":"tag-latviesu","11":"tag-latviesu-valoda","12":"tag-latviesuvaloda","13":"tag-latvija","14":"tag-lv","15":"tag-sports"},"share_on_mastodon":{"url":"https:\/\/pubeurope.com\/@lv\/115676070723698428","error":""},"_links":{"self":[{"href":"https:\/\/www.europesays.com\/lv\/wp-json\/wp\/v2\/posts\/67535","targetHints":{"allow":["GET"]}}],"collection":[{"href":"https:\/\/www.europesays.com\/lv\/wp-json\/wp\/v2\/posts"}],"about":[{"href":"https:\/\/www.europesays.com\/lv\/wp-json\/wp\/v2\/types\/post"}],"author":[{"embeddable":true,"href":"https:\/\/www.europesays.com\/lv\/wp-json\/wp\/v2\/users\/2"}],"replies":[{"embeddable":true,"href":"https:\/\/www.europesays.com\/lv\/wp-json\/wp\/v2\/comments?post=67535"}],"version-history":[{"count":0,"href":"https:\/\/www.europesays.com\/lv\/wp-json\/wp\/v2\/posts\/67535\/revisions"}],"wp:featuredmedia":[{"embeddable":true,"href":"https:\/\/www.europesays.com\/lv\/wp-json\/wp\/v2\/media\/67536"}],"wp:attachment":[{"href":"https:\/\/www.europesays.com\/lv\/wp-json\/wp\/v2\/media?parent=67535"}],"wp:term":[{"taxonomy":"category","embeddable":true,"href":"https:\/\/www.europesays.com\/lv\/wp-json\/wp\/v2\/categories?post=67535"},{"taxonomy":"post_tag","embeddable":true,"href":"https:\/\/www.europesays.com\/lv\/wp-json\/wp\/v2\/tags?post=67535"}],"curies":[{"name":"wp","href":"https:\/\/api.w.org\/{rel}","templated":true}]}}