{"id":67539,"date":"2025-12-07T03:16:15","date_gmt":"2025-12-07T03:16:15","guid":{"rendered":"https:\/\/www.europesays.com\/lv\/67539\/"},"modified":"2025-12-07T03:16:15","modified_gmt":"2025-12-07T03:16:15","slug":"sesks-netiek-pie-vietas-bet-pieredzejusi-brauceji-aizpilda-tuksumu-lente-lv","status":"publish","type":"post","link":"https:\/\/www.europesays.com\/lv\/67539\/","title":{"rendered":"Sesks netiek pie vietas, bet pieredz\u0113ju\u0161i brauc\u0113ji aizpilda tuk\u0161umu\u00a0\u2014\u00a0Lente.lv"},"content":{"rendered":"<p>Hyundai komandas negaid\u012btais l\u0113mums par brauc\u0113ju sast\u0101vu<\/p>\n<p>Gada beig\u0101s, kad WRC (Pasaules rallija \u010dempion\u0101ta) entuziasti jau gatavojas n\u0101kamajai aizraujo\u0161ajai sezonai, Dienvidkorejas autora\u017eot\u0101js Hyundai ir izkrat\u012bjis gaisotni ar savu jaun\u0101ko l\u0113mumu attiec\u012bb\u0101 uz pilotu sast\u0101vu. T\u0101 viet\u0101, lai dotu iesp\u0113ju talant\u012bgajam latvie\u0161u brauc\u0113jam M\u0101rti\u0146am Sesks, komanda ir piev\u0113rsusies pieredz\u0113ju\u0161\u0101ku v\u012bru piesaistei, radot nelielu, bet j\u016btamu p\u0101rsteigumu rallija sabiedr\u012bb\u0101.<\/p>\n<p>Sesks paliek aiz \u201cHyundai\u201d durv\u012bm<\/p>\n<p>Daudzi cer\u0113ja, ka M\u0101rti\u0146\u0161 Sesks, kur\u0161 ir demonstr\u0113jis iespaid\u012bgu sniegumu un potenci\u0101lu, sp\u0113s izc\u012bn\u012bt vietu Hyundai r\u016bpn\u012bcas komand\u0101. Vi\u0146a sasniegumi iepriek\u0161\u0113j\u0101s sezon\u0101s un nep\u0101rprotamais talants liecin\u0101ja par iesp\u0113jam\u012bbu ieraudz\u012bt vi\u0146u WRC elites l\u012bmen\u012b tie\u0161i ar Hyundai sp\u0113kratiem. Tom\u0113r realit\u0101te izr\u0101d\u012bj\u0101s cit\u0101d\u0101ka \u2013 Sesks \u0161oreiz paliek mal\u0101 no Hyundai projekta n\u0101kamajai sezonai, radot vil\u0161anos daudziem Latvijas autosporta l\u012bdzjut\u0113jiem.<\/p>\n<p>Pieredze pirms jaun\u012bbas? Paddon, Lappi un Sordo k\u0101 Tanak br\u012bv\u0101s vietas aizpild\u012bt\u0101ji<\/p>\n<p>Hyundai komandas strat\u0113\u0123ija n\u0101kamajai sezonai \u0161\u0137iet balst\u012bta uz pieredzi un stabilit\u0101ti. Lai aizpild\u012btu vietu, kas atbr\u012bvojusies p\u0113c Ott T\u00e4nak aizie\u0161anas, komanda ir izv\u0113l\u0113jusies tr\u012bs \u013coti atz\u012bstamus rallijkrosa brauc\u0113jus: Heiden Paddon, Esapekka Lappi un Dani Sordo. \u0160ie brauc\u0113ji, katrs ar savu unik\u0101lo pieredzi un pan\u0101kumiem, dal\u012bs tre\u0161\u0101 brauc\u0113ja lomu. Tas noz\u012bm\u0113, ka vi\u0146i start\u0113s ne visos posmos, bet gan piedal\u012bsies izv\u0113l\u0113tos rallijos, lai nodro\u0161in\u0101tu komandai punktus un v\u0113rt\u012bgu pieredzi.<\/p>\n<p>Heiden Paddon, jaunz\u0113landietis, kur\u0161 jau ir bijis Hyundai r\u016bpn\u012bcas pilots un pat ieguvis uzvaras, atgrie\u017eas komand\u0101, sniedzot neatsveramu pieredzi un visticam\u0101k, emocion\u0101lu piepild\u012bjumu faniem. Esapekka Lappi, somu brauc\u0113js, paz\u012bstams ar savu \u0101tru brauk\u0161anas stilu un sp\u0113ju piel\u0101goties da\u017e\u0101diem ce\u013ca apst\u0101k\u013ciem, atkal pievienosies Hyundai, lai demonstr\u0113tu savu meistar\u012bbu. Dani Sordo, sp\u0101\u0146u veter\u0101ns, kur\u0161 ilgsto\u0161i ir bijis Hyundai \u0123imenes da\u013ca, turpin\u0101s savu ce\u013cu ar komandu, sniedzot stabilu sniegumu un tehnisko atzi\u0146u bag\u0101\u017eu.<\/p>\n<p>\u0160\u0101ds l\u0113mums var\u0113tu \u0161\u0137ist negaid\u012bts, \u012bpa\u0161i \u0146emot v\u0113r\u0101 M\u0101rti\u0146a Sesks potenci\u0101lu, ta\u010du tas skaidri par\u0101da Hyundai v\u0113lmi balst\u012bties uz zin\u0101miem un p\u0101rbaud\u012btiem resursiem, lai sasniegtu savus sezonas m\u0113r\u0137us. K\u0101 sac\u012bts, \u201cvecais zirgs ar vec\u0101m riep\u0101m\u201d v\u0113l joproj\u0101m sp\u0113j dot savu artavu, un \u0161aj\u0101 gad\u012bjum\u0101 Hyundai ir izv\u0113l\u0113jies tie\u0161i \u0161o pieeju. Vai \u0161\u012b strat\u0113\u0123ija attaisnosies un \u013caus Hyundai atg\u016bt WRC titulu, r\u0101d\u012bs vien n\u0101kam\u0101 sezona.<\/p>\n<p>Ko tas noz\u012bm\u0113 rallija pasaul\u0113?<\/p>\n<p>\u0160\u012bs izmai\u0146as Hyundai sast\u0101v\u0101 var\u0113tu rosin\u0101t ar\u012b citu komandu strat\u0113\u0123iskos pl\u0101nojumus. WRC pasaul\u0113 viss ir cie\u0161i saist\u012bts, un viena komandas l\u0113mums bie\u017ei vien ietekm\u0113 ar\u012b citu darb\u012bbas. Vai Sesks atrad\u012bs citu iesp\u0113ju WRC? Vai vi\u0146a talants tiks nov\u0113rt\u0113ts cit\u0101s komand\u0101s? \u0160ie ir jaut\u0101jumi, uz kuriem atbildes sniegs tuv\u0101k\u0101 n\u0101kotne.<\/p>\n<p>Lai gan M\u0101rti\u0146a Sesks fani var\u0113tu justies v\u012blu\u0161ies, vi\u0146am joproj\u0101m ir laiks un iesp\u0113jas pier\u0101d\u012bt sevi. \u0160is nav ce\u013ca gals, bet gan iesp\u0113jams, jauns s\u0101kums cit\u0101 virzien\u0101, kur vi\u0146\u0161 var\u0113s pilnveidot savas prasmes un k\u0101du dienu, iesp\u0113jams, atgriezties WRC vado\u0161aj\u0101s komand\u0101s ar v\u0113l liel\u0101ku sparu un pieredzi.<\/p>\n","protected":false},"excerpt":{"rendered":"Hyundai komandas negaid\u012btais l\u0113mums par brauc\u0113ju sast\u0101vu Gada beig\u0101s, kad WRC (Pasaules rallija \u010dempion\u0101ta) entuziasti jau gatavojas n\u0101kamajai&hellip;\n","protected":false},"author":2,"featured_media":67540,"comment_status":"","ping_status":"","sticky":false,"template":"","format":"standard","meta":{"footnotes":""},"categories":[17],"tags":[17316,17315,17314,13723,35,39,38,36,37,34,40,282,8522,67],"class_list":{"0":"post-67539","1":"post","2":"type-post","3":"status-publish","4":"format-standard","5":"has-post-thumbnail","7":"category-sports","8":"tag-dani-sordo","9":"tag-esapekka-lappi","10":"tag-heiden-paddon","11":"tag-hyundai-wrc","12":"tag-latvia","13":"tag-latvian","14":"tag-latviesu","15":"tag-latviesu-valoda","16":"tag-latviesuvaloda","17":"tag-latvija","18":"tag-lv","19":"tag-martins-sesks","20":"tag-pasaules-rallija-cempionats","21":"tag-sports"},"share_on_mastodon":{"url":"https:\/\/pubeurope.com\/@lv\/115676117956184354","error":""},"_links":{"self":[{"href":"https:\/\/www.europesays.com\/lv\/wp-json\/wp\/v2\/posts\/67539","targetHints":{"allow":["GET"]}}],"collection":[{"href":"https:\/\/www.europesays.com\/lv\/wp-json\/wp\/v2\/posts"}],"about":[{"href":"https:\/\/www.europesays.com\/lv\/wp-json\/wp\/v2\/types\/post"}],"author":[{"embeddable":true,"href":"https:\/\/www.europesays.com\/lv\/wp-json\/wp\/v2\/users\/2"}],"replies":[{"embeddable":true,"href":"https:\/\/www.europesays.com\/lv\/wp-json\/wp\/v2\/comments?post=67539"}],"version-history":[{"count":0,"href":"https:\/\/www.europesays.com\/lv\/wp-json\/wp\/v2\/posts\/67539\/revisions"}],"wp:featuredmedia":[{"embeddable":true,"href":"https:\/\/www.europesays.com\/lv\/wp-json\/wp\/v2\/media\/67540"}],"wp:attachment":[{"href":"https:\/\/www.europesays.com\/lv\/wp-json\/wp\/v2\/media?parent=67539"}],"wp:term":[{"taxonomy":"category","embeddable":true,"href":"https:\/\/www.europesays.com\/lv\/wp-json\/wp\/v2\/categories?post=67539"},{"taxonomy":"post_tag","embeddable":true,"href":"https:\/\/www.europesays.com\/lv\/wp-json\/wp\/v2\/tags?post=67539"}],"curies":[{"name":"wp","href":"https:\/\/api.w.org\/{rel}","templated":true}]}}