{"id":67543,"date":"2025-12-07T03:22:12","date_gmt":"2025-12-07T03:22:12","guid":{"rendered":"https:\/\/www.europesays.com\/lv\/67543\/"},"modified":"2025-12-07T03:22:12","modified_gmt":"2025-12-07T03:22:12","slug":"sito-alonso-skaidro-latvijas-aizsardzibas-triumfu-pret-austriju-atslega-ir-taktiska-disciplina-lente-lv-2","status":"publish","type":"post","link":"https:\/\/www.europesays.com\/lv\/67543\/","title":{"rendered":"Sito Alonso skaidro Latvijas aizsardz\u012bbas triumfu pret Austriju: Atsl\u0113ga ir taktisk\u0101 discipl\u012bna\u00a0\u2014\u00a0Lente.lv"},"content":{"rendered":"<p>Alonso Aizst\u0101v\u012bbas Strat\u0113\u0123ija: Atsl\u0113ga Latvijas Basketbola Uzvarai p\u0101r Austriju<\/p>\n<p>Latvijas v\u012brie\u0161u basketbola izlases galvenais treneris Sito Alonso p\u0113c spo\u017e\u0101s uzvaras 2027. gada Pasaules kausa kvalifik\u0101cijas sp\u0113l\u0113 pret Austriju uzsv\u0113ra, ka pan\u0101kuma galvenais st\u016brakmens bija izcila aizsardz\u012bba otraj\u0101 puslaik\u0101. Lai gan pirm\u0101 puslaika rezult\u0101ts neliecin\u0101ja par p\u0101rliecino\u0161u p\u0101rsvaru, sp\u0113les otraj\u0101 da\u013c\u0101 Latvijas komanda demonstr\u0113ja izcilu kolekt\u012bvo darbu un taktisko discipl\u012bnu aizsardz\u012bb\u0101, kas \u013c\u0101va ne tikai nosarg\u0101t, bet ar\u012b palielin\u0101t savu p\u0101rsvaru.<\/p>\n<p>Trenera Alonso Anal\u012bze: No Saspringuma L\u012bdz Aizsardz\u012bbas Pilnveido\u0161anai<\/p>\n<p>Sito Alonso, kur\u0161 bie\u017ei vien tiek raksturots k\u0101 emocion\u0101ls un kaisl\u012bgs treneris, p\u0113c sp\u0113les nesl\u0113pa savas saj\u016btas. Vi\u0146\u0161 atzina, ka pirm\u0101 puslaika sniegums neattaisnoja vi\u0146a augst\u0101s pras\u012bbas, ta\u010du otr\u0101 puslaika transform\u0101cija bija iespaid\u012bga. Treneris detaliz\u0113ti skaidroja, ka galven\u0101s izmai\u0146as sk\u0101ra tie\u0161i aizsardz\u012bbas sh\u0113mas un individu\u0101lo sp\u0113l\u0113t\u0101ju pien\u0101kumus. Alonso uzsv\u0113ra, ka katrs sp\u0113l\u0113t\u0101js stingri iev\u0113roja taktiskos nor\u0101d\u012bjumus, radot pretiniekam nep\u0101rvaramu aizsardz\u012bbas sienu.<\/p>\n<p>Aizsardz\u012bbas Atsl\u0113gas: K\u0101 Uzlabot Sp\u0113li Aizmugur\u0113<\/p>\n<p>Alonso skaidrojum\u0101, aizsardz\u012bbas uzlabo\u0161ana nebija vienk\u0101r\u0161i motiv\u0101cijas jaut\u0101jums, bet gan r\u016bp\u012bga taktisko elementu anal\u012bze un korekcijas. Vi\u0146\u0161 nor\u0101d\u012bja uz nepiecie\u0161am\u012bbu cie\u0161\u0101k segt met\u0113jus, efekt\u012bv\u0101k komunic\u0113t aizsardz\u012bb\u0101 un operat\u012bv\u0101k rea\u0123\u0113t uz pretinieku kust\u012bb\u0101m. K\u0101 piem\u0113ru var min\u0113t to, ka, l\u012bdz\u012bgi k\u0101 lab\u0101kais \u0161ahists sp\u0113j paredz\u0113t vair\u0101kus g\u0101jienus uz priek\u0161u, m\u016bsu aizsardz\u012bba sp\u0113ja paredz\u0113t Austrijas uzbrukuma sh\u0113mas un likt pretiniekiem k\u013c\u016bd\u012bties. \u0160\u012b sp\u0113ja atsl\u0113gt pretinieka sp\u0113li un ne\u013caut vi\u0146iem izpausties s\u0101kuma poz\u012bcij\u0101s bija \u012bpa\u0161i svar\u012bga.<\/p>\n<p>Emocion\u0101lais Fons un Taktisk\u0101 Discipl\u012bna<\/p>\n<p>Lai gan Alonso emocion\u0101lais stils ir labi zin\u0101ms, \u0161oreiz vi\u0146\u0161 \u012bpa\u0161i uzsv\u0113ra taktisk\u0101s discipl\u012bnas noz\u012bmi. &#8220;M\u0113s \u0161odien redz\u0113j\u0101m ne tikai c\u012b\u0146as sparu, bet ar\u012b inteli\u0123entu aizsardz\u012bbu,&#8221; sac\u012bja Alonso. Vi\u0146\u0161 sal\u012bdzin\u0101ja aizsardz\u012bbu ar labi noregul\u0113tu meh\u0101nismu, kur katrs zobrati\u0146\u0161 kustas saska\u0146oti un prec\u012bzi. \u0160\u0101da pieeja \u013c\u0101va ne tikai aptur\u0113t pretinieka uzbrukumus, bet ar\u012b rad\u012bt iesp\u0113jas \u0101triem pretuzbrukumiem, kas bie\u017ei vien noveda pie viegliem punktiem.<\/p>\n<p>N\u0101kotnes Perspekt\u012bvas: Ce\u013c\u0161 Uz Pasaules Kauss<\/p>\n<p>\u0160\u012b uzvara ir svar\u012bgs solis ce\u013c\u0101 uz 2027. gada Pasaules kausu. Treneris Alonso ir p\u0101rliecin\u0101ts, ka komandas progresu aizsardz\u012bb\u0101 var saglab\u0101t un att\u012bst\u012bt ar\u012b turpm\u0101k. &#8220;Mums ir j\u0101turpina str\u0101d\u0101t pie \u0161iem elementiem, lai m\u0113s var\u0113tu stabili sp\u0113l\u0113t augst\u0101kaj\u0101 l\u012bmen\u012b pret jebkuru pretinieku,&#8221; piebilda Alonso. Vi\u0146a v\u012bzija ir rad\u012bt komandu, kas sp\u0113j demonstr\u0113t ne tikai uzbr\u016bko\u0161u, bet ar\u012b necaurlaid\u012bgu aizsardz\u012bbu, kas ir rakstur\u012bga sp\u0113c\u012bg\u0101kaj\u0101m basketbola valstsvien\u012bb\u0101m pasaul\u0113.<\/p>\n","protected":false},"excerpt":{"rendered":"Alonso Aizst\u0101v\u012bbas Strat\u0113\u0123ija: Atsl\u0113ga Latvijas Basketbola Uzvarai p\u0101r Austriju Latvijas v\u012brie\u0161u basketbola izlases galvenais treneris Sito Alonso p\u0113c&hellip;\n","protected":false},"author":2,"featured_media":67544,"comment_status":"","ping_status":"","sticky":false,"template":"","format":"standard","meta":{"footnotes":""},"categories":[17],"tags":[17243,35,39,38,36,37,34,225,40,5171,4631,67,17244],"class_list":{"0":"post-67543","1":"post","2":"type-post","3":"status-publish","4":"format-standard","5":"has-post-thumbnail","7":"category-sports","8":"tag-basketbola-aizsardziba","9":"tag-latvia","10":"tag-latvian","11":"tag-latviesu","12":"tag-latviesu-valoda","13":"tag-latviesuvaloda","14":"tag-latvija","15":"tag-latvijas-basketbola-izlase","16":"tag-lv","17":"tag-pasaules-kausa-kvalifikacija","18":"tag-sito-alonso","19":"tag-sports","20":"tag-taktiska-disciplina"},"share_on_mastodon":{"url":"https:\/\/pubeurope.com\/@lv\/115676141549505951","error":""},"_links":{"self":[{"href":"https:\/\/www.europesays.com\/lv\/wp-json\/wp\/v2\/posts\/67543","targetHints":{"allow":["GET"]}}],"collection":[{"href":"https:\/\/www.europesays.com\/lv\/wp-json\/wp\/v2\/posts"}],"about":[{"href":"https:\/\/www.europesays.com\/lv\/wp-json\/wp\/v2\/types\/post"}],"author":[{"embeddable":true,"href":"https:\/\/www.europesays.com\/lv\/wp-json\/wp\/v2\/users\/2"}],"replies":[{"embeddable":true,"href":"https:\/\/www.europesays.com\/lv\/wp-json\/wp\/v2\/comments?post=67543"}],"version-history":[{"count":0,"href":"https:\/\/www.europesays.com\/lv\/wp-json\/wp\/v2\/posts\/67543\/revisions"}],"wp:featuredmedia":[{"embeddable":true,"href":"https:\/\/www.europesays.com\/lv\/wp-json\/wp\/v2\/media\/67544"}],"wp:attachment":[{"href":"https:\/\/www.europesays.com\/lv\/wp-json\/wp\/v2\/media?parent=67543"}],"wp:term":[{"taxonomy":"category","embeddable":true,"href":"https:\/\/www.europesays.com\/lv\/wp-json\/wp\/v2\/categories?post=67543"},{"taxonomy":"post_tag","embeddable":true,"href":"https:\/\/www.europesays.com\/lv\/wp-json\/wp\/v2\/tags?post=67543"}],"curies":[{"name":"wp","href":"https:\/\/api.w.org\/{rel}","templated":true}]}}