{"id":67553,"date":"2025-12-07T03:40:15","date_gmt":"2025-12-07T03:40:15","guid":{"rendered":"https:\/\/www.europesays.com\/lv\/67553\/"},"modified":"2025-12-07T03:40:15","modified_gmt":"2025-12-07T03:40:15","slug":"pasaules-kausa-izloze-2026-gadam-kas-notiks-sodien-vasingtona-fifa-pasniegs-amerikas-savienoto-valstu-prezidentam-donaldam-trampam-miera-balvu","status":"publish","type":"post","link":"https:\/\/www.europesays.com\/lv\/67553\/","title":{"rendered":"Pasaules kausa izloz\u0113 2026. gadam, kas notiks \u0161odien Va\u0161ington\u0101, FIFA pasniegs Amerikas Savienoto Valstu prezidentam Donaldam Trampam Miera balvu"},"content":{"rendered":"<p>Amerikas Savienoto Valstu prezidents Donalds Tramps piedal\u012bsies 2026. gada Pasaules kausa izloz\u0113 Va\u0161ington\u0101, kur vi\u0146\u0161 uzk\u0101ps uz skatuves un sa\u0146ems no Starptautisk\u0101s futbola feder\u0101cijas (FIFA) Miera balvu.<\/p>\n<p>Par to zi\u0146oja av\u012bze Politico.<\/p>\n<p>Saska\u0146\u0101 ar t\u0101s inform\u0101ciju divas stundas ilgs pas\u0101kums s\u0101ksies ar Andrea Bo\u010delli uzst\u0101\u0161anos, viena no Trampa iecien\u012bt\u0101kajiem operas dzied\u0101t\u0101jiem, p\u0113c tam v\u0101rdu \u0146ems FIFA prezidents D\u017eanni Infantino, kur\u0161 iepaz\u012bstin\u0101s Trampu k\u0101 Miera balvas laure\u0101tu \u0161\u012b pas\u0101kuma gait\u0101. Sagaid\u0101ms, ka Tramps pie\u0146ems balvu un uzst\u0101sies ar runu no skatuves.<\/p>\n<p>Ofici\u0101l\u0101 izlozes ceremonija, kuras laik\u0101 tiks izveidotas 12 grupas pa \u010detriem komandu dal\u012bbniekiem 2026. gada Pasaules kausa izc\u012b\u0146ai futbol\u0101, nosl\u0113gsies ar grupas Village People uzst\u0101\u0161anos ar hitu YMCA, kas tiek uzskat\u012bts par amerik\u0101\u0146u l\u012bdera viz\u012btkarti. \u0160\u012b dziesma nosl\u0113dz republik\u0101\u0146u m\u012bti\u0146us, un vi\u0146\u0161 bie\u017ei vien ar\u012b dejo, ritmiski kustoties ar rok\u0101m, saspiest\u0101m d\u016br\u0113s. P\u0113c Trampa uzvaras v\u0113l\u0113\u0161an\u0101s 2024. gada novembr\u012b \u0161os kust\u012bbas s\u0101ka atdarin\u0101t amerik\u0101\u0146u un eiropas sportisti, t\u0101d\u0113j\u0101di atz\u012bm\u0113jot ieg\u016btos punktus vai vinn\u0113t\u0101s puses, zi\u0146o TASS.<\/p>\n<ol start=\"2026\">\n<li>gada Pasaules kaus\u0101 pirmo reizi piedal\u012bsies 48 izlases. Turn\u012brs notiks ASV, Kan\u0101d\u0101 un Meksik\u0101 no 11. j\u016bnija l\u012bdz 19. j\u016blijam.<\/li>\n<\/ol>\n<p>\n                            Valodas k\u013c\u016bda rakst\u0101?<br \/>Iez\u012bm\u0113jiet tekstu un spiediet Zi\u0146ot par k\u013c\u016bdu pogas   , lai nos\u016bt\u012btu labojamo teksta fragmentu redaktoram!<\/p>\n<p>                                Zi\u0146ot par k\u013c\u016bdu<\/p>\n","protected":false},"excerpt":{"rendered":"Amerikas Savienoto Valstu prezidents Donalds Tramps piedal\u012bsies 2026. gada Pasaules kausa izloz\u0113 Va\u0161ington\u0101, kur vi\u0146\u0161 uzk\u0101ps uz skatuves&hellip;\n","protected":false},"author":2,"featured_media":67554,"comment_status":"","ping_status":"","sticky":false,"template":"","format":"standard","meta":{"footnotes":""},"categories":[17],"tags":[35,39,38,36,37,34,40,67],"class_list":{"0":"post-67553","1":"post","2":"type-post","3":"status-publish","4":"format-standard","5":"has-post-thumbnail","7":"category-sports","8":"tag-latvia","9":"tag-latvian","10":"tag-latviesu","11":"tag-latviesu-valoda","12":"tag-latviesuvaloda","13":"tag-latvija","14":"tag-lv","15":"tag-sports"},"share_on_mastodon":{"url":"https:\/\/pubeurope.com\/@lv\/115676212329162790","error":""},"_links":{"self":[{"href":"https:\/\/www.europesays.com\/lv\/wp-json\/wp\/v2\/posts\/67553","targetHints":{"allow":["GET"]}}],"collection":[{"href":"https:\/\/www.europesays.com\/lv\/wp-json\/wp\/v2\/posts"}],"about":[{"href":"https:\/\/www.europesays.com\/lv\/wp-json\/wp\/v2\/types\/post"}],"author":[{"embeddable":true,"href":"https:\/\/www.europesays.com\/lv\/wp-json\/wp\/v2\/users\/2"}],"replies":[{"embeddable":true,"href":"https:\/\/www.europesays.com\/lv\/wp-json\/wp\/v2\/comments?post=67553"}],"version-history":[{"count":0,"href":"https:\/\/www.europesays.com\/lv\/wp-json\/wp\/v2\/posts\/67553\/revisions"}],"wp:featuredmedia":[{"embeddable":true,"href":"https:\/\/www.europesays.com\/lv\/wp-json\/wp\/v2\/media\/67554"}],"wp:attachment":[{"href":"https:\/\/www.europesays.com\/lv\/wp-json\/wp\/v2\/media?parent=67553"}],"wp:term":[{"taxonomy":"category","embeddable":true,"href":"https:\/\/www.europesays.com\/lv\/wp-json\/wp\/v2\/categories?post=67553"},{"taxonomy":"post_tag","embeddable":true,"href":"https:\/\/www.europesays.com\/lv\/wp-json\/wp\/v2\/tags?post=67553"}],"curies":[{"name":"wp","href":"https:\/\/api.w.org\/{rel}","templated":true}]}}