{"id":67555,"date":"2025-12-07T04:14:08","date_gmt":"2025-12-07T04:14:08","guid":{"rendered":"https:\/\/www.europesays.com\/lv\/67555\/"},"modified":"2025-12-07T04:14:08","modified_gmt":"2025-12-07T04:14:08","slug":"ministru-prezidente-silina-noliedz-baumas-valdibas-krisanai-nav-pamata-lente-lv","status":"publish","type":"post","link":"https:\/\/www.europesays.com\/lv\/67555\/","title":{"rendered":"Ministru prezidente Sili\u0146a noliedz baumas: &#8220;Vald\u012bbas kri\u0161anai nav pamata&#8221;\u00a0\u2014\u00a0Lente.lv"},"content":{"rendered":"<p>Premjeres skaidrojums par vald\u012bbas stabilit\u0101ti<\/p>\n<p>Neskatoties uz da\u017e\u0101diem politiskajiem v\u0113jiem un spekul\u0101cij\u0101m, Ministru prezidente Evika Sili\u0146a ir stingri n\u0101kusi klaj\u0101 ar apgalvojumu, ka \u0161obr\u012bd nav nek\u0101da nopietna pamata run\u0101t par vald\u012bbas kri\u0161anu. Intervij\u0101 Latvijas Radio vi\u0146a pauda p\u0101rliec\u012bbu par pa\u0161reiz\u0113j\u0101s koal\u012bcijas stabilit\u0101ti, cen\u0161oties mazin\u0101t jebk\u0101das \u0161aubas un satraukumu sabiedr\u012bb\u0101. \u0160\u0101di Sili\u0146as izteikumi ir svar\u012bgs sign\u0101ls gan politiskajiem partneriem, gan tautai, apliecinot ap\u0146\u0113m\u012bbu virz\u012bt ies\u0101ktos darbus uz priek\u0161u.<\/p>\n<p>Izaicin\u0101jumi un koal\u012bcijas dinamika<\/p>\n<p>Protams, politisk\u0101 aina Latvij\u0101 reti kad ir piln\u012bgi mier\u012bga. Vald\u012bbas darb\u012bbu vienm\u0113r pavada diskusijas, argumenti un da\u017ek\u0101rt ar\u012b karstasin\u012bgi str\u012bdi starp koal\u012bcijas partij\u0101m. \u0160oreiz jaut\u0101jums par iesp\u0113jamo vald\u012bbas kr\u012bzi ir radies, iesp\u0113jams, sakar\u0101 ar k\u0101diem konkr\u0113tiem politiskajiem procesiem vai publiski izskan\u0113ju\u0161\u0101m nesaska\u0146\u0101m. Tom\u0113r Sili\u0146a ir uzsv\u0113rusi, ka \u0161\u012bs spriedzes ir norm\u0101la koal\u012bcijas darba sast\u0101vda\u013ca, nevis sign\u0101ls tuvam sabrukumam. Vi\u0146a skaidro, ka vald\u012bbas veido\u0161ana un uztur\u0113\u0161ana ir sare\u017e\u0123\u012bts process, kas prasa nep\u0101rtrauktu kompromisu mekl\u0113\u0161anu un kop\u012bga redz\u0113juma notur\u0113\u0161anu.<\/p>\n<p>Sili\u0146as p\u0101rliec\u012bba un n\u0101kotnes v\u012bzija<\/p>\n<p>Ministru prezidente ir izteikusi stingru p\u0101rliec\u012bbu, ka pa\u0161reiz\u0113j\u0101 koal\u012bcija sp\u0113s veiksm\u012bgi p\u0101rvar\u0113t visus izaicin\u0101jumus. Vi\u0146a nor\u0101d\u012bja, ka vald\u012bbai ir skaidrs m\u0113r\u0137is un programma, kuras \u012bsteno\u0161anai visi partneri ir ap\u0146\u0113mu\u0161ies str\u0101d\u0101t. Sili\u0146a uzsv\u0113ra, ka katra politisk\u0101 sp\u0113ka ieguld\u012bjums ir nenov\u0113rt\u0113jams un ka kop\u012bg\u0101 ener\u0123ija ir virzo\u0161ais sp\u0113ks valsts att\u012bst\u012bb\u0101. Vi\u0146a ar\u012b mudin\u0101ja politiskos oponentus un sabiedr\u012bbu vair\u0101k koncentr\u0113ties uz konstrukt\u012bvu dialogu un risin\u0101jumu mekl\u0113\u0161anu, nevis uz spekul\u0101cij\u0101m par kr\u012bz\u0113m, kas var\u0113tu nov\u0113rst uzman\u012bbu no svar\u012bg\u0101kajiem valsts uzdevumiem.<\/p>\n<p>Sabiedr\u012bbas uztic\u012bba un politisk\u0101 stabilit\u0101te<\/p>\n<p>Politisko l\u012bderu publiskie pazi\u0146ojumi par vald\u012bbas stabilit\u0101ti ir b\u016btiski, lai nodro\u0161in\u0101tu sabiedr\u012bbas uztic\u012bbu un veicin\u0101tu politisko stabilit\u0101ti kopum\u0101. Ja sabiedr\u012bba past\u0101v\u012bgi uztrauktos par vald\u012bbas iesp\u0113jamo kri\u0161anu, tas var\u0113tu rad\u012bt nenoteikt\u012bbas saj\u016btu un negat\u012bvi ietekm\u0113t gan ekonomiku, gan ikdienas dz\u012bvi. Sili\u0146as centieni skaidrot situ\u0101ciju un uzsv\u0113rt vald\u012bbas darba nep\u0101rtraukt\u012bbu ir svar\u012bgi, lai uztur\u0113tu mieru un p\u0101rliec\u012bbu. K\u0101 teiktu pieredz\u0113jis politikas v\u0113rot\u0101js \u2013 vald\u012bba ir k\u0101 ku\u0123is, kas dodas sav\u0101 ce\u013c\u0101, un kaptei\u0146a (\u0161aj\u0101 gad\u012bjum\u0101 premjeres) uzdevums ir notur\u0113t kursu, pat ja ce\u013c\u0161 ir v\u0113trains.<\/p>\n","protected":false},"excerpt":{"rendered":"Premjeres skaidrojums par vald\u012bbas stabilit\u0101ti Neskatoties uz da\u017e\u0101diem politiskajiem v\u0113jiem un spekul\u0101cij\u0101m, Ministru prezidente Evika Sili\u0146a ir stingri&hellip;\n","protected":false},"author":2,"featured_media":67556,"comment_status":"","ping_status":"","sticky":false,"template":"","format":"standard","meta":{"footnotes":""},"categories":[5],"tags":[23,28,29,1249,32,33,22,351,30,31,35,39,38,36,37,34,8574,6661,40,20,17317,26,27,24,25,21],"class_list":{"0":"post-67555","1":"post","2":"type-post","3":"status-publish","4":"format-standard","5":"has-post-thumbnail","7":"category-aktualitates","8":"tag-aktualitates","9":"tag-breaking-news","10":"tag-breakingnews","11":"tag-evika-silina","12":"tag-featured-news","13":"tag-featurednews","14":"tag-headlines","15":"tag-koalicija","16":"tag-latest-news","17":"tag-latestnews","18":"tag-latvia","19":"tag-latvian","20":"tag-latviesu","21":"tag-latviesu-valoda","22":"tag-latviesuvaloda","23":"tag-latvija","24":"tag-latvijas-radio","25":"tag-latvijas-valdiba","26":"tag-lv","27":"tag-news","28":"tag-politisko-krize","29":"tag-popularakas-zinas","30":"tag-popularakaszinas","31":"tag-top-stories","32":"tag-topstories","33":"tag-zinas"},"share_on_mastodon":{"url":"https:\/\/pubeurope.com\/@lv\/115676346007967160","error":""},"_links":{"self":[{"href":"https:\/\/www.europesays.com\/lv\/wp-json\/wp\/v2\/posts\/67555","targetHints":{"allow":["GET"]}}],"collection":[{"href":"https:\/\/www.europesays.com\/lv\/wp-json\/wp\/v2\/posts"}],"about":[{"href":"https:\/\/www.europesays.com\/lv\/wp-json\/wp\/v2\/types\/post"}],"author":[{"embeddable":true,"href":"https:\/\/www.europesays.com\/lv\/wp-json\/wp\/v2\/users\/2"}],"replies":[{"embeddable":true,"href":"https:\/\/www.europesays.com\/lv\/wp-json\/wp\/v2\/comments?post=67555"}],"version-history":[{"count":0,"href":"https:\/\/www.europesays.com\/lv\/wp-json\/wp\/v2\/posts\/67555\/revisions"}],"wp:featuredmedia":[{"embeddable":true,"href":"https:\/\/www.europesays.com\/lv\/wp-json\/wp\/v2\/media\/67556"}],"wp:attachment":[{"href":"https:\/\/www.europesays.com\/lv\/wp-json\/wp\/v2\/media?parent=67555"}],"wp:term":[{"taxonomy":"category","embeddable":true,"href":"https:\/\/www.europesays.com\/lv\/wp-json\/wp\/v2\/categories?post=67555"},{"taxonomy":"post_tag","embeddable":true,"href":"https:\/\/www.europesays.com\/lv\/wp-json\/wp\/v2\/tags?post=67555"}],"curies":[{"name":"wp","href":"https:\/\/api.w.org\/{rel}","templated":true}]}}