{"id":67557,"date":"2025-12-07T04:20:07","date_gmt":"2025-12-07T04:20:07","guid":{"rendered":"https:\/\/www.europesays.com\/lv\/67557\/"},"modified":"2025-12-07T04:20:07","modified_gmt":"2025-12-07T04:20:07","slug":"no-majoriem-lidz-kauguriem-pilseta-saposusies-ziemassvetkiem-lente-lv","status":"publish","type":"post","link":"https:\/\/www.europesays.com\/lv\/67557\/","title":{"rendered":"no Majoriem l\u012bdz Kauguriem \u2013 pils\u0113ta saposusies Ziemassv\u0113tkiem\u00a0\u2014\u00a0Lente.lv"},"content":{"rendered":"<p>J\u016brmala \u0161ogad ir p\u0101rv\u0113rtusies par \u012bstu ziemas pasaku, aicinot iedz\u012bvot\u0101jus un viesus izbaud\u012bt sv\u0113tku burv\u012bbu vis\u0101 t\u0101s kr\u0101\u0161\u0146um\u0101. Pils\u0113ta ir r\u016bp\u012bgi izrot\u0101ta ar mirdzo\u0161iem Ziemassv\u0113tku dekoriem, radot neaizmirstamu atmosf\u0113ru, kas sniedzas no greznajiem Majoriem l\u012bdz pat Kauguriem.<\/p>\n<p>Galven\u0101s Ziemassv\u0113tku rotas Jomas iel\u0101<\/p>\n<p>Sirds un dv\u0113sele J\u016brmalas sv\u0113tku rot\u0101jumos \u0161ogad ir Jomas iela, kas p\u0101rtapusi par kr\u0101\u0161\u0146u \u201cEgl\u012b\u0161u promen\u0101di\u201d. Tur iedegta pils\u0113tas galven\u0101, aptuveni divpadsmit metrus augst\u0101 Ziemassv\u0113tku egle, kas veidota no vair\u0101kiem desmitiem maz\u0101ku dab\u012bgo egl\u012b\u0161u. T\u0101 greznota ar mirdzo\u0161\u0101m LED virten\u0113m un unik\u0101liem dekoriem \u2013 stiliz\u0113tiem latviskiem rakstiem un spogu\u013cu elementiem, kas dienas laik\u0101 priec\u0113 ar savu krist\u0101lisko formu un ledum l\u012bdz\u012bgo materi\u0101lu, bet tum\u0161aj\u0101 laik\u0101 atdz\u012bvojas da\u017e\u0101d\u0101s kr\u0101s\u0101s. \u0160\u012b centr\u0101l\u0101 egle k\u013cuvusi par galveno sv\u0113tku akcentu, ko papildina m\u016bzika un gaismas efekti. T\u0101s rot\u0101jumus papildina ar\u012b interakt\u012bvi vides objekti \u2013 gaismas bumbas un izgaismots \u201cledus nami\u0146\u0161\u201d, kas rada ma\u0123isku noska\u0146u.<\/p>\n<p>Ta\u010du Jomas ielas sv\u0113tku st\u0101sts neaprobe\u017eojas tikai ar galveno egli. Gandr\u012bz divu kilometru garum\u0101 no Omnibusa l\u012bdz Turaidas ielai stiepjas iespaid\u012bg\u0101 \u201cEgl\u012b\u0161u promen\u0101de\u201d, kur\u0101 apskat\u0101mas 131 egl\u012bte. \u0160\u012bs maz\u0101s egl\u012btes ir kopdarbs, ko rot\u0101ju\u0161i pa\u0161i j\u016brmalnieki \u2013 b\u0113rni no izgl\u012bt\u012bbas iest\u0101d\u0113m, vi\u0146u vec\u0101ki un skolot\u0101ji, k\u0101 ar\u012b da\u017e\u0101di uz\u0146\u0113mumi, rado\u0161ie kolekt\u012bvi un biedr\u012bbas. \u0160\u012b iniciat\u012bva ne tikai rada sv\u0113tku noska\u0146u, bet ar\u012b stiprina kopienas saj\u016btu, par\u0101dot, cik daudz rado\u0161uma un entuziasma sp\u0113j apvienot pils\u0113tas iedz\u012bvot\u0101ji. \u201cEgl\u012b\u0161u promen\u0101de\u201d priec\u0113s ikvienu l\u012bdz pat 11. janv\u0101rim, sniedzot iesp\u0113ju nesteidz\u012bgi izbaud\u012bt sv\u0113tku atmosf\u0113ru.<\/p>\n<p>Sv\u0113tku rota\u013cas un gaismas vis\u0101 pils\u0113t\u0101<\/p>\n<p>J\u016brmalas sv\u0113tku rot\u0101jumu kl\u0101sts ir pla\u0161s un daudzveid\u012bgs, neaprobe\u017eojoties tikai ar Jomas ielu. Sv\u0113tku egles un dekor\u0101cijas rot\u0101 ar\u012b citas pils\u0113tas da\u013cas, nodro\u0161inot sv\u0113tku saj\u016btu vis\u0101 J\u016brmal\u0101. Dubultos, Slok\u0101 un Kauguros, piem\u0113ram, rot\u0101t\u0101s egles priec\u0113 iedz\u012bvot\u0101jus pie kult\u016bras namiem un bibliot\u0113k\u0101m, k\u0101 ar\u012b parkos. Kauguru park\u0101 ziemas noska\u0146u papildina \u012bpa\u0161a \u201csniegav\u012bru \u0123imene\u201d, bet pie Kauguru Kult\u016bras nama apskat\u0101ma t\u0113lnieka T\u0101lival\u017ea Muzikanta veidot\u0101 skulpt\u016bru grupa \u201cZiemassv\u0113tku sil\u012bte\u201d, kas atg\u0101dina par sv\u0113tku dzi\u013c\u0101ko noz\u012bmi.<\/p>\n<p>Pils\u0113tas iel\u0101s un tiltos iedegts sv\u0113tku apgaismojums, kas stiliz\u0113tos latviskos rakstos atspogu\u013co tautas trad\u012bcijas un kult\u016bras mantojumu. Dubultos un Kauguros pils\u0113tvidi papildina iespaid\u012bgi lieli \u010diekuru dekori, kas pie\u0161\u0137ir \u012bpa\u0161u akcentu ainavai. \u0160ie dekori kop\u0101 ar izgaismotajiem parkiem un skv\u0113riem veido burv\u012bgu un omul\u012bgu atmosf\u0113ru, kas aicina doties pastaig\u0101s un baud\u012bt ziemas skaistumu.<\/p>\n<p>Ziemassv\u0113tku tirdzi\u0146i un pas\u0101kumi<\/p>\n<p>Sv\u0113tku noska\u0146u J\u016brmal\u0101 papildina ar\u012b daudzveid\u012bgi pas\u0101kumi un tradicion\u0101lie Ziemassv\u0113tku tirdzi\u0146i, kas pied\u0101v\u0101 ne tikai iepirk\u0161an\u0101s prieku, bet ar\u012b iesp\u0113ju baud\u012bt sv\u0113tku br\u012b\u017eus kop\u0101 ar \u0123imeni un draugiem. Horna d\u0101rz\u0101 notieko\u0161aj\u0101 sv\u0113tku tirdzi\u0146\u0101 var atrast gan amatnieku un m\u0101jra\u017eot\u0101ju darin\u0101jumus, gan produktus vesel\u012bbas stiprin\u0101\u0161anai, gan ar\u012b gardus sv\u0113tku cienastus, piem\u0113ram, pipark\u016bkas un siltus dz\u0113rienus. Tirdzi\u0146\u0161 pied\u0101v\u0101 pla\u0161u kl\u0101stu \u2013 no medus un t\u0113j\u0101m l\u012bdz pat ga\u013cas un zivju produktiem sv\u0113tku galdam, k\u0101 ar\u012b saldiem na\u0161\u0137iem un amatnieku darin\u0101jumiem, s\u0101kot no kl\u016bgu groziem l\u012bdz pat sv\u0113tku vainagiem un svec\u0113m. T\u0101 ir lieliska iesp\u0113ja iepaz\u012bt Latvijas amatnieku un ra\u017eot\u0101ju talantu un atbalst\u012bt viet\u0113jos.<\/p>\n<p>Pas\u0101kumu programma ir bag\u0101t\u012bga un daudzpus\u012bga, pied\u0101v\u0101jot izklaidi da\u017e\u0101d\u0101m gaum\u0113m. Izgl\u012bt\u012bbas iest\u0101\u017eu audz\u0113k\u0146i un Latvij\u0101 paz\u012bstami m\u016bzi\u0137i, piem\u0113ram, Ingus Ulmanis un Katr\u012bna Dimanta trio, priec\u0113 ar Ziemassv\u0113tku dziesm\u0101m un muzik\u0101liem priek\u0161nesumiem. Maz\u0101kos sv\u0113tku apmekl\u0113t\u0101jus priec\u0113 Ziemassv\u0113tku r\u016b\u0137i ar rota\u013c\u0101m un gardumiem, bet visi interesenti var p\u0101rbaud\u012bt savas sp\u0113jas \u0101tr\u0101s galda sp\u0113l\u0113s br\u012bv\u0101 dab\u0101. \u0160\u0101da pas\u0101kumu daudzveid\u012bba padara J\u016brmalu par lielisku galam\u0113r\u0137i visa vecuma cilv\u0113kiem, kuri v\u0113las izbaud\u012bt sv\u0113tku laiku.<\/p>\n<p>Kopum\u0101 J\u016brmala \u0161ogad aicina izbaud\u012bt **burv\u012bgu Ziemassv\u0113tku atmosf\u0113ru**, kas valda pils\u0113t\u0101 no Majoriem l\u012bdz pat Kauguriem. Ar r\u016bp\u012bgi veidotiem dekoriem, mirdzo\u0161\u0101m gaism\u0101m un pla\u0161u pas\u0101kumu kl\u0101stu, pils\u0113ta ir gatava sagaid\u012bt sv\u0113tkus ar prieku un siltumu, pied\u0101v\u0101jot ikvienam iesp\u0113ju rad\u012bt neaizmirstamas atmi\u0146as.<\/p>\n","protected":false},"excerpt":{"rendered":"J\u016brmala \u0161ogad ir p\u0101rv\u0113rtusies par \u012bstu ziemas pasaku, aicinot iedz\u012bvot\u0101jus un viesus izbaud\u012bt sv\u0113tku burv\u012bbu vis\u0101 t\u0101s kr\u0101\u0161\u0146um\u0101.&hellip;\n","protected":false},"author":2,"featured_media":67558,"comment_status":"","ping_status":"","sticky":false,"template":"","format":"standard","meta":{"footnotes":""},"categories":[5],"tags":[23,28,29,17320,32,33,22,17319,114,30,31,35,39,38,36,37,34,40,20,26,27,17318,24,25,9687,21],"class_list":{"0":"post-67557","1":"post","2":"type-post","3":"status-publish","4":"format-standard","5":"has-post-thumbnail","7":"category-aktualitates","8":"tag-aktualitates","9":"tag-breaking-news","10":"tag-breakingnews","11":"tag-eglisu-promenade","12":"tag-featured-news","13":"tag-featurednews","14":"tag-headlines","15":"tag-jomas-iela","16":"tag-jurmala","17":"tag-latest-news","18":"tag-latestnews","19":"tag-latvia","20":"tag-latvian","21":"tag-latviesu","22":"tag-latviesu-valoda","23":"tag-latviesuvaloda","24":"tag-latvija","25":"tag-lv","26":"tag-news","27":"tag-popularakas-zinas","28":"tag-popularakaszinas","29":"tag-svetku-dekori","30":"tag-top-stories","31":"tag-topstories","32":"tag-ziemassvetki","33":"tag-zinas"},"share_on_mastodon":{"url":"https:\/\/pubeurope.com\/@lv\/115676369636261972","error":""},"_links":{"self":[{"href":"https:\/\/www.europesays.com\/lv\/wp-json\/wp\/v2\/posts\/67557","targetHints":{"allow":["GET"]}}],"collection":[{"href":"https:\/\/www.europesays.com\/lv\/wp-json\/wp\/v2\/posts"}],"about":[{"href":"https:\/\/www.europesays.com\/lv\/wp-json\/wp\/v2\/types\/post"}],"author":[{"embeddable":true,"href":"https:\/\/www.europesays.com\/lv\/wp-json\/wp\/v2\/users\/2"}],"replies":[{"embeddable":true,"href":"https:\/\/www.europesays.com\/lv\/wp-json\/wp\/v2\/comments?post=67557"}],"version-history":[{"count":0,"href":"https:\/\/www.europesays.com\/lv\/wp-json\/wp\/v2\/posts\/67557\/revisions"}],"wp:featuredmedia":[{"embeddable":true,"href":"https:\/\/www.europesays.com\/lv\/wp-json\/wp\/v2\/media\/67558"}],"wp:attachment":[{"href":"https:\/\/www.europesays.com\/lv\/wp-json\/wp\/v2\/media?parent=67557"}],"wp:term":[{"taxonomy":"category","embeddable":true,"href":"https:\/\/www.europesays.com\/lv\/wp-json\/wp\/v2\/categories?post=67557"},{"taxonomy":"post_tag","embeddable":true,"href":"https:\/\/www.europesays.com\/lv\/wp-json\/wp\/v2\/tags?post=67557"}],"curies":[{"name":"wp","href":"https:\/\/api.w.org\/{rel}","templated":true}]}}