{"id":67565,"date":"2025-12-07T04:54:10","date_gmt":"2025-12-07T04:54:10","guid":{"rendered":"https:\/\/www.europesays.com\/lv\/67565\/"},"modified":"2025-12-07T04:54:10","modified_gmt":"2025-12-07T04:54:10","slug":"miris-pasaulslavenais-arhitekts-frenks-gerijs-gugenheima-muzeja-un-dejojosas-majas-autors","status":"publish","type":"post","link":"https:\/\/www.europesays.com\/lv\/67565\/","title":{"rendered":"Miris pasaulslavenais arhitekts Frenks G\u0113rijs \u2013 Gugenheima muzeja un &#8220;Dejojo\u0161\u0101s m\u0101jas&#8221; autors"},"content":{"rendered":"<p>96 gadu vecum\u0101 Santamonik\u0101, ASV, m\u016b\u017e\u012bb\u0101 devies viens no 20. un 21. gadsimta ietekm\u012bg\u0101kajiem arhitektiem Frenks G\u0113rijs, zi\u0146o vi\u0146a uz\u0146\u0113muma &#8220;Gehry Partners&#8221; p\u0101rst\u0101ve M\u012bgana Loida. Arhitekts aizg\u0101jis m\u016b\u017e\u012bb\u0101 sav\u0101s m\u0101j\u0101s, atst\u0101jot pasaules arhitekt\u016br\u0101 neizdz\u0113\u0161amu nospiedumu.<\/p>\n<p>G\u0113rijs dzimis 1929. gad\u0101 Toronto, Polijas ebreju emigrantu \u0123imen\u0113, bet pusaud\u017ea gados p\u0101rc\u0113lies uz ASV. Tie\u0161i tur vi\u0146\u0161 izkopa savu unik\u0101lo arhitektonisko rokrakstu, kas v\u0113l\u0101k padar\u012bja vi\u0146u par vienu no laikmet\u012bg\u0101s arhitekt\u016bras ikon\u0101m.<\/p>\n<p>Vi\u0146a darbi k\u013cuvu\u0161i par atsevi\u0161\u0137u pils\u0113tu simboliem \u2013 Gugenheima muzejs Bilbao, Volta Disneja koncertz\u0101le Losand\u017eelos\u0101, &#8220;Der Neue Zollhof&#8221; Diseldorf\u0101 un Dejojo\u0161\u0101 m\u0101ja Pr\u0101g\u0101 ir tikai da\u017ei no projektiem, kas izpeln\u012bju\u0161ies pasaules uzman\u012bbu un main\u012bju\u0161i priek\u0161statu par arhitekt\u016bras iesp\u0113j\u0101m.<\/p>\n<blockquote><p> T\u0101pat vi\u0146\u0161 rad\u012bjis iespaid\u012bgo &#8220;Louis Vuitton Foundation&#8221; \u0113ku Par\u012bz\u0113.<\/p><\/blockquote>\n<p>Par savu ieguld\u012bjumu arhitekt\u016br\u0101 G\u0113rijs 1989. gad\u0101 sa\u0146\u0113ma presti\u017eo Prickera balvu \u2013 augst\u0101ko apbalvojumu nozar\u0113. Balvas \u017e\u016brija toreiz vi\u0146a rokrakstu sal\u012bdzin\u0101ja ar d\u017eezm\u016bziku, uzsverot arhitekta sp\u0113ju rad\u012bt br\u012bvas, improviz\u0113tas un neparedzamas formas.<\/p>\n<p>G\u0113rija sasniegumi tika augsti nov\u0113rt\u0113ti ar\u012b valstu l\u012bmen\u012b \u2013 2002. gad\u0101 vi\u0146\u0161 sa\u0146\u0113ma Kan\u0101das ordeni, bet 2016. gad\u0101 \u2013 ASV Prezidenta Br\u012bv\u012bbas meda\u013cu, augst\u0101ko civilo apbalvojumu valst\u012b.<\/p>\n<p>Ar Frenka G\u0113rija aizie\u0161anu pasaule zaud\u0113jusi vienu no drosm\u012bg\u0101kajiem un rado\u0161\u0101kajiem arhitektiem, kura darbi turpin\u0101s iedvesmot v\u0113l ilgi p\u0113c vi\u0146a m\u016b\u017ea.<\/p>\n<p>Lasi ar\u012b!<\/p>\n<p>&#13;<br \/>\n&#13;<br \/>\n<a target=\"_blank\" href=\"https:\/\/www.1188.lv\/zinas\/randinu-nesagaidija-miris-senioru-iepazisanas-tv-sova-sirdslietas-dalibnieks-janis\/57657\" rel=\"nofollow noopener\">Randi\u0146u nesagaid\u012bja&#8230; Miris senioru iepaz\u012b\u0161an\u0101s TV \u0161ova &#8220;Sirdslietas&#8221; dal\u012bbnieks J\u0101nis<\/a>&#13;<br \/>\n&#13;<br \/>\n<\/p>\n<p>&#13;<br \/>\n&#13;<br \/>\n<a target=\"_blank\" href=\"https:\/\/www.1188.lv\/zinas\/miris-vecakais-olimpiskais-cempions-sarls-koste\/57075\" rel=\"nofollow noopener\">Miris vec\u0101kais olimpiskais \u010dempions \u0160arls Koste<\/a>&#13;<br \/>\n&#13;<br \/>\n<\/p>\n<p><img decoding=\"async\" src=\"https:\/\/www.europesays.com\/lv\/wp-content\/uploads\/2025\/12\/230311f6d9fd0be2da0cf0ea32234fa3.png\" title=\"Foto: Ekr\u0101nuz\u0146\u0113mums no Britanica.com m\u0101jaslapas\" alt=\"Foto: Ekr\u0101nuz\u0146\u0113mums no Britanica.com m\u0101jaslapas\"\/><\/p>\n<p class=\"article-img-desc\">Foto: Ekr\u0101nuz\u0146\u0113mums no Britanica.com m\u0101jaslapas<\/p>\n","protected":false},"excerpt":{"rendered":"96 gadu vecum\u0101 Santamonik\u0101, ASV, m\u016b\u017e\u012bb\u0101 devies viens no 20. un 21. gadsimta ietekm\u012bg\u0101kajiem arhitektiem Frenks G\u0113rijs, zi\u0146o&hellip;\n","protected":false},"author":2,"featured_media":67566,"comment_status":"","ping_status":"","sticky":false,"template":"","format":"standard","meta":{"footnotes":""},"categories":[14],"tags":[129,12626,23,57,28,29,32,33,22,30,31,35,39,38,36,37,34,40,20,26,27,12627,12628,24,25,54,55,56,21,58],"class_list":{"0":"post-67565","1":"post","2":"type-post","3":"status-publish","4":"format-standard","5":"has-post-thumbnail","7":"category-zinas-no-arvalstim","8":"tag-__typenameadvicekeyword","9":"tag-id1119","10":"tag-aktualitates","11":"tag-arvalstim","12":"tag-breaking-news","13":"tag-breakingnews","14":"tag-featured-news","15":"tag-featurednews","16":"tag-headlines","17":"tag-latest-news","18":"tag-latestnews","19":"tag-latvia","20":"tag-latvian","21":"tag-latviesu","22":"tag-latviesu-valoda","23":"tag-latviesuvaloda","24":"tag-latvija","25":"tag-lv","26":"tag-news","27":"tag-popularakas-zinas","28":"tag-popularakaszinas","29":"tag-slugseru-vestis","30":"tag-titleseru-vestis","31":"tag-top-stories","32":"tag-topstories","33":"tag-world","34":"tag-world-news","35":"tag-worldnews","36":"tag-zinas","37":"tag-zinas-no-arvalstim"},"share_on_mastodon":{"url":"https:\/\/pubeurope.com\/@lv\/115676503393354171","error":""},"_links":{"self":[{"href":"https:\/\/www.europesays.com\/lv\/wp-json\/wp\/v2\/posts\/67565","targetHints":{"allow":["GET"]}}],"collection":[{"href":"https:\/\/www.europesays.com\/lv\/wp-json\/wp\/v2\/posts"}],"about":[{"href":"https:\/\/www.europesays.com\/lv\/wp-json\/wp\/v2\/types\/post"}],"author":[{"embeddable":true,"href":"https:\/\/www.europesays.com\/lv\/wp-json\/wp\/v2\/users\/2"}],"replies":[{"embeddable":true,"href":"https:\/\/www.europesays.com\/lv\/wp-json\/wp\/v2\/comments?post=67565"}],"version-history":[{"count":0,"href":"https:\/\/www.europesays.com\/lv\/wp-json\/wp\/v2\/posts\/67565\/revisions"}],"wp:featuredmedia":[{"embeddable":true,"href":"https:\/\/www.europesays.com\/lv\/wp-json\/wp\/v2\/media\/67566"}],"wp:attachment":[{"href":"https:\/\/www.europesays.com\/lv\/wp-json\/wp\/v2\/media?parent=67565"}],"wp:term":[{"taxonomy":"category","embeddable":true,"href":"https:\/\/www.europesays.com\/lv\/wp-json\/wp\/v2\/categories?post=67565"},{"taxonomy":"post_tag","embeddable":true,"href":"https:\/\/www.europesays.com\/lv\/wp-json\/wp\/v2\/tags?post=67565"}],"curies":[{"name":"wp","href":"https:\/\/api.w.org\/{rel}","templated":true}]}}