{"id":67567,"date":"2025-12-07T04:56:17","date_gmt":"2025-12-07T04:56:17","guid":{"rendered":"https:\/\/www.europesays.com\/lv\/67567\/"},"modified":"2025-12-07T04:56:17","modified_gmt":"2025-12-07T04:56:17","slug":"livanu-uznemums-sanem-valsts-augstako-apbalvojumu-uznemejdarbiba-jekabpils-laiks-jekabpils-zinas","status":"publish","type":"post","link":"https:\/\/www.europesays.com\/lv\/67567\/","title":{"rendered":"L\u012bv\u0101nu uz\u0146\u0113mums sa\u0146em valsts augst\u0101ko apbalvojumu uz\u0146\u0113m\u0113jdarb\u012bb\u0101 \/ J\u0113kabpils Laiks: J\u0113kabpils zi\u0146as"},"content":{"rendered":"<p>L\u012bv\u0101nu novada uz\u0146\u0113mums \u201cLight Guide Optics International\u201d sa\u0146\u0113mis valsts augst\u0101ko apbalvojumu uz\u0146\u0113m\u0113jdarb\u012bb\u0101.<\/p>\n<p>Dailes te\u0101tra Jaunaj\u0101 z\u0101l\u0113 svin\u012bgaj\u0101 ceremonij\u0101 tika pasniegtas Latvijas Invest\u012bciju un att\u012bst\u012bbas a\u0123ent\u016bras un Ekonomikas ministrijas r\u012bkot\u0101 konkursa \u201cEksporta un inov\u0101cijas balva 2025\u201d godalgas. Kategorij\u0101 \u201cEksporta pieauguma l\u012bderis\u201d uz\u0146\u0113mumu grup\u0101 ar darbinieku skaitu virs 250 par uzvar\u0113t\u0101ju atz\u012bts L\u012bv\u0101nu novada uz\u0146\u0113mums SIA \u201cLight Guide Optics International\u201d.<\/p>\n<p>\u201cEksporta un inov\u0101cijas balva\u201d ir augst\u0101kais valsts apbalvojums uz\u0146\u0113m\u0113jdarb\u012bb\u0101, un \u0161ogad t\u0101 norisin\u0101j\u0101s jau 20. reizi.<\/p>\n<blockquote><p>&#13;<\/p>\n<p>Ekonomikas ministrs Viktors Valainis: \u201cEksporta un inov\u0101cijas balva ir iesp\u0113ja paust atzin\u012bbu uz\u0146\u0113m\u0113jiem, kuri ar drosm\u012bg\u0101m idej\u0101m, inov\u0101cij\u0101m un eksportsp\u0113j\u012bgiem risin\u0101jumiem rada augstu pievienoto v\u0113rt\u012bbu un stiprina m\u016bsu ekonomiku. \u0160\u012b gada nominanti apliecina, ka sp\u0113jam ieviest inov\u0101cijas, rad\u012bt jaunus produktus un konkur\u0113t glob\u0101laj\u0101 tirg\u016b. Ar\u012b turpm\u0101k sniegsim visu nepiecie\u0161amo atbalstu, lai iedro\u0161in\u0101tu uz\u0146\u0113m\u0113jus pie\u0146emt drosm\u012bgus l\u0113mumus un p\u0101rsteigt pasauli.\u201d<\/p>\n<p>&#13;\n<\/p><\/blockquote>\n<p>Konkursa patrons ir Valsts prezidents Edgars Rink\u0113vi\u010ds. Uz\u0146\u0113mumi tiek v\u0113rt\u0113ti p\u0113c to snieguma eksport\u0101, rad\u012bt\u0101s pievienot\u0101s v\u0113rt\u012bbas, ieguld\u012bjumiem inov\u0101cij\u0101s un p\u0113tniec\u012bb\u0101, ilgtsp\u0113jas, k\u0101 ar\u012b att\u012bst\u012bbas un izaugsmes pl\u0101niem.<\/p>\n","protected":false},"excerpt":{"rendered":"L\u012bv\u0101nu novada uz\u0146\u0113mums \u201cLight Guide Optics International\u201d sa\u0146\u0113mis valsts augst\u0101ko apbalvojumu uz\u0146\u0113m\u0113jdarb\u012bb\u0101. Dailes te\u0101tra Jaunaj\u0101 z\u0101l\u0113 svin\u012bgaj\u0101 ceremonij\u0101&hellip;\n","protected":false},"author":2,"featured_media":67568,"comment_status":"","ping_status":"","sticky":false,"template":"","format":"standard","meta":{"footnotes":""},"categories":[5],"tags":[23,28,29,32,33,22,987,986,30,31,35,39,38,36,37,34,40,20,26,27,24,25,21],"class_list":{"0":"post-67567","1":"post","2":"type-post","3":"status-publish","4":"format-standard","5":"has-post-thumbnail","7":"category-aktualitates","8":"tag-aktualitates","9":"tag-breaking-news","10":"tag-breakingnews","11":"tag-featured-news","12":"tag-featurednews","13":"tag-headlines","14":"tag-jekabpils-zinas","15":"tag-jekabpilslaiks","16":"tag-latest-news","17":"tag-latestnews","18":"tag-latvia","19":"tag-latvian","20":"tag-latviesu","21":"tag-latviesu-valoda","22":"tag-latviesuvaloda","23":"tag-latvija","24":"tag-lv","25":"tag-news","26":"tag-popularakas-zinas","27":"tag-popularakaszinas","28":"tag-top-stories","29":"tag-topstories","30":"tag-zinas"},"share_on_mastodon":{"url":"https:\/\/pubeurope.com\/@lv\/115676511138392694","error":""},"_links":{"self":[{"href":"https:\/\/www.europesays.com\/lv\/wp-json\/wp\/v2\/posts\/67567","targetHints":{"allow":["GET"]}}],"collection":[{"href":"https:\/\/www.europesays.com\/lv\/wp-json\/wp\/v2\/posts"}],"about":[{"href":"https:\/\/www.europesays.com\/lv\/wp-json\/wp\/v2\/types\/post"}],"author":[{"embeddable":true,"href":"https:\/\/www.europesays.com\/lv\/wp-json\/wp\/v2\/users\/2"}],"replies":[{"embeddable":true,"href":"https:\/\/www.europesays.com\/lv\/wp-json\/wp\/v2\/comments?post=67567"}],"version-history":[{"count":0,"href":"https:\/\/www.europesays.com\/lv\/wp-json\/wp\/v2\/posts\/67567\/revisions"}],"wp:featuredmedia":[{"embeddable":true,"href":"https:\/\/www.europesays.com\/lv\/wp-json\/wp\/v2\/media\/67568"}],"wp:attachment":[{"href":"https:\/\/www.europesays.com\/lv\/wp-json\/wp\/v2\/media?parent=67567"}],"wp:term":[{"taxonomy":"category","embeddable":true,"href":"https:\/\/www.europesays.com\/lv\/wp-json\/wp\/v2\/categories?post=67567"},{"taxonomy":"post_tag","embeddable":true,"href":"https:\/\/www.europesays.com\/lv\/wp-json\/wp\/v2\/tags?post=67567"}],"curies":[{"name":"wp","href":"https:\/\/api.w.org\/{rel}","templated":true}]}}