{"id":67573,"date":"2025-12-07T05:02:21","date_gmt":"2025-12-07T05:02:21","guid":{"rendered":"https:\/\/www.europesays.com\/lv\/67573\/"},"modified":"2025-12-07T05:02:21","modified_gmt":"2025-12-07T05:02:21","slug":"vai-bus-jataisnojas-buvejot-skuniti","status":"publish","type":"post","link":"https:\/\/www.europesays.com\/lv\/67573\/","title":{"rendered":"Vai b\u016bs j\u0101taisnojas, b\u016bv\u0113jot \u0161\u0137\u016bn\u012bti?"},"content":{"rendered":"<p>Soct\u012bklos pret \u0161o l\u0113mumu valda da\u017e\u0101da attieksme. \u201cRail Baltica, kur pa&#8230; naudu, nevar izskaidrot, bet P\u0113terim Latgal\u0113 b\u016bs j\u0101skaidro, kur vi\u0146\u0161 d\u0113\u013cus \u0161\u0137\u016bnim dab\u016bja,\u201d platform\u0101 \u201cThreads\u201d ironiz\u0113 \u0160agijs. Citi uzskata, ka nav probl\u0113ma uzr\u0101d\u012bt naudas izcelsmi, bet kaitinot saj\u016bta, ka esi par\u0101d\u0101 paskaidrojumus \u2013 glu\u017ei k\u0101 veikal\u0101, kad \u201capsargs v\u0113ro, kur ej\u201d.<\/p>\n","protected":false},"excerpt":{"rendered":"Soct\u012bklos pret \u0161o l\u0113mumu valda da\u017e\u0101da attieksme. \u201cRail Baltica, kur pa&#8230; naudu, nevar izskaidrot, bet P\u0113terim Latgal\u0113 b\u016bs&hellip;\n","protected":false},"author":2,"featured_media":67574,"comment_status":"","ping_status":"","sticky":false,"template":"","format":"standard","meta":{"footnotes":""},"categories":[5],"tags":[23,28,29,32,33,22,30,31,35,39,38,36,37,34,40,20,26,27,24,25,21],"class_list":{"0":"post-67573","1":"post","2":"type-post","3":"status-publish","4":"format-standard","5":"has-post-thumbnail","7":"category-aktualitates","8":"tag-aktualitates","9":"tag-breaking-news","10":"tag-breakingnews","11":"tag-featured-news","12":"tag-featurednews","13":"tag-headlines","14":"tag-latest-news","15":"tag-latestnews","16":"tag-latvia","17":"tag-latvian","18":"tag-latviesu","19":"tag-latviesu-valoda","20":"tag-latviesuvaloda","21":"tag-latvija","22":"tag-lv","23":"tag-news","24":"tag-popularakas-zinas","25":"tag-popularakaszinas","26":"tag-top-stories","27":"tag-topstories","28":"tag-zinas"},"share_on_mastodon":{"url":"https:\/\/pubeurope.com\/@lv\/115676534819457086","error":""},"_links":{"self":[{"href":"https:\/\/www.europesays.com\/lv\/wp-json\/wp\/v2\/posts\/67573","targetHints":{"allow":["GET"]}}],"collection":[{"href":"https:\/\/www.europesays.com\/lv\/wp-json\/wp\/v2\/posts"}],"about":[{"href":"https:\/\/www.europesays.com\/lv\/wp-json\/wp\/v2\/types\/post"}],"author":[{"embeddable":true,"href":"https:\/\/www.europesays.com\/lv\/wp-json\/wp\/v2\/users\/2"}],"replies":[{"embeddable":true,"href":"https:\/\/www.europesays.com\/lv\/wp-json\/wp\/v2\/comments?post=67573"}],"version-history":[{"count":0,"href":"https:\/\/www.europesays.com\/lv\/wp-json\/wp\/v2\/posts\/67573\/revisions"}],"wp:featuredmedia":[{"embeddable":true,"href":"https:\/\/www.europesays.com\/lv\/wp-json\/wp\/v2\/media\/67574"}],"wp:attachment":[{"href":"https:\/\/www.europesays.com\/lv\/wp-json\/wp\/v2\/media?parent=67573"}],"wp:term":[{"taxonomy":"category","embeddable":true,"href":"https:\/\/www.europesays.com\/lv\/wp-json\/wp\/v2\/categories?post=67573"},{"taxonomy":"post_tag","embeddable":true,"href":"https:\/\/www.europesays.com\/lv\/wp-json\/wp\/v2\/tags?post=67573"}],"curies":[{"name":"wp","href":"https:\/\/api.w.org\/{rel}","templated":true}]}}