{"id":67579,"date":"2025-12-07T05:18:06","date_gmt":"2025-12-07T05:18:06","guid":{"rendered":"https:\/\/www.europesays.com\/lv\/67579\/"},"modified":"2025-12-07T05:18:06","modified_gmt":"2025-12-07T05:18:06","slug":"klimata-parmainu-del-ziemassvetku-eglites-lietuva-varetu-klut-par-retumu-raksts","status":"publish","type":"post","link":"https:\/\/www.europesays.com\/lv\/67579\/","title":{"rendered":"Klimata p\u0101rmai\u0146u d\u0113\u013c Ziemassv\u0113tku egl\u012btes Lietuv\u0101 var\u0113tu k\u013c\u016bt par retumu \/ Raksts"},"content":{"rendered":"<p>Egl\u012btes Ziemassv\u0113tku tirdzi\u0146os vai m\u0101j\u0101s cilv\u0113kiem ir ierasta lieta. Ta\u010du klimata p\u0101rmai\u0146u d\u0113\u013c Lietuv\u0101 t\u0101s n\u0101kotn\u0113 var\u0113tu izzust, atz\u012bst Lietuvas sabiedrisk\u0101 medija LRT uzrun\u0101tie eksperti.<\/p>\n<p>Klimata p\u0101rmai\u0146u d\u0113\u013c Ziemassv\u0113tku egl\u012btes Lietuv\u0101 var\u0113tu k\u013c\u016bt par retumu<\/p>\n<p style=\"margin-left:0cm; margin-right:0cm\">K\u0101 nor\u0101da speci\u0101listi, klimata kr\u012bze ietekm\u0113s ikdienas dz\u012bvi daudzos da\u017e\u0101dos veidos, un viens no tiem ir ve\u0123et\u0101cijas mai\u0146a. Ilgtermi\u0146a p\u0113t\u012bjumi Lietuv\u0101 par\u0101da, ka eg\u013cu vesel\u012bbas st\u0101voklis pasliktin\u0101s, pieaug \u017e\u016b\u0161anas un puves izplat\u012bba, \u012bpa\u0161i re\u0123ionos, kur klimats visstrauj\u0101k sasilst un \u017e\u016bst.<\/p>\n<p style=\"margin-left:0cm; margin-right:0cm\">Visliel\u0101kos draudus rada divas lietas: temperat\u016bras paaugstin\u0101\u0161an\u0101s, \u012bpa\u0161i ziem\u0101, un augsnes mitruma tr\u016bkums vasar\u0101. \u00a0<\/p>\n<p style=\"margin-left:0cm; margin-right:0cm\">Mode\u013ci r\u0101da\u00a0\u2013\u00a0ja gada vid\u0113j\u0101 temperat\u016bra paaugstin\u0101sies par aptuveni 4\u00b0C, Lietuva non\u0101ks zon\u0101, kur\u0101 egles dabiski neveido konkur\u0113tsp\u0113j\u012bgas audzes. Zin\u0101tnieki nor\u0101da, ka, balstoties uz pesimistisko scen\u0101riju, to dabisk\u0101 izplat\u012bba Lietuv\u0101 21. gadsimt\u0101 var\u0113tu iev\u0113rojami samazin\u0101ties.<\/p>\n<p>Saska\u0146\u0101 ar klimata mode\u013ciem\u00a0laik\u0101 no 2061. l\u012bdz 2090. gadam Lietuvas klimats liel\u0101 valsts da\u013c\u0101 var\u0113tu k\u013c\u016bt piln\u012bgi nepiem\u0113rots egl\u0113m. Tas nenoz\u012bm\u0113 absol\u016btu to\u00a0izmir\u0161anu, jo egles var\u0113tu izdz\u012bvot lok\u0101li v\u0113s\u0101k\u0101s, mitr\u0101k\u0101s mikrodz\u012bvotn\u0113s, ta\u010du lieli dabiski eg\u013cu me\u017ei var\u0113tu k\u013c\u016bt par retumu.<\/p>\n<p>                    Valodas k\u013c\u016bda rakst\u0101?<\/p>\n<p class=\"d-none d-md-block\">Iez\u012bm\u0113jiet tekstu un spiediet Ctrl+Enter, lai nos\u016bt\u012btu labojamo teksta fragmentu redaktoram! Par faktu k\u013c\u016bd\u0101m l\u016bdzam zi\u0146ot e-past\u0101 <a href=\"https:\/\/www.lsm.lv\/cdn-cgi\/l\/email-protection\" class=\"__cf_email__\" data-cfemail=\"8cfee9e8ede7efe5e6edcce0ffe1a2e0fa\" rel=\"nofollow noopener\" target=\"_blank\">[email\u00a0protected]<\/a>.<\/p>\n<p class=\"d-md-none\">Iez\u012bm\u0113jiet tekstu un spiediet uz Zi\u0146ot par k\u013c\u016bdu pogas, lai nos\u016bt\u012btu labojamo teksta fragmentu redaktoram!<\/p>\n<p>\n                    Zi\u0146ot par k\u013c\u016bdu\n                <\/p>\n","protected":false},"excerpt":{"rendered":"Egl\u012btes Ziemassv\u0113tku tirdzi\u0146os vai m\u0101j\u0101s cilv\u0113kiem ir ierasta lieta. Ta\u010du klimata p\u0101rmai\u0146u d\u0113\u013c Lietuv\u0101 t\u0101s n\u0101kotn\u0113 var\u0113tu izzust,&hellip;\n","protected":false},"author":2,"featured_media":67580,"comment_status":"","ping_status":"","sticky":false,"template":"","format":"standard","meta":{"footnotes":""},"categories":[14],"tags":[23,57,28,29,32,33,22,30,31,35,39,38,36,37,34,40,20,26,27,24,25,54,55,56,21,58],"class_list":{"0":"post-67579","1":"post","2":"type-post","3":"status-publish","4":"format-standard","5":"has-post-thumbnail","7":"category-zinas-no-arvalstim","8":"tag-aktualitates","9":"tag-arvalstim","10":"tag-breaking-news","11":"tag-breakingnews","12":"tag-featured-news","13":"tag-featurednews","14":"tag-headlines","15":"tag-latest-news","16":"tag-latestnews","17":"tag-latvia","18":"tag-latvian","19":"tag-latviesu","20":"tag-latviesu-valoda","21":"tag-latviesuvaloda","22":"tag-latvija","23":"tag-lv","24":"tag-news","25":"tag-popularakas-zinas","26":"tag-popularakaszinas","27":"tag-top-stories","28":"tag-topstories","29":"tag-world","30":"tag-world-news","31":"tag-worldnews","32":"tag-zinas","33":"tag-zinas-no-arvalstim"},"share_on_mastodon":{"url":"https:\/\/pubeurope.com\/@lv\/115676597691459197","error":""},"_links":{"self":[{"href":"https:\/\/www.europesays.com\/lv\/wp-json\/wp\/v2\/posts\/67579","targetHints":{"allow":["GET"]}}],"collection":[{"href":"https:\/\/www.europesays.com\/lv\/wp-json\/wp\/v2\/posts"}],"about":[{"href":"https:\/\/www.europesays.com\/lv\/wp-json\/wp\/v2\/types\/post"}],"author":[{"embeddable":true,"href":"https:\/\/www.europesays.com\/lv\/wp-json\/wp\/v2\/users\/2"}],"replies":[{"embeddable":true,"href":"https:\/\/www.europesays.com\/lv\/wp-json\/wp\/v2\/comments?post=67579"}],"version-history":[{"count":0,"href":"https:\/\/www.europesays.com\/lv\/wp-json\/wp\/v2\/posts\/67579\/revisions"}],"wp:featuredmedia":[{"embeddable":true,"href":"https:\/\/www.europesays.com\/lv\/wp-json\/wp\/v2\/media\/67580"}],"wp:attachment":[{"href":"https:\/\/www.europesays.com\/lv\/wp-json\/wp\/v2\/media?parent=67579"}],"wp:term":[{"taxonomy":"category","embeddable":true,"href":"https:\/\/www.europesays.com\/lv\/wp-json\/wp\/v2\/categories?post=67579"},{"taxonomy":"post_tag","embeddable":true,"href":"https:\/\/www.europesays.com\/lv\/wp-json\/wp\/v2\/tags?post=67579"}],"curies":[{"name":"wp","href":"https:\/\/api.w.org\/{rel}","templated":true}]}}