{"id":67583,"date":"2025-12-07T05:26:10","date_gmt":"2025-12-07T05:26:10","guid":{"rendered":"https:\/\/www.europesays.com\/lv\/67583\/"},"modified":"2025-12-07T05:26:10","modified_gmt":"2025-12-07T05:26:10","slug":"anda-upite-un-madara-pavlova-izcina-sesto-vietu-pasaules-kausa-pirmaja-posma-vinterberga-jauns-lv","status":"publish","type":"post","link":"https:\/\/www.europesays.com\/lv\/67583\/","title":{"rendered":"Anda Up\u012bte un Madara Pavlova izc\u012bna sesto vietu Pasaules kausa pirmaj\u0101 posm\u0101 Vinterberg\u0101 &#8211; Jauns.lv"},"content":{"rendered":"<ol>\n<li><a href=\"https:\/\/news.google.com\/rss\/articles\/CBMixAFBVV95cUxNWmVPU09zazJ4ZUoxNE1MOGJOV1dNUEs1ak5TSEdwWWdGZzZhNVpONTA0d1dwNWhnUW5IZTE2YWRLSXllU3NaMWludHU2Smc0T2tySU0yLVZXbXZXVWxCWnQtUEl4WFhjZDRheTN5ZTQtY2lXR1dQQUtmLTNHZWtfMWxqVWE0X1drOGJuWnRheEVOS3A1M0xEdlV2UUhyaW82SXRHMXZMYWptek5PZzZfVGR3REJSM1RIckJ0ZjVDclowcFha?oc=5\" target=\"_blank\" rel=\"nofollow noopener\">Anda Up\u012bte un Madara Pavlova izc\u012bna sesto vietu Pasaules kausa pirmaj\u0101 posm\u0101 Vinterberg\u0101<\/a>&nbsp;&nbsp;Jauns.lv<\/li>\n<li><a href=\"https:\/\/news.google.com\/rss\/articles\/CBMi3gFBVV95cUxNNEl0dVp6cmlzVFJRQklFV180NGpla2xObGFabVVCU0tvSnFRSnFIa3ZQRGJUckNodHRxZnFncEZwVWJhQnIwZ2I3LUJORDhuNWZod3pEd1NEeEl2SUl4ZTJvcEtLdGpwTURvUE1GUlJ0c2lxUGhIa25ZOVJXYWR5N3k3RWt1dUN1UWxDS1FVQmx4enRIMVIzRGFSc1RVdVlaUVdhWFFMQzlFNFFKQWRoMldXaXFTR09DQVNFMTU5U2hQYVJaUnRwVnY0UE5HZFRSUWtKZWtxbjQzblA5bmc?oc=5\" target=\"_blank\" rel=\"nofollow noopener\">Bots\/Pl\u016bme kamani\u0146u Pasaules kausa sezonas start\u0101 blakus pjedest\u0101lam, Aparjods 6. viet\u0101 \/ Raksts<\/a>&nbsp;&nbsp;LSM<\/li>\n<li><a href=\"https:\/\/news.google.com\/rss\/articles\/CBMioAFBVV95cUxNWkhlZ0M0Mk5PYXV4U3pQQWhrOWM0UWRZR2ZZdU0xY0FybF9XWERyQm1GdldfYzh1RlhiaEhJcndkTHVfQzVoUUZxbVl1d205ekx3ZVdybElvcVd2aGJrY0dfVjVaYUgydVR3aEVYelY3eUNnRVR4Q0pXWWxxS1FLMWZRVjdCZ2F0NktfYjV2amFNYWJreG1GejgzY0dKM1pu?oc=5\" target=\"_blank\" rel=\"nofollow noopener\">Aparjods otraj\u0101 braucien\u0101 uzlabo poz\u012bciju, Vinterberg\u0101 saimnieko Lohs \u2013 Ziemas sports<\/a>&nbsp;&nbsp;Sportacentrs.com<\/li>\n<li><a href=\"https:\/\/news.google.com\/rss\/articles\/CBMigwFBVV95cUxPWXRkdkpRR2NjU1NxNi1YZHllUlU1djhlWnRKU1NjclI0RWJpbUtPZEdhUl9vcy1CaEVkRm1PQm4zc21VZkZSdjlFVXoxV0ZtV3FNS1Q4MjE2b0l2b1RvTXpmckZXcGFLMGxXdFIyZXhtOWJpNzBrbTk3NXE5MWJ5MmZ2aw?oc=5\" target=\"_blank\" rel=\"nofollow noopener\">Botai otr\u0101 vieta N\u0101ciju kaus\u0101 kamani\u0146u sport\u0101<\/a>&nbsp;&nbsp;TVNET Sports<\/li>\n<li><a href=\"https:\/\/news.google.com\/rss\/articles\/CBMiugFBVV95cUxNbzhIeW5ReXVXVG4xU3ZJbjc1cnhTVmplcUtMMGJncVV3RHRpZ0Y4bnR4V29EWVhtZ3ZUeDZ4UTBRUnZibnJBQUtjRnJvVWhOUC11aWtCOHFDZGFwbnFEVklOTWIwTlUzSXEyOU5DUGhwRWxvXzR1cVhFbXJhU3JrN3BTYlBHNmJvb2h1VUhOeWQ0N0VWTHBXSTZ5Nm1oc0czSUpWWm5YeHBNWXU3ck1OR2duRkNSYUFwamc?oc=5\" target=\"_blank\" rel=\"nofollow noopener\">Kamani\u0146u divnieks Bots\/Pl\u016bme sezonu s\u0101k ar vietu pirmaj\u0101 \u010detriniek\u0101<\/a>&nbsp;&nbsp;Delfi<\/li>\n<\/ol>\n","protected":false},"excerpt":{"rendered":"Anda Up\u012bte un Madara Pavlova izc\u012bna sesto vietu Pasaules kausa pirmaj\u0101 posm\u0101 Vinterberg\u0101&nbsp;&nbsp;Jauns.lv Bots\/Pl\u016bme kamani\u0146u Pasaules kausa sezonas&hellip;\n","protected":false},"author":2,"featured_media":67584,"comment_status":"","ping_status":"","sticky":false,"template":"","format":"standard","meta":{"footnotes":""},"categories":[5],"tags":[23,28,29,32,33,22,30,31,35,39,38,36,37,34,40,20,26,27,24,25,21],"class_list":{"0":"post-67583","1":"post","2":"type-post","3":"status-publish","4":"format-standard","5":"has-post-thumbnail","7":"category-aktualitates","8":"tag-aktualitates","9":"tag-breaking-news","10":"tag-breakingnews","11":"tag-featured-news","12":"tag-featurednews","13":"tag-headlines","14":"tag-latest-news","15":"tag-latestnews","16":"tag-latvia","17":"tag-latvian","18":"tag-latviesu","19":"tag-latviesu-valoda","20":"tag-latviesuvaloda","21":"tag-latvija","22":"tag-lv","23":"tag-news","24":"tag-popularakas-zinas","25":"tag-popularakaszinas","26":"tag-top-stories","27":"tag-topstories","28":"tag-zinas"},"share_on_mastodon":{"url":"https:\/\/pubeurope.com\/@lv\/115676629191606445","error":""},"_links":{"self":[{"href":"https:\/\/www.europesays.com\/lv\/wp-json\/wp\/v2\/posts\/67583","targetHints":{"allow":["GET"]}}],"collection":[{"href":"https:\/\/www.europesays.com\/lv\/wp-json\/wp\/v2\/posts"}],"about":[{"href":"https:\/\/www.europesays.com\/lv\/wp-json\/wp\/v2\/types\/post"}],"author":[{"embeddable":true,"href":"https:\/\/www.europesays.com\/lv\/wp-json\/wp\/v2\/users\/2"}],"replies":[{"embeddable":true,"href":"https:\/\/www.europesays.com\/lv\/wp-json\/wp\/v2\/comments?post=67583"}],"version-history":[{"count":0,"href":"https:\/\/www.europesays.com\/lv\/wp-json\/wp\/v2\/posts\/67583\/revisions"}],"wp:featuredmedia":[{"embeddable":true,"href":"https:\/\/www.europesays.com\/lv\/wp-json\/wp\/v2\/media\/67584"}],"wp:attachment":[{"href":"https:\/\/www.europesays.com\/lv\/wp-json\/wp\/v2\/media?parent=67583"}],"wp:term":[{"taxonomy":"category","embeddable":true,"href":"https:\/\/www.europesays.com\/lv\/wp-json\/wp\/v2\/categories?post=67583"},{"taxonomy":"post_tag","embeddable":true,"href":"https:\/\/www.europesays.com\/lv\/wp-json\/wp\/v2\/tags?post=67583"}],"curies":[{"name":"wp","href":"https:\/\/api.w.org\/{rel}","templated":true}]}}