{"id":67585,"date":"2025-12-07T05:27:09","date_gmt":"2025-12-07T05:27:09","guid":{"rendered":"https:\/\/www.europesays.com\/lv\/67585\/"},"modified":"2025-12-07T05:27:09","modified_gmt":"2025-12-07T05:27:09","slug":"dzilindzeras-sesta-lauliba-izjuk-toms-grevins-atradis-jaunu-milestibu-nedelas-karstakie-sovbiznesa-notikumi-lente-lv","status":"publish","type":"post","link":"https:\/\/www.europesays.com\/lv\/67585\/","title":{"rendered":"D\u017eilind\u017eeras sest\u0101 laul\u012bba izj\u016bk, Toms Gr\u0113vi\u0146\u0161 atradis jaunu m\u012blest\u012bbu \u2013 ned\u0113\u013cas karst\u0101kie \u0161ovbiznesa notikumi\u00a0\u2014\u00a0Lente.lv"},"content":{"rendered":"<p>D\u017eilind\u017eeras sest\u0101 laul\u012bba izj\u016bk: Kas notiek aizkulis\u0113s?<\/p>\n<p>\u0160oned\u0113\u013c pa\u0161m\u0101ju \u0161ovbiznesa krustcel\u0113s non\u0101kusi k\u0101da sensacion\u0101la zi\u0146a \u2013 izjukusi dzied\u0101t\u0101jas un TV person\u012bbas *D\u017eilind\u017eeras* sest\u0101 laul\u012bba. Lai gan pagaid\u0101m ofici\u0101lu koment\u0101ru no pa\u0161as D\u017eilind\u017eeras nav, runas kl\u012bst, ka attiec\u012bbu kr\u012bze izrais\u012bta negaid\u012btu apst\u0101k\u013cu d\u0113\u013c. \u0160\u0137iet, ka slaven\u012bbu dz\u012bv\u0113, glu\u017ei k\u0101 attiec\u012bbu sp\u0113l\u0113, k\u0101rtis ir sajauktas no jauna, un tas, kas \u0161\u0137ita stabils, var izr\u0101d\u012bties tikai iluzora laimes st\u0101voklis.<\/p>\n<p>D\u017eilind\u017eeras iepriek\u0161\u0113j\u0101s laul\u012bbas ir biju\u0161as gana v\u0113trainas un publiski apspriestas, t\u0101p\u0113c ar\u012b \u0161\u012b zi\u0146a raisa pastiprin\u0101tu interesi. K\u0101 v\u0113sta neofici\u0101li avoti, \u0123imenes attiec\u012bbu audekl\u0101 par\u0101d\u012bju\u0161ies k\u0101di *neparedz\u0113ti plaisas*, kas nu ir k\u013cuvu\u0161as nevald\u0101mas. Vai \u0161\u012b ir beigu s\u0101kums, vai jauns s\u0101kums jaun\u0101 dz\u012bv\u0113 \u2013 laiks r\u0101d\u012bs. Tiesa, daudzi fani pau\u017e no\u017e\u0113lu un cer, ka viss v\u0113l var\u0113tu tikt salabots.<\/p>\n<p>Toms Gr\u0113vi\u0146\u0161 atradis jaunu m\u012blest\u012bbu: Vai sirds prieks piepild\u012bjis m\u016bzi\u0137a dz\u012bvi?<\/p>\n<p>Savuk\u0101rt m\u016bzi\u0137is un d\u012bd\u017eejs *Toms Gr\u0113vi\u0146\u0161*, \u0161\u0137iet, ir atradis savu *otro pus\u012bti*. P\u0113c iepriek\u0161\u0113j\u0101m attiec\u012bbu dr\u0101m\u0101m, kas ilgu laiku bija mediju uzman\u012bbas centr\u0101, Gr\u0113vi\u0146\u0161 nu izskat\u0101s laim\u012bgs un apmierin\u0101ts. Lai gan *vi\u0146\u0161 v\u0113l negrib publiski atkl\u0101t savas jaun\u0101s partneres identit\u0101ti*, ir skaidrs, ka vi\u0146a kl\u0101tb\u016btne m\u016bzi\u0137a dz\u012bv\u0113 ir rad\u012bjusi pozit\u012bvas p\u0101rmai\u0146as. Ir j\u016btams, ka Toms atguvis sirdsmieru un ener\u0123iju, ko apliecina ar\u012b vi\u0146a jaunie muzik\u0101lie projekti.<\/p>\n<p>Jaun\u0101 d\u0101ma, p\u0113c neofici\u0101las inform\u0101cijas, nav saist\u012bta ar \u0161ovbiznesa pasauli, kas var\u0113tu b\u016bt viens no iemesliem, k\u0101p\u0113c Gr\u0113vi\u0146\u0161 v\u0113las saglab\u0101t vi\u0146as priv\u0101tumu. Tom\u0113r klus\u012bb\u0101 tiek baumots, ka attiec\u012bbas ir \u013coti nopietnas un var\u0113tu beigties ar kopdz\u012bves uzs\u0101k\u0161anu. \u0160\u012b zi\u0146a ir k\u0101 svaigs v\u0113j\u0161 pa\u0161m\u0101ju slaven\u012bbu attiec\u012bbu ainav\u0101, apliecinot, ka p\u0113c lietus vienm\u0113r sp\u012bd saule.<\/p>\n<p>Olga Rajecka ball\u0113jas ar draugiem: Ener\u0123ija un dz\u012bvesprieks latvie\u0161u d\u012bvas izpild\u012bjum\u0101<\/p>\n<p>Ener\u0123isk\u0101 un neatk\u0101rtojam\u0101 *Olga Rajecka* \u0161oned\u0113\u013c nav palikusi bez uzman\u012bbas, lai gan ne jau attiec\u012bbu jom\u0101. Vi\u0146a tika man\u012bta k\u0101d\u0101 *jautr\u0101 draugu komp\u0101nij\u0101*, kur vald\u012bja ne tikai m\u016bzika un smiekli, bet ar\u012b dej\u0101s l\u012bdz r\u012bta gaismai. Rajecka joproj\u0101m demonstr\u0113 savu *nemain\u012bgo dz\u012bvesprieku un sp\u0113ju rad\u012bt sv\u0113tku atmosf\u0113ru*, neatkar\u012bgi no apst\u0101k\u013ciem. Vi\u0146a ir k\u0101 dz\u012bvs apliecin\u0101jums tam, ka vecums ir tikai skaitlis, kad dv\u0113sele ir jauna un pilna ener\u0123ijas.<\/p>\n<p>K\u0101ds pas\u0101kuma apmekl\u0113t\u0101js atkl\u0101ja, ka Olga bijusi *\u012bsts pas\u0101kuma dv\u0113seles rad\u012bt\u0101js*, dziedot kop\u0101 ar viesiem un uzl\u0101d\u0113jot kl\u0101teso\u0161os ar savu pozit\u012bvo ener\u0123iju. Vi\u0146as kl\u0101tb\u016btne vienm\u0113r sola neaizmirstamu vakaru, un \u0161\u012b reize nebija iz\u0146\u0113mums. Rajecka ir ne tikai talant\u012bga dzied\u0101t\u0101ja, bet ar\u012b person\u012bba, kas ar savu piem\u0113ru iedvesmo citus baud\u012bt dz\u012bvi pilnv\u0113rt\u012bgi.<\/p>\n<p>Citi ned\u0113\u013cas notikumi un TV jaunumi<\/p>\n<p>Neaizmirstam ar\u012b par citiem spilgtiem notikumiem, kas \u0161oned\u0113\u013c kr\u0101soju\u0161i pa\u0161m\u0101ju \u0161ovbiznesu. Tiek baumots par jauniem protr\u016bcijas projektiem telev\u012bzij\u0101, kas sol\u0101s p\u0101rsteigt skat\u012bt\u0101jus ar neierastiem form\u0101tiem un slaven\u012bbu dal\u012bbu. T\u0101pat ar\u012b rado\u0161aj\u0101 vid\u0113 akt\u012bvi notiek da\u017e\u0101di pas\u0101kumi un sadarb\u012bbas, kas liecina par *nep\u0101rtrauktu m\u0101ksliniecisko procesu un inov\u0101ciju mekl\u0113jumiem*. \u0160\u012b ned\u0113\u013ca ir apliecin\u0101jums tam, ka Latvijas \u0161ovbizness ir dz\u012bvs, dinamisks un vienm\u0113r gatavs pied\u0101v\u0101t kaut ko jaunu un aizraujo\u0161u.<\/p>\n","protected":false},"excerpt":{"rendered":"D\u017eilind\u017eeras sest\u0101 laul\u012bba izj\u016bk: Kas notiek aizkulis\u0113s? \u0160oned\u0113\u013c pa\u0161m\u0101ju \u0161ovbiznesa krustcel\u0113s non\u0101kusi k\u0101da sensacion\u0101la zi\u0146a \u2013 izjukusi dzied\u0101t\u0101jas&hellip;\n","protected":false},"author":2,"featured_media":67586,"comment_status":"","ping_status":"","sticky":false,"template":"","format":"standard","meta":{"footnotes":""},"categories":[19],"tags":[17330,89,90,35,39,38,36,37,34,40,11585,17331,3644,11336],"class_list":{"0":"post-67585","1":"post","2":"type-post","3":"status-publish","4":"format-standard","5":"has-post-thumbnail","7":"category-izklaide","8":"tag-dzilindzera","9":"tag-entertainment","10":"tag-izklaide","11":"tag-latvia","12":"tag-latvian","13":"tag-latviesu","14":"tag-latviesu-valoda","15":"tag-latviesuvaloda","16":"tag-latvija","17":"tag-lv","18":"tag-olga-rajecka","19":"tag-pasmaju-sovbizness","20":"tag-slavenibu-attiecibas","21":"tag-toms-grevins"},"share_on_mastodon":{"url":"https:\/\/pubeurope.com\/@lv\/115676633056400278","error":""},"_links":{"self":[{"href":"https:\/\/www.europesays.com\/lv\/wp-json\/wp\/v2\/posts\/67585","targetHints":{"allow":["GET"]}}],"collection":[{"href":"https:\/\/www.europesays.com\/lv\/wp-json\/wp\/v2\/posts"}],"about":[{"href":"https:\/\/www.europesays.com\/lv\/wp-json\/wp\/v2\/types\/post"}],"author":[{"embeddable":true,"href":"https:\/\/www.europesays.com\/lv\/wp-json\/wp\/v2\/users\/2"}],"replies":[{"embeddable":true,"href":"https:\/\/www.europesays.com\/lv\/wp-json\/wp\/v2\/comments?post=67585"}],"version-history":[{"count":0,"href":"https:\/\/www.europesays.com\/lv\/wp-json\/wp\/v2\/posts\/67585\/revisions"}],"wp:featuredmedia":[{"embeddable":true,"href":"https:\/\/www.europesays.com\/lv\/wp-json\/wp\/v2\/media\/67586"}],"wp:attachment":[{"href":"https:\/\/www.europesays.com\/lv\/wp-json\/wp\/v2\/media?parent=67585"}],"wp:term":[{"taxonomy":"category","embeddable":true,"href":"https:\/\/www.europesays.com\/lv\/wp-json\/wp\/v2\/categories?post=67585"},{"taxonomy":"post_tag","embeddable":true,"href":"https:\/\/www.europesays.com\/lv\/wp-json\/wp\/v2\/tags?post=67585"}],"curies":[{"name":"wp","href":"https:\/\/api.w.org\/{rel}","templated":true}]}}