{"id":67619,"date":"2025-12-07T07:04:07","date_gmt":"2025-12-07T07:04:07","guid":{"rendered":"https:\/\/www.europesays.com\/lv\/67619\/"},"modified":"2025-12-07T07:04:07","modified_gmt":"2025-12-07T07:04:07","slug":"madara-lauz-klusumu-ar-jaunu-singlu-un-ceribu-pilnu-videoklipu-sai-pasaule-lente-lv","status":"publish","type":"post","link":"https:\/\/www.europesays.com\/lv\/67619\/","title":{"rendered":"Madara lau\u017e klusumu ar jaunu singlu un cer\u012bbu pilnu videoklipu &#8220;\u0160ai pasaul\u0113&#8221;\u00a0\u2014\u00a0Lente.lv"},"content":{"rendered":"<p>Madara pied\u0101v\u0101 jaunu cer\u012bbu ar singlu un videoklipu &#8220;\u0160ai pasaul\u0113&#8221;<\/p>\n<p>M\u016bzi\u0137e Madara, \u012bstaj\u0101 v\u0101rd\u0101 Madara Fogelmane, ir laidusi klaj\u0101 savu jaun\u0101ko solo singlu un videoklipu ar nosaukumu &#8220;\u0160ai pasaul\u0113&#8221;. \u0160is darbs tiek pasniegts k\u0101 jauns un noz\u012bm\u012bgs pagrieziena punkts vi\u0146as muzik\u0101laj\u0101 karjer\u0101, jo tas ir vi\u0146as pirmais pilnv\u0113rt\u012bgais solo singls p\u0113c vair\u0101ku gadu akt\u012bvas darb\u012bbas m\u016bzikas grup\u0101s. Dziesma &#8220;\u0160ai pasaul\u0113&#8221; ir rad\u012bta, lai sniegtu klaus\u012bt\u0101jiem ener\u0123isku un pozit\u012bvu l\u0101di\u0146u, ienesot jaunas cer\u012bbas un dzi\u013ci person\u012bgu emociju saj\u016btu. T\u0101s v\u0113st\u012bjums ir par m\u016bsdienu cilv\u0113ka izaicin\u0101jumiem \u2013 br\u012b\u017eiem, kad j\u016btamies zaud\u0113ju\u0161i savu iek\u0161\u0113jo sp\u0113ku un kad ikdienas steig\u0101 viss \u0161\u0137iet p\u0101r\u0101k daudz. Dziesma aicina apjaust, ka neskatoties uz gr\u016bt\u012bb\u0101m, viss pasaul\u0113 joproj\u0101m var b\u016bt labi, un mudina mekl\u0113t ce\u013cu uz gaismu un skaidr\u012bbu.<\/p>\n<p>Videoklips: gaismas, \u0113nu un emociju ce\u013cojums<\/p>\n<p>Videoklipu dziesmai &#8220;\u0160ai pasaul\u0113&#8221; veidojis rado\u0161ais tand\u0113ms sadarb\u012bb\u0101 ar re\u017eisori L\u0101smu Neul\u0101ni. Tas ir vizu\u0101li iespaid\u012bgs ce\u013cojums, kas balst\u012bts uz gaismu, \u0113nu un dzi\u013c\u0101m emocij\u0101m, atspogu\u013cojot dziesmas centr\u0101lo ideju. Klipa si\u017eets simboliski att\u0113lo cilv\u0113ka ce\u013cu no apzi\u0146as tumsas uz skaidr\u012bbu un gaismu, kur\u0101 visas lietas ie\u0146em savu \u012bsto vietu. Interesanti, ka klipa tap\u0161an\u0101 piedal\u012bju\u0161\u0101s ar\u012b Agra Da\u0146i\u013cevi\u010da deju skolas &#8220;Dzirnas&#8221; dejot\u0101jas, pie\u0161\u0137irot tam papildu dinamiku un m\u0101ksliniecisko dzi\u013cumu. Madara pati par klipa rad\u012b\u0161anu saka: &#8220;Kadru p\u0113c kadra gaismas stari \u0161\u0137e\u013c telpu k\u0101 jaunas atkl\u0101smes, izgaismojot gan trauslumu, gan sp\u0113ku.&#8221; Vi\u0146a piebilst, ka siluets, kas main\u012bgi atrodas gan \u0113n\u0101, gan spo\u017eum\u0101, simboliz\u0113 ikdienas c\u012b\u0146as, kur\u0101s m\u0113s bie\u017ei paz\u016bdam, lai p\u0113c\u0101k atkal atrastu sevi. Klip\u0101 iem\u016b\u017ein\u0101ts viss, kas dziesmas rad\u012b\u0161anas proces\u0101 Madarai \u0161\u0137itis svar\u012bgs: paciet\u012bba, paties\u012bgums, neizteiktie v\u0101rdi un v\u0113lme dal\u012bties ar to, kas liek sirdij pukst\u0113t strauj\u0101k.<\/p>\n<p>Madaras muzik\u0101lais ce\u013c\u0161: no \u010della skolas l\u012bdz solo karjerai<\/p>\n<p>Madara Fogelmane, pla\u0161\u0101k paz\u012bstama k\u0101 MADARA, ir ne tikai talant\u012bga dzied\u0101t\u0101ja, bet ar\u012b izcila \u010delliste un dziesmu autore. Vi\u0146as muzik\u0101l\u0101 izgl\u012bt\u012bba ir iespaid\u012bga \u2013 dzimusi un audzin\u0101ta Latvij\u0101, \u010della sp\u0113li vi\u0146a apguvusi presti\u017eos konservatorij\u0101s Amsterdam\u0101 un Brisel\u0113, kur guvusi zin\u0101\u0161anas pie pasaul\u0113 atz\u012btiem \u010della profesoriem. Neskatoties uz pla\u0161o starptautisko pieredzi, Madara vienm\u0113r sevi saista ar Latviju, kuru d\u0113v\u0113 par sav\u0101m m\u0101j\u0101m. Vi\u0146a vada savu priv\u0101tpraksi &#8220;\u010cella skola&#8221;, kas velt\u012bta \u010della sp\u0113les apm\u0101c\u012bbai gan b\u0113rniem, gan pieaugu\u0161ajiem R\u012bgas centr\u0101. Papildus tam vi\u0146a str\u0101d\u0101 ar\u012b &#8220;Saldus m\u016bzikas skol\u0101&#8221; k\u0101 \u010della pasniedz\u0113ja, apliecinot savu dzi\u013co saist\u012bbu ar m\u016bzikas izgl\u012bt\u012bbu un jauno talantu att\u012bst\u012bbu.<\/p>\n<p>Jaunais singls k\u0101 priek\u0161v\u0113stnesis gaid\u0101majam albumam<\/p>\n<p>Singls &#8220;\u0160ai pasaul\u0113&#8221; kalpo ne tikai k\u0101 atsevi\u0161\u0137s m\u0101kslas darbs, bet ar\u012b k\u0101 svar\u012bgs priek\u0161v\u0113stnesis Madaras gaid\u0101majam pilna apjoma albumam. Tas sniedz klaus\u012bt\u0101jiem priek\u0161statu par dziesmu stilistisko virzienu un muzik\u0101lo kvalit\u0101ti, kas sagaid\u0101ma jaunaj\u0101 album\u0101. Jaunais singls ir dinamiskas m\u016bzikas paraugs, kas piepild\u012bts ar ener\u0123iju, cer\u012bbu un pozit\u012bv\u0101m emocij\u0101m, radot priek\u0161statu par gaid\u0101mo dziesmu kopumu. Tas ir aicin\u0101jums piev\u0113rst uzman\u012bbu savai iek\u0161\u0113jai pasaulei un mekl\u0113t harmoniju neskatoties uz \u0101r\u0113jiem apst\u0101k\u013ciem.<\/p>\n<p>Madara un vi\u0146as muzik\u0101l\u0101 identit\u0101te<\/p>\n<p>MADARA sav\u0101 m\u016bzik\u0101 apvieno \u010della tembr\u0101lo dzi\u013cumu ar savu maigo un izteiksm\u012bgo balsi. Vi\u0146as kompoz\u012bcijas bie\u017ei vien rod iedvesmu no dabas, cilv\u0113ku attiec\u012bb\u0101m, klusuma br\u012b\u017eiem un ska\u0146as burv\u012bbas, radot dziesmas, kas ir k\u0101 st\u0101sti vai k\u0101 lidojums. Madaras m\u016bzika n\u0101k no dv\u0113seles, aicinot klaus\u012bt\u0101jus ieklaus\u012bties ar\u012b sav\u0113j\u0101. Vi\u0146as rado\u0161\u0101 biogr\u0101fija, kas ietver gan \u010dellistes prasmes, gan dzied\u0101t\u0101jas un dziesmu autoru pieredzi, padara vi\u0146u par daudzpus\u012bgu m\u0101kslinieci Latvijas m\u016bzikas ainav\u0101. Vi\u0146as jaun\u0101 dziesma &#8220;\u0160ai pasaul\u0113&#8221; ir apliecin\u0101jums vi\u0146as sp\u0113jai rad\u012bt m\u016bziku, kas ne tikai pat\u012bk ausij, bet ar\u012b dzi\u013ci aizkustina un iedvesmo.<\/p>\n","protected":false},"excerpt":{"rendered":"Madara pied\u0101v\u0101 jaunu cer\u012bbu ar singlu un videoklipu &#8220;\u0160ai pasaul\u0113&#8221; M\u016bzi\u0137e Madara, \u012bstaj\u0101 v\u0101rd\u0101 Madara Fogelmane, ir laidusi&hellip;\n","protected":false},"author":2,"featured_media":67620,"comment_status":"","ping_status":"","sticky":false,"template":"","format":"standard","meta":{"footnotes":""},"categories":[19],"tags":[89,90,440,35,39,38,194,36,37,34,40,16982,17350,441],"class_list":{"0":"post-67619","1":"post","2":"type-post","3":"status-publish","4":"format-standard","5":"has-post-thumbnail","7":"category-izklaide","8":"tag-entertainment","9":"tag-izklaide","10":"tag-jauns-singls","11":"tag-latvia","12":"tag-latvian","13":"tag-latviesu","14":"tag-latviesu-muzika","15":"tag-latviesu-valoda","16":"tag-latviesuvaloda","17":"tag-latvija","18":"tag-lv","19":"tag-madara","20":"tag-sai-pasaule","21":"tag-videoklips"},"share_on_mastodon":{"url":"https:\/\/pubeurope.com\/@lv\/115677014586443433","error":""},"_links":{"self":[{"href":"https:\/\/www.europesays.com\/lv\/wp-json\/wp\/v2\/posts\/67619","targetHints":{"allow":["GET"]}}],"collection":[{"href":"https:\/\/www.europesays.com\/lv\/wp-json\/wp\/v2\/posts"}],"about":[{"href":"https:\/\/www.europesays.com\/lv\/wp-json\/wp\/v2\/types\/post"}],"author":[{"embeddable":true,"href":"https:\/\/www.europesays.com\/lv\/wp-json\/wp\/v2\/users\/2"}],"replies":[{"embeddable":true,"href":"https:\/\/www.europesays.com\/lv\/wp-json\/wp\/v2\/comments?post=67619"}],"version-history":[{"count":0,"href":"https:\/\/www.europesays.com\/lv\/wp-json\/wp\/v2\/posts\/67619\/revisions"}],"wp:featuredmedia":[{"embeddable":true,"href":"https:\/\/www.europesays.com\/lv\/wp-json\/wp\/v2\/media\/67620"}],"wp:attachment":[{"href":"https:\/\/www.europesays.com\/lv\/wp-json\/wp\/v2\/media?parent=67619"}],"wp:term":[{"taxonomy":"category","embeddable":true,"href":"https:\/\/www.europesays.com\/lv\/wp-json\/wp\/v2\/categories?post=67619"},{"taxonomy":"post_tag","embeddable":true,"href":"https:\/\/www.europesays.com\/lv\/wp-json\/wp\/v2\/tags?post=67619"}],"curies":[{"name":"wp","href":"https:\/\/api.w.org\/{rel}","templated":true}]}}