{"id":67625,"date":"2025-12-07T07:13:08","date_gmt":"2025-12-07T07:13:08","guid":{"rendered":"https:\/\/www.europesays.com\/lv\/67625\/"},"modified":"2025-12-07T07:13:08","modified_gmt":"2025-12-07T07:13:08","slug":"ukrainas-nakotne-izskatas-loti-druma","status":"publish","type":"post","link":"https:\/\/www.europesays.com\/lv\/67625\/","title":{"rendered":"Ukrainas n\u0101kotne izskat\u0101s \u013coti dr\u016bma"},"content":{"rendered":"<p>P\u0113c vi\u0146a teikt\u0101, Krievijas sp\u0113ki izmanto &#8220;Molnija&#8221; dronus un vi\u013c\u0146veid\u0101 palaistus mini kamikadzes dronus ar spr\u0101gstviel\u0101m, savuk\u0101rt Ukrainai masveida ra\u017eo\u0161an\u0101 nav nek\u0101 l\u012bdz\u012bga.<\/p>\n<p>Vienlaikus Krievija ap\u0161auda ar\u012b citas svar\u012bgas Doneckas re\u0123iona pils\u0113tas, tostarp Kostjanti\u0146ivku un Limanu. Ukrainas kapteinis Olehs Voitsehovskis, kura vien\u012bba disloc\u0113ta net\u0101lu no Limanas, sac\u012bja, ka Krievijas sp\u0113ki uzbr\u016bk &#8220;nep\u0101rtraukti&#8221; un &#8220;visos virzienos&#8221;. Dronu triecieni un artil\u0113rijas uguns neapst\u0101jas, vi\u0146\u0161 teica: &#8220;P\u0113d\u0113jo divu m\u0113ne\u0161u laik\u0101 kauju intensit\u0101te ir iev\u0113rojami pieaugusi.&#8221;<\/p>\n<p>Nacion\u0101l\u0101s gvardes 14. operat\u012bv\u0101s brig\u0101des karav\u012brs Maksims Bakulins st\u0101st\u012bja, ka v\u0113l pirms gada pils\u0113ta bija &#8220;dz\u012bva&#8221;, bet tagad k\u0101dreiz ros\u012bg\u0101s Pokrovskas ielas ir &#8220;nokl\u0101tas ar civiliedz\u012bvot\u0101ju un karav\u012bru \u0137erme\u0146iem, kurus nav iesp\u0113jams evaku\u0113t&#8221;.<\/p>\n<p>Taj\u0101 pa\u0161\u0101 laik\u0101, Ukrainai koncentr\u0113jot tik daudz resursu \u0161ai kaujai, Krievijas sp\u0113ki saskat\u012bja iesp\u0113ju triecienam citur front\u0113 \u2013 Zapori\u017ejas apgabala dienvidaustrumu da\u013c\u0101. Ukraina uz turieni p\u0101rvietoja da\u013cu rezervju, kas pal\u012bdz\u0113ja pal\u0113nin\u0101t uzbrukumu, &#8220;ta\u010du temps joproj\u0101m ir diezgan satrauco\u0161s&#8221;, nor\u0101d\u012bja Kastehelmi.<\/p>\n","protected":false},"excerpt":{"rendered":"P\u0113c vi\u0146a teikt\u0101, Krievijas sp\u0113ki izmanto &#8220;Molnija&#8221; dronus un vi\u013c\u0146veid\u0101 palaistus mini kamikadzes dronus ar spr\u0101gstviel\u0101m, savuk\u0101rt Ukrainai&hellip;\n","protected":false},"author":2,"featured_media":64319,"comment_status":"","ping_status":"","sticky":false,"template":"","format":"standard","meta":{"footnotes":""},"categories":[14],"tags":[23,57,28,29,32,33,22,3131,74,30,31,35,39,38,36,37,34,40,20,26,27,24,25,276,54,55,56,21,58],"class_list":{"0":"post-67625","1":"post","2":"type-post","3":"status-publish","4":"format-standard","5":"has-post-thumbnail","7":"category-zinas-no-arvalstim","8":"tag-aktualitates","9":"tag-arvalstim","10":"tag-breaking-news","11":"tag-breakingnews","12":"tag-featured-news","13":"tag-featurednews","14":"tag-headlines","15":"tag-kars","16":"tag-krievijas-iebrukums-ukraina","17":"tag-latest-news","18":"tag-latestnews","19":"tag-latvia","20":"tag-latvian","21":"tag-latviesu","22":"tag-latviesu-valoda","23":"tag-latviesuvaloda","24":"tag-latvija","25":"tag-lv","26":"tag-news","27":"tag-popularakas-zinas","28":"tag-popularakaszinas","29":"tag-top-stories","30":"tag-topstories","31":"tag-ukraina","32":"tag-world","33":"tag-world-news","34":"tag-worldnews","35":"tag-zinas","36":"tag-zinas-no-arvalstim"},"share_on_mastodon":{"url":"https:\/\/pubeurope.com\/@lv\/115677049943947184","error":""},"_links":{"self":[{"href":"https:\/\/www.europesays.com\/lv\/wp-json\/wp\/v2\/posts\/67625","targetHints":{"allow":["GET"]}}],"collection":[{"href":"https:\/\/www.europesays.com\/lv\/wp-json\/wp\/v2\/posts"}],"about":[{"href":"https:\/\/www.europesays.com\/lv\/wp-json\/wp\/v2\/types\/post"}],"author":[{"embeddable":true,"href":"https:\/\/www.europesays.com\/lv\/wp-json\/wp\/v2\/users\/2"}],"replies":[{"embeddable":true,"href":"https:\/\/www.europesays.com\/lv\/wp-json\/wp\/v2\/comments?post=67625"}],"version-history":[{"count":0,"href":"https:\/\/www.europesays.com\/lv\/wp-json\/wp\/v2\/posts\/67625\/revisions"}],"wp:featuredmedia":[{"embeddable":true,"href":"https:\/\/www.europesays.com\/lv\/wp-json\/wp\/v2\/media\/64319"}],"wp:attachment":[{"href":"https:\/\/www.europesays.com\/lv\/wp-json\/wp\/v2\/media?parent=67625"}],"wp:term":[{"taxonomy":"category","embeddable":true,"href":"https:\/\/www.europesays.com\/lv\/wp-json\/wp\/v2\/categories?post=67625"},{"taxonomy":"post_tag","embeddable":true,"href":"https:\/\/www.europesays.com\/lv\/wp-json\/wp\/v2\/tags?post=67625"}],"curies":[{"name":"wp","href":"https:\/\/api.w.org\/{rel}","templated":true}]}}