{"id":67626,"date":"2025-12-07T07:14:07","date_gmt":"2025-12-07T07:14:07","guid":{"rendered":"https:\/\/www.europesays.com\/lv\/67626\/"},"modified":"2025-12-07T07:14:07","modified_gmt":"2025-12-07T07:14:07","slug":"konkurence-kosmosa-diena","status":"publish","type":"post","link":"https:\/\/www.europesays.com\/lv\/67626\/","title":{"rendered":"Konkurence kosmos\u0101 \/ Diena"},"content":{"rendered":"<p>\t\t&#13;<\/p>\n<p>Pirms piev\u0113r\u0161an\u0101s konkr\u0113t\u0101m kosmosa apguves programm\u0101m v\u0113rts atg\u0101din\u0101t, ka to visu pamats vispirms ir sp\u0113ja nog\u0101d\u0101t kosmos\u0101 da\u017e\u0101das kravas, k\u0101 ar\u012b cilv\u0113kus jeb \u012bstenot nepilot\u0113jamos (kravu) un pilot\u0113jamos (cilv\u0113ku) kosmiskos lidojumus. Augst\u0101kais l\u012bmenis, protams, ir otrie, kuru veik\u0161anai bez ra\u0137et\u0113m ir nepiecie\u0161ami ar\u012b \u012bpa\u0161i modu\u013ci ar dz\u012bv\u012bbas nodro\u0161in\u0101\u0161anas sist\u0113m\u0101m. T\u0101dus l\u012bdz \u0161im sp\u0113ju\u0161as izstr\u0101d\u0101t un ar tiem nog\u0101d\u0101t kosmos\u0101 cilv\u0113kus tikai tr\u012bs pasaules valstis \u2013 ASV, \u0136\u012bna un Krievija.<\/p>\n<p>&#13;<br \/>\n&#13;<\/p>\n<p>Ab\u0101s p\u0113d\u0113j\u0101s no t\u0101m pilot\u0113jamos lidojumus nodro\u0161ina valsts a\u0123ent\u016bras \u2013 attiec\u012bgi \u0136\u012bnas Nacion\u0101l\u0101 kosmosa a\u0123ent\u016bra (CNSA) un Roskosmos, kam\u0113r ASV \u2013 Nacion\u0101l\u0101 aeronautikas un kosmosa administr\u0101cija (NASA) pla\u0161\u0101 sadarb\u012bb\u0101 ar priv\u0101t\u0101m komp\u0101nij\u0101m, t\u0101d\u0101m k\u0101, piem\u0113ram, SpaceX. Tikai \u0161\u012bm trim valst\u012bm (ASV gad\u012bjum\u0101 t\u0101tad ar\u012b priv\u0101tajiem uz\u0146\u0113mumiem) ir darboties sp\u0113j\u012bgi risin\u0101jumi pilot\u0113jamu kosmisko lidojumu \u012bsteno\u0161anai, un nekas neliecina, ka situ\u0101cija p\u0101rskat\u0101m\u0101 n\u0101kotn\u0113 var\u0113tu main\u012bties.<\/p>\n<p>&#13;<br \/>\n&#13;<\/p>\n<p>Tikm\u0113r to valstu vai (Eiropas Savien\u012bbas gad\u012bjum\u0101) valstu apvien\u012bbu saraksts, kuras saviem sp\u0113kiem veiku\u0161as vai veic nepilot\u0113jamus kosmiskus lidojumus, protams, ir pla\u0161\u0101ks. Bez ASV, \u0136\u012bnas un Krievijas taj\u0101 v\u0113l ietilpst Eiropas Savien\u012bba (ES), Indija, Jap\u0101na, abas Korejas \u2013 gan Zieme\u013ckoreja, gan Dienvidkoreja \u2013, Izra\u0113la, Ir\u0101na un ar\u012b Ukraina (\u0161\u012bs valsts gad\u012bjum\u0101 tika izmantotas v\u0113l PSRS laik\u0101 izstr\u0101d\u0101tas ra\u0137etes Zenit, kuras izgatavotas Ukrain\u0101). V\u0113l pag\u0101ju\u0161aj\u0101 gadsimt\u0101 savus nepilot\u0113jamos lidojumus veica ar\u012b Lielbrit\u0101nija un Francija. T\u0101m savu nacion\u0101lo programmu gan vairs nav, lai gan, piem\u0113ram, Francijai pieder vado\u0161\u0101 loma Eiropas Kosmosa a\u0123ent\u016bras (ESA) programm\u0101\u00a0Ariane.<\/p>\n<p>&#13;<br \/>\n&#13;<\/p>\n<p>Sav\u0101 zi\u0146\u0101 par apdal\u012btu var uzskat\u012bt It\u0101liju, kura ESA programmas\u00a0Vega\u00a0ietvaros ir vado\u0161\u0101 t\u0101da pa\u0161a nosaukuma ra\u0137e\u0161u izstr\u0101d\u0101t\u0101ja. Ja raug\u0101s p\u0113c b\u016bt\u012bbas, tad Vega \u2013 t\u0101s ir It\u0101lijas nes\u0113jra\u0137etes, tom\u0113r<\/p>\n<p>&#13;<\/p>\n<p>Visu rakstu lasiet \u017eurn\u0101la SestDiena 5.-11. decembra numur\u0101! Ja v\u0113laties \u017eurn\u0101la saturu turpm\u0101k las\u012bt druk\u0101t\u0101 form\u0101t\u0101, to iesp\u0113jams abon\u0113t <a href=\"https:\/\/www.diena.lv\/eveikals\/kategorija\/abonesana\/?attr%5B144%5D=1316&amp;price-from=&amp;price-to=\" rel=\"nofollow noopener\" target=\"_blank\">\u0160EIT<\/a>!<\/p>\n<p>\t\t\t&#13;<\/p>\n<p>&#13;<br \/>\n\t\t\t&#13;<br \/>\n\t\t\t\tRaksta pilno versiju var ieg\u0101d\u0101ties ar\u012b port\u0101l\u0101 Diena.lv &#8211; autoriz\u0113jies,  <a href=\"https:\/\/www.diena.lv\/raksts\/sestdiena\/pasaule\/javascript:;\" onclick=\"Diena.user.showLogin()\" rel=\"nofollow noopener\" target=\"_blank\">klik\u0161\u0137inot \u0161eit!<\/a>&#13;<br \/>\n\t\t\t&#13;\n\t\t<\/p>\n<p>&#13;<br \/>\n\t\t&#13;<\/p>\n<p class=\"paid-article-text__price\">&#13;<br \/>\n\t\t\tRaksta cena: \u20ac1.49&#13;\n\t\t<\/p>\n<p>&#13;<br \/>\n\t\t&#13;<\/p>\n<p class=\"more\">&#13;<br \/>\n\t\t\t&#13;<br \/>\n\t\t\t<a target=\"_blank\" href=\"https:\/\/www.diena.lv\/maksas-saturs\" rel=\"nofollow noopener\">Vair\u0101k inform\u0101cijas<\/a>&#13;\n\t\t<\/p>\n<p>&#13;<br \/>\n\t\t&#13;<\/p>\n","protected":false},"excerpt":{"rendered":"&#13; Pirms piev\u0113r\u0161an\u0101s konkr\u0113t\u0101m kosmosa apguves programm\u0101m v\u0113rts atg\u0101din\u0101t, ka to visu pamats vispirms ir sp\u0113ja nog\u0101d\u0101t kosmos\u0101&hellip;\n","protected":false},"author":2,"featured_media":67627,"comment_status":"","ping_status":"","sticky":false,"template":"","format":"standard","meta":{"footnotes":""},"categories":[12],"tags":[23,28,29,32,33,22,30,31,35,39,38,36,37,34,40,20,26,27,24,25,21],"class_list":{"0":"post-67626","1":"post","2":"type-post","3":"status-publish","4":"format-standard","5":"has-post-thumbnail","7":"category-latvija","8":"tag-aktualitates","9":"tag-breaking-news","10":"tag-breakingnews","11":"tag-featured-news","12":"tag-featurednews","13":"tag-headlines","14":"tag-latest-news","15":"tag-latestnews","16":"tag-latvia","17":"tag-latvian","18":"tag-latviesu","19":"tag-latviesu-valoda","20":"tag-latviesuvaloda","21":"tag-latvija","22":"tag-lv","23":"tag-news","24":"tag-popularakas-zinas","25":"tag-popularakaszinas","26":"tag-top-stories","27":"tag-topstories","28":"tag-zinas"},"share_on_mastodon":{"url":"https:\/\/pubeurope.com\/@lv\/115677053843462355","error":""},"_links":{"self":[{"href":"https:\/\/www.europesays.com\/lv\/wp-json\/wp\/v2\/posts\/67626","targetHints":{"allow":["GET"]}}],"collection":[{"href":"https:\/\/www.europesays.com\/lv\/wp-json\/wp\/v2\/posts"}],"about":[{"href":"https:\/\/www.europesays.com\/lv\/wp-json\/wp\/v2\/types\/post"}],"author":[{"embeddable":true,"href":"https:\/\/www.europesays.com\/lv\/wp-json\/wp\/v2\/users\/2"}],"replies":[{"embeddable":true,"href":"https:\/\/www.europesays.com\/lv\/wp-json\/wp\/v2\/comments?post=67626"}],"version-history":[{"count":0,"href":"https:\/\/www.europesays.com\/lv\/wp-json\/wp\/v2\/posts\/67626\/revisions"}],"wp:featuredmedia":[{"embeddable":true,"href":"https:\/\/www.europesays.com\/lv\/wp-json\/wp\/v2\/media\/67627"}],"wp:attachment":[{"href":"https:\/\/www.europesays.com\/lv\/wp-json\/wp\/v2\/media?parent=67626"}],"wp:term":[{"taxonomy":"category","embeddable":true,"href":"https:\/\/www.europesays.com\/lv\/wp-json\/wp\/v2\/categories?post=67626"},{"taxonomy":"post_tag","embeddable":true,"href":"https:\/\/www.europesays.com\/lv\/wp-json\/wp\/v2\/tags?post=67626"}],"curies":[{"name":"wp","href":"https:\/\/api.w.org\/{rel}","templated":true}]}}