{"id":67630,"date":"2025-12-07T07:17:08","date_gmt":"2025-12-07T07:17:08","guid":{"rendered":"https:\/\/www.europesays.com\/lv\/67630\/"},"modified":"2025-12-07T07:17:08","modified_gmt":"2025-12-07T07:17:08","slug":"luka-doncics-sagaidija-otro-meitu-oliviju-un-dalijas-ar-pirmo-fotografiju","status":"publish","type":"post","link":"https:\/\/www.europesays.com\/lv\/67630\/","title":{"rendered":"Luka Don\u010di\u010ds sagaid\u012bja otro meitu Ol\u012bviju un dal\u012bj\u0101s ar pirmo fotogr\u0101fiju"},"content":{"rendered":"<p>P\u0101ra pirm\u0101 meita Gabriela ar\u012b piedzima decembr\u012b, padarot to par \u012bpa\u0161u m\u0113nesi \u0123imenei. Sav\u0101 \u201cInstagram\u201d ierakst\u0101 Don\u010di\u010ds atkl\u0101ja jaundzimu\u0161\u0101 v\u0101rdu ierakstot: \u201cOl\u012bvija\u201d, sniedzot faniem saldu ieskatu savas \u0123imenes papildin\u0101jum\u0101.<\/p>\n<p>Don\u010di\u010ds izlaida divas nesen\u0101s sp\u0113les \u201cLakers\u201d sast\u0101v\u0101 pret Toronto \u201cRaptors\u201d un Boston \u201cCeltics\u201d, pavadot laiku kop\u0101 ar \u0123imeni. raksta \u201cMarca\u201d.<\/p>\n<p>Paredzams, ka Don\u010di\u010ds basketbola laukum\u0101 atgriez\u012bsies sv\u0113tdienas sp\u0113l\u0113 pret Filadelfijas \u201c76ers\u201d.<\/p>\n<p>Tagad, kad Ol\u012bvija ir \u0123imen\u0113, Don\u010di\u010ds l\u012bdzsvaro jauno t\u0113va lomu un basketbolu, pier\u0101dot, ka var g\u016bt pan\u0101kumus gan laukum\u0101, gan m\u0101j\u0101s.<\/p>\n<p>Don\u010di\u010dam ir svar\u012bga \u0123imene un vi\u0146a meitas. Vec\u0101k\u0101s meitas dzim\u0161anas dien\u0101 Don\u010di\u010ds \u201cInstragram\u201d dal\u012bj\u0101s ar sirsn\u012bgu ieraktu: \u201cDaudz laimes dzim\u0161anas dien\u0101, mana maz\u0101 princese! Tu sniedz visliel\u0101ko prieku man\u0101 dz\u012bv\u0113! Es tevi m\u012blu, man tevis tik \u013coti pietr\u016bkst un nevaru sagaid\u012bt, kad dr\u012bz tevi redz\u0113\u0161u.\u201d<\/p>\n<blockquote class=\"instagram-media\" data-instgrm-captioned=\"\" data-instgrm-permalink=\"https:\/\/www.instagram.com\/p\/DRsG9KMAZc5\/?utm_source=ig_embed&amp;utm_campaign=loading\" data-instgrm-version=\"14\" style=\" background:#FFF; border:0; border-radius:3px; box-shadow:0 0 1px 0 rgba(0,0,0,0.5),0 1px 10px 0 rgba(0,0,0,0.15); margin: 1px; max-width:658px; min-width:326px; padding:0; width:99.375%; width:-webkit-calc(100% - 2px); width:calc(100% - 2px);\">\n<\/blockquote>\n<p class=\"tv3-fw-500\">Zi\u0146o par k\u013c\u016bdu rakst\u0101<\/p>\n<p class=\"d-md-block d-none\">Iez\u012bm\u0113 k\u013c\u016bdaino tekstu un spied Ctrl+Enter.<\/p>\n<p class=\"d-md-none d-block\">Iez\u012bm\u0113 k\u013c\u016bdaino tekstu un zi\u0146o par to!<\/p>\n<p>                <script async src=\"\/\/www.instagram.com\/embed.js\"><\/script><\/p>\n","protected":false},"excerpt":{"rendered":"P\u0101ra pirm\u0101 meita Gabriela ar\u012b piedzima decembr\u012b, padarot to par \u012bpa\u0161u m\u0113nesi \u0123imenei. Sav\u0101 \u201cInstagram\u201d ierakst\u0101 Don\u010di\u010ds atkl\u0101ja&hellip;\n","protected":false},"author":2,"featured_media":67631,"comment_status":"","ping_status":"","sticky":false,"template":"","format":"standard","meta":{"footnotes":""},"categories":[17],"tags":[35,39,38,36,37,34,17356,40,67],"class_list":{"0":"post-67630","1":"post","2":"type-post","3":"status-publish","4":"format-standard","5":"has-post-thumbnail","7":"category-sports","8":"tag-latvia","9":"tag-latvian","10":"tag-latviesu","11":"tag-latviesu-valoda","12":"tag-latviesuvaloda","13":"tag-latvija","14":"tag-losandzelosas-lakersluka-doncicsnbaslavenibu-berni","15":"tag-lv","16":"tag-sports"},"share_on_mastodon":{"url":"https:\/\/pubeurope.com\/@lv\/115677065619574326","error":""},"_links":{"self":[{"href":"https:\/\/www.europesays.com\/lv\/wp-json\/wp\/v2\/posts\/67630","targetHints":{"allow":["GET"]}}],"collection":[{"href":"https:\/\/www.europesays.com\/lv\/wp-json\/wp\/v2\/posts"}],"about":[{"href":"https:\/\/www.europesays.com\/lv\/wp-json\/wp\/v2\/types\/post"}],"author":[{"embeddable":true,"href":"https:\/\/www.europesays.com\/lv\/wp-json\/wp\/v2\/users\/2"}],"replies":[{"embeddable":true,"href":"https:\/\/www.europesays.com\/lv\/wp-json\/wp\/v2\/comments?post=67630"}],"version-history":[{"count":0,"href":"https:\/\/www.europesays.com\/lv\/wp-json\/wp\/v2\/posts\/67630\/revisions"}],"wp:featuredmedia":[{"embeddable":true,"href":"https:\/\/www.europesays.com\/lv\/wp-json\/wp\/v2\/media\/67631"}],"wp:attachment":[{"href":"https:\/\/www.europesays.com\/lv\/wp-json\/wp\/v2\/media?parent=67630"}],"wp:term":[{"taxonomy":"category","embeddable":true,"href":"https:\/\/www.europesays.com\/lv\/wp-json\/wp\/v2\/categories?post=67630"},{"taxonomy":"post_tag","embeddable":true,"href":"https:\/\/www.europesays.com\/lv\/wp-json\/wp\/v2\/tags?post=67630"}],"curies":[{"name":"wp","href":"https:\/\/api.w.org\/{rel}","templated":true}]}}