{"id":67634,"date":"2025-12-07T07:20:21","date_gmt":"2025-12-07T07:20:21","guid":{"rendered":"https:\/\/www.europesays.com\/lv\/67634\/"},"modified":"2025-12-07T07:20:21","modified_gmt":"2025-12-07T07:20:21","slug":"maija-un-dzeimijs-atjauno-senu-muizu-ardava-lai-atstatu-ko-paliekosu-raksts","status":"publish","type":"post","link":"https:\/\/www.europesays.com\/lv\/67634\/","title":{"rendered":"Maija un D\u017eeimijs atjauno senu mui\u017eu \u0100rdav\u0101, lai atst\u0101tu ko palieko\u0161u \/ Raksts"},"content":{"rendered":"<p>Apbrauku\u0161i lielu da\u013cu pasaules, latgaliete Maija un no \u012arijas n\u0101ku\u0161ais D\u017eeimijs nu jau pirms vair\u0101kiem gadiem saprata \u2013\u00a0tie\u0161i pasaules pieredze devusi vi\u0146iem iesp\u0113ju apzin\u0101ties, ka nepiecie\u0161ams ne vien baud\u012bt, bet ar\u012b atst\u0101t ko palieko\u0161u. T\u0101d\u0113\u013c pirms pieciem\u00a0gadiem vi\u0146i pie\u0146\u0113ma ne vieglu l\u0113mumu un ieg\u0101d\u0101j\u0101s nov\u0101rt\u0101 atst\u0101tu mui\u017eu Latgal\u0113, un tagad to maziem sol\u012b\u0161iem atjauno ne vien k\u0101 m\u0101ju sev, bet ar\u012b k\u0101 tik\u0161an\u0101s vietu viet\u0113jiem un t\u0101l\u0101kiem viesiem.<\/p>\n<p style=\"margin-left:0cm; margin-right:0cm\">Prei\u013cu novad\u0101 eso\u0161\u0101s \u0100rdavas mui\u017eas v\u0113sture iestiepjas 19. gadsimta se\u0161desmitajos gados, un internacion\u0101lais p\u0101ris nu ar cie\u0146u to p\u0113ta, pa vasar\u0101m to ar\u012b apdz\u012bvo, uz\u0146em t\u016bristus, viesus, organiz\u0113 pas\u0101kumus\u00a0un k\u0101dreiz te cer iek\u0101rtot vietu m\u0101ksliniekiem un amatniekiem un, iesp\u0113jams, ar\u012b viesn\u012bcu, bet galvenais\u00a0\u2013 \u012bstu m\u0101ju sev.<\/p>\n<p>Lai skat\u012btu \u0161o resursu, mums ir nepiecie\u0161ama j\u016bsu piekri\u0161ana s\u012bkdatn\u0113m.<\/p>\n<p>Piekr\u012btu &#8220;Tre\u0161\u0101s puses&#8221; s\u012bkdatn\u0113mP\u0101rvald\u012bt s\u012bkdatnes<\/p>\n<p><a id=\"1\" name=\"1\"\/>Pasaules pieredze bijusi par iemeslu apzi\u0146ai \u2013 j\u0101dara kas palieko\u0161s<\/p>\n<p class=\"note__heading\">&#8220;Es izv\u0113los dz\u012bvi laukos&#8221; <\/p>\n<p style=\"margin-left:0cm; margin-right:0cm\">Laik\u0101, kad Latvij\u0101 izj\u016btama sp\u0113c\u012bga lauku iztuk\u0161o\u0161an\u0101s tendence un att\u0101l\u0101ku re\u0123ionu depopul\u0101cija, ir ar\u012b t\u0101di cilv\u0113ki, kas iet pret straumi un izdara apzin\u0101tu izv\u0113li par atgrie\u0161anos vai dz\u012bves s\u0101k\u0161anu lauku vid\u0113. T\u0101di ir ar\u012b Latvijas Radio jaun\u0101ko raidieraksta &#8220;Es izv\u0113los dz\u012bvi laukos&#8221; piecu s\u0113riju galvenie varo\u0146i \u2013 jauni cilv\u0113ki, kas, izbrauk\u0101ju\u0161i tuv\u0101kas un t\u0101l\u0101kas zemes, \u0161obr\u012bd savu dz\u012bvi un darbu veido Latgales laukos. Iemesli da\u017e\u0101di \u2013 br\u012bv\u012bbas alkas, klusums, miers, sen\u010du mantojuma sentiments, pa\u0161audz\u0113ta p\u0101rtika un biznesa iesp\u0113ju potenci\u0101ls.<\/p>\n<p style=\"margin-left:0cm; margin-right:0cm\">\u0100rdavas mui\u017ea jeb Jezufinovas mui\u017eas kungu m\u0101ja Prei\u013cu novad\u0101 k\u0101dreiz bijusi skola.<\/p>\n<p style=\"margin-left:0cm; margin-right:0cm\">Pirmskara laik\u0101 t\u0101 bija skola, p\u0113ckara laik\u0101 ar\u012b. P\u0113c tam k\u013cuva par\u00a0bibliot\u0113ku\u00a0un pasta telpu.<\/p>\n<p style=\"margin-left:0cm; margin-right:0cm\">Divdesmit gadus liel\u0101 \u0113ka st\u0101v\u0113ja tuk\u0161a, pieder\u0113ja pa\u0161vald\u012bbai, p\u0113c\u0101k t\u0101 non\u0101ca priv\u0101t\u0101s rok\u0101s, l\u012bdz to ieg\u0101d\u0101j\u0101s Maija Krasn\u0101 ar v\u012bru D\u017eeimiju Henebriju.<\/p>\n<blockquote>\n<p style=\"margin-left:0cm; margin-right:0cm\">&#8220;Viesu gr\u0101mata! To m\u0113s tikai \u0161ogad ies\u0101k\u0101m, jo brauca ciemos \u012bru v\u0113stniece, t\u0101p\u0113c m\u0113s izdom\u0101j\u0101m, ka vajag, lai mums paliek par atmi\u0146u,&#8221; st\u0101sta Maija.<\/p>\n<\/blockquote>\n<p style=\"margin-left:0cm; margin-right:0cm\">Vi\u0146as dzimt\u0101 puse ir tepat net\u0101lu Prei\u013cu pus\u0113, bet D\u017eeimijs ir no \u012arijas. Abi satik\u0101s, kad v\u0113l studiju laik\u0101 Maija uz gadu aizbrauca padz\u012bvot uz \u012ariju. P\u0113c tam vi\u0146i izl\u0113ma k\u0101du laiku velt\u012bt pasaules apskatei\u00a0\u2013\u00a0daudz kur biju\u0161i, daudz ko redz\u0113ju\u0161i, padz\u012bvoju\u0161i ar\u012b k\u0101du laiku Austr\u0101lij\u0101.<\/p>\n<blockquote>\n<p style=\"margin-left:0cm; margin-right:0cm\">Abi saka, ka pasaules pieredze bijusi par iemeslu apzi\u0146ai \u2013 j\u0101dara kas palieko\u0161s.<\/p>\n<\/blockquote>\n<p style=\"margin-left:0cm; margin-right:0cm\">D\u017eeimijs str\u0101d\u0101 milit\u0101raj\u0101 jom\u0101\u00a0un k\u0101d\u0101\u00a0no sav\u0101m misij\u0101m, esot t\u0101lu no Maijas, atradis sludin\u0101jumu, kas v\u0113st\u012bja \u2013 Latgal\u0113 tiek p\u0101rdota mui\u017ea. P\u0113c k\u0101da laika tika pie\u0146emts l\u0113mums par t\u0101s ieg\u0101di.<\/p>\n<p style=\"margin-left:0cm; margin-right:0cm\">D\u017eeimijam bija svar\u012bgi, ka \u0161\u012b vieta ir blakus Maijas dzimtenei, t\u0101pat Latgale kaut k\u0101d\u0101 zi\u0146\u0101 vi\u0146am atg\u0101dina\u00a0ar\u012b savu dzimteni, un \u0161obr\u012bd vi\u0146\u0161 te jau j\u016btas k\u0101 m\u0101j\u0101s.<\/p>\n<p style=\"margin-left:0cm; margin-right:0cm\"><img decoding=\"async\" src=\"https:\/\/www.europesays.com\/lv\/wp-content\/uploads\/2025\/12\/s6pz.jpg\" alt=\"Maija un D\u017eeimijs atjauno senu mui\u017eu \u0100rdav\u0101\"\/>Maija un D\u017eeimijs atjauno senu mui\u017eu \u0100rdav\u0101<\/p>\n<p>Foto: Latvijas Radio<\/p>\n<p><img decoding=\"async\" src=\"https:\/\/www.europesays.com\/lv\/wp-content\/uploads\/2025\/12\/s6q0.jpg\" alt=\"Maija un D\u017eeimijs atjauno senu mui\u017eu \u0100rdav\u0101\"\/>Maija un D\u017eeimijs atjauno senu mui\u017eu \u0100rdav\u0101<\/p>\n<p>Foto: Latvijas Radio<\/p>\n<p><img decoding=\"async\" src=\"https:\/\/www.europesays.com\/lv\/wp-content\/uploads\/2025\/12\/s6q1.jpg\" alt=\"Maija un D\u017eeimijs atjauno senu mui\u017eu \u0100rdav\u0101\"\/>Maija un D\u017eeimijs atjauno senu mui\u017eu \u0100rdav\u0101<\/p>\n<p>Foto: Latvijas Radio<\/p>\n<p><img decoding=\"async\" src=\"https:\/\/www.europesays.com\/lv\/wp-content\/uploads\/2025\/12\/s6q2.jpg\" alt=\"Maija un D\u017eeimijs atjauno senu mui\u017eu \u0100rdav\u0101\"\/>Maija un D\u017eeimijs atjauno senu mui\u017eu \u0100rdav\u0101<\/p>\n<p>Foto: Latvijas Radio<\/p>\n<p><img decoding=\"async\" src=\"https:\/\/www.europesays.com\/lv\/wp-content\/uploads\/2025\/12\/s6q3.jpg\" alt=\"Maija un D\u017eeimijs atjauno senu mui\u017eu \u0100rdav\u0101\"\/>Maija un D\u017eeimijs atjauno senu mui\u017eu \u0100rdav\u0101<\/p>\n<p>Foto: Latvijas Radio<\/p>\n<p><img decoding=\"async\" src=\"https:\/\/www.europesays.com\/lv\/wp-content\/uploads\/2025\/12\/s6q4.jpg\" alt=\"Maija un D\u017eeimijs atjauno senu mui\u017eu \u0100rdav\u0101\"\/>Maija un D\u017eeimijs atjauno senu mui\u017eu \u0100rdav\u0101<\/p>\n<p>Foto: Latvijas Radio<\/p>\n<p><img decoding=\"async\" src=\"https:\/\/www.europesays.com\/lv\/wp-content\/uploads\/2025\/12\/s6q5.jpg\" alt=\"Maija un D\u017eeimijs atjauno senu mui\u017eu \u0100rdav\u0101\"\/>Maija un D\u017eeimijs atjauno senu mui\u017eu \u0100rdav\u0101<\/p>\n<p>Foto: Latvijas Radio<\/p>\n<p><img decoding=\"async\" src=\"https:\/\/www.europesays.com\/lv\/wp-content\/uploads\/2025\/12\/s6q6.jpg\" alt=\"Maija un D\u017eeimijs atjauno senu mui\u017eu \u0100rdav\u0101\"\/>Maija un D\u017eeimijs atjauno senu mui\u017eu \u0100rdav\u0101<\/p>\n<p>Foto: Latvijas Radio<\/p>\n<p><img decoding=\"async\" src=\"https:\/\/www.europesays.com\/lv\/wp-content\/uploads\/2025\/12\/s6q7.jpg\" alt=\"Maija un D\u017eeimijs atjauno senu mui\u017eu \u0100rdav\u0101\"\/>Maija un D\u017eeimijs atjauno senu mui\u017eu \u0100rdav\u0101<\/p>\n<p>Foto: Latvijas Radio<\/p>\n<p><img decoding=\"async\" src=\"https:\/\/www.europesays.com\/lv\/wp-content\/uploads\/2025\/12\/s6q8.jpg\" alt=\"Maija un D\u017eeimijs atjauno senu mui\u017eu \u0100rdav\u0101\"\/>Maija un D\u017eeimijs atjauno senu mui\u017eu \u0100rdav\u0101<\/p>\n<p>Foto: Latvijas Radio<\/p>\n<p><img decoding=\"async\" src=\"https:\/\/www.europesays.com\/lv\/wp-content\/uploads\/2025\/12\/s6q9.jpg\" alt=\"Maija un D\u017eeimijs atjauno senu mui\u017eu \u0100rdav\u0101\"\/>Maija un D\u017eeimijs atjauno senu mui\u017eu \u0100rdav\u0101<\/p>\n<p>Foto: Latvijas Radio<\/p>\n<p><img decoding=\"async\" src=\"https:\/\/www.europesays.com\/lv\/wp-content\/uploads\/2025\/12\/s6qa.jpg\" alt=\"Maija un D\u017eeimijs atjauno senu mui\u017eu \u0100rdav\u0101\"\/>Maija un D\u017eeimijs atjauno senu mui\u017eu \u0100rdav\u0101<\/p>\n<p>Foto: Latvijas Radio<\/p>\n<\/p>\n<p><a id=\"2\" name=\"2\"\/>Mui\u017eas \u0113ku atjauno maziem sol\u012b\u0161iem<\/p>\n<p style=\"margin-left:0cm; margin-right:0cm\">Pagaid\u0101m gan mui\u017ea vi\u0146iem ir vasaras m\u012btne. &#8220;Tas bija m\u016bsu liel\u0101kais sasniegums\u00a0\u2013\u00a0ievilkt \u016bdeni un kanaliz\u0101ciju, jo skol\u0101 2003. gad\u0101 v\u0113l bija \u0101ra tualete k\u0101 laukos,&#8221; st\u0101st\u012bja Maija.<\/p>\n<p style=\"margin-left:0cm; margin-right:0cm\">Jaunie mui\u017eas saimnieki \u0113kas atjauno\u0161an\u0101 iet maziem sol\u012b\u0161iem\u00a0un atz\u012bst\u00a0\u2013\u00a0tas ir ilgtermi\u0146a projekts.<\/p>\n<blockquote>\n<p style=\"margin-left:0cm; margin-right:0cm\">&#8220;M\u0113s \u0161ogad r\u0101d\u0101m tikai pirmo st\u0101vu, atst\u0101jam pagrabu un otro st\u0101vu n\u0101kamajam un aizn\u0101kamajam gadam,&#8221; atzina Maija.<\/p>\n<\/blockquote>\n<p style=\"margin-left:0cm; margin-right:0cm\">Bet l\u012bdz \u0161im jau izdar\u012bts daudz \u2013 izt\u012br\u012btas iek\u0161telpas, sak\u0101rtota elektr\u012bba, \u016bdens un kanaliz\u0101cija, s\u0101kts darbs pie daudzaj\u0101m kr\u0101sn\u012bm, pagraba, uzs\u0101kta ar\u012b mui\u017eas v\u0113stures iepaz\u012b\u0161ana.<\/p>\n<p style=\"margin-left:0cm; margin-right:0cm\">&#8220;\u0160ogad m\u0113s dab\u016bj\u0101m naudu no Kult\u016brkapit\u0101la fonda, un mums tais\u012bs arhitektoniski m\u0101ksliniecisko izp\u0113ti, jo mui\u017eai nav simetrijas. Mums gan v\u0113l nav ofici\u0101lu datu, bet jau tagad ir atrasts, ka mui\u017ea ir pieb\u016bv\u0113ta pie vecas divst\u0101vu m\u0101jas, t\u0101 ka tas ir \u013coti interesanti,&#8221; atkl\u0101j saimniece.<\/p>\n<p><a id=\"3\" name=\"3\"\/>Mui\u017eas dz\u012bv\u0113 cen\u0161as iesaist\u012bt ar\u012b apk\u0101rt\u0113jo kopienu<\/p>\n<p style=\"margin-left:0cm; margin-right:0cm\">Jaunais p\u0101ris mui\u017eas dz\u012bv\u0113 cen\u0161as iesaist\u012bt ar\u012b apk\u0101rt\u0113jo kopienu, blakus eso\u0161o bibliot\u0113ku.<\/p>\n<p style=\"margin-left:0cm; margin-right:0cm\">&#8220;Citreiz, kad ir k\u0101ds pas\u0101kums vai izst\u0101de tur, tad mums ir kaut kas tematisks, m\u0113s m\u0113\u0123in\u0101m savienoties,&#8221; st\u0101st\u012bja Maija.<\/p>\n<blockquote>\n<p style=\"margin-left:0cm; margin-right:0cm\">&#8220;Daudzi nop\u0113rk \u012bpa\u0161umu, uzliek v\u0101rtus, bet m\u0113s dar\u0101m otr\u0101d\u0101k\u00a0\u2013\u00a0m\u0113s nopirk\u0101m, uzreiz uztais\u012bj\u0101m atv\u0113rto durvju dienu un aicin\u0101j\u0101m visus ciemos,&#8221; vi\u0146a piebilda.<\/p>\n<\/blockquote>\n<p style=\"margin-left:0cm; margin-right:0cm\">Jaunais p\u0101ris atz\u012bst\u00a0\u2013\u00a0lai ar\u012b mui\u017ea apmekl\u0113t\u0101jiem ir atv\u0113rta, tom\u0113r \u0161ogad pie\u0146\u0113mu\u0161i l\u0113mumu to dar\u012bt tikai atsevi\u0161\u0137\u0101s dien\u0101s, jo da\u017ek\u0101rt ce\u013cot\u0101ji, kas te iegrie\u017eas, neizprot,\u00a0ka te tagad ir ar\u012b vi\u0146u m\u0101jas.<\/p>\n<p style=\"margin-left:0cm; margin-right:0cm\">T\u0101pat pie liel\u0101kajiem izaicin\u0101jumiem Maija min piera\u0161anu pie viet\u0113j\u0101s kult\u016bras, k\u0101 ar\u012b centienus\u00a0citiem par\u0101d\u012bt, ka vi\u0146u nodomi par \u0161o vietu ir nopietni.<\/p>\n<p><a id=\"4\" name=\"4\"\/>Maija uzskata: vair\u0101k j\u0101dom\u0101 valsts l\u012bmen\u012b par uz\u0146\u0113m\u0113ju iesp\u0113j\u0101m att\u012bst\u012bties <\/p>\n<p style=\"margin-left:0cm; margin-right:0cm\">&#8220;T\u0101 realit\u0101te attiec\u012bb\u0101 uz to, cik tev \u013coti daudz l\u012bdzek\u013cu vajag, lai tu vienk\u0101r\u0161i dz\u012bvotu Latvij\u0101 un Latgal\u0113.&#8221; Maijai neizprotama\u00a0\u0161\u0137iet pie\u0146emt\u0101\u00a0norma, ka Latgal\u0113 cilv\u0113ki sa\u0146em maz\u0101kas algas nek\u0101 citviet, jo vi\u0146a nov\u0113rojusi, ka\u00a0t\u0101 pati degviela te da\u017ek\u0101rt ir pat d\u0101rg\u0101ka nek\u0101 citur:&#8221; T\u0101pat elektr\u012bba mums maks\u0101 tikpat, cik vis\u0101 Latvij\u0101, t\u0101 pati p\u0101rtika\u00a0Latgal\u0113 ir d\u0101rg\u0101k, nek\u0101 aizbraucot uz lielveikalu un nop\u0113rkot lietas, ko tev vajag pa akcijas vai pa k\u0101d\u0101m zem\u0101k\u0101m cen\u0101m. Mums ir d\u0101rg\u0101k. Bet m\u0113s ta\u010du maks\u0101jam par visu t\u0101pat, par kult\u016bru visp\u0101r nerun\u0101sim \u2013\u00a0nu, man t\u0101pat ir j\u0101brauc ar auto, es nevaru iek\u0101pt tramvaj\u0101 un aizbraukt.&#8221;<\/p>\n<p style=\"margin-left:0cm; margin-right:0cm\">T\u0101pat vi\u0146a uzskata \u2013 ir vair\u0101k j\u0101dom\u0101 ar\u012b valstisk\u0101 m\u0113rog\u0101 par iesp\u0113ju uz\u0146\u0113m\u0113jiem att\u012bst\u012bties\u00a0\u0161aj\u0101 \u0123eopolitiski gr\u016btaj\u0101 laik\u0101.<\/p>\n<blockquote>\n<p style=\"margin-left:0cm; margin-right:0cm\">Mui\u017eas saimnieki nov\u0113rt\u0113 iesp\u0113jas pieteikties da\u017e\u0101diem projektiem un grantiem, tostarp reemigrantiem paredz\u0113tiem, bet ar\u012b tie nes savus izaicin\u0101jumus.<\/p>\n<\/blockquote>\n<p style=\"margin-left:0cm; margin-right:0cm\">&#8220;M\u0113s \u0161obr\u012bd ar\u012b m\u0113\u0123in\u0101m pieteikties vienam soci\u0101l\u0101s uz\u0146\u0113m\u0113jdarb\u012bbas grantam, es \u013coti ceru, ka mums san\u0101ks, bet es zinu, ka tur \u013coti svar\u012bgi, lai tev uz\u0146\u0113mums str\u0101d\u0101 ar pe\u013c\u0146u. T\u0101d\u0113\u013c \u0161obr\u012bd es ar\u012b m\u0101cos, str\u0101d\u0101ju kop\u0101 ar gr\u0101matvedi un, rakstot projektus, m\u0101cos no k\u013c\u016bd\u0101m,&#8221; st\u0101st\u012bja Maija.<\/p>\n<p><a id=\"5\" name=\"5\"\/>Tiem, kuri grib p\u0101rcelties uz laukiem, iesaka uzdr\u012bkst\u0113ties <\/p>\n<p style=\"margin-left:0cm; margin-right:0cm\">Lielus b\u016bvniec\u012bbas projektus cenu d\u0113\u013c pagaid\u0101m nepl\u0101no. &#8220;Esam piebremz\u0113ju\u0161i\u00a0un vairs nem\u0113t\u0101jamies ar v\u0101rdiem &#8220;atjaunot&#8221;, &#8220;restaur\u0113t&#8221;\u00a0\u2013\u00a0tie ir p\u0101r\u0101k lieli v\u0101rdi. Mums ir logi, durvis, t\u0101s funkcijas tie veic, protams, ka gribas ar\u012b s\u0101kt atjaunot un restaur\u0113t, bet, man liekas, nevajag steigties.<\/p>\n<p style=\"margin-left:0cm; margin-right:0cm\">Mums \u0161\u012b\u00a0vieta nav, lai m\u0113s to izdar\u012btu gada laik\u0101, tas nav pat divu gadu laik\u0101, mums ir j\u0101izbauda tas process, j\u0101izbauda tas laiks, ko m\u0113s te dar\u0101m,&#8221; atzina Maija.<\/p>\n<p style=\"margin-left:0cm; margin-right:0cm\">&#8220;T\u0101 ir liela veca \u0113ka, un m\u0113s gribam to atjaunot kop\u0101 un pamaz\u0101m. M\u0113s gribam ar\u012b to funkciju tai mui\u017eai atdot iepriek\u0161\u0113jo, kad mui\u017ea bija tas centrs ciemam.&#8221;<\/p>\n<p style=\"margin-left:0cm; margin-right:0cm\">Un cilv\u0113kiem, kas tikai dom\u0101 par iesp\u0113ju pils\u0113tas dz\u012bvi nomain\u012bt uz dz\u012bvi kaut kur att\u0101l\u0101k\u0101 lauku viet\u0101, vi\u0146i iesaka uzdr\u012bkst\u0113ties.<\/p>\n","protected":false},"excerpt":{"rendered":"Apbrauku\u0161i lielu da\u013cu pasaules, latgaliete Maija un no \u012arijas n\u0101ku\u0161ais D\u017eeimijs nu jau pirms vair\u0101kiem gadiem saprata \u2013\u00a0tie\u0161i&hellip;\n","protected":false},"author":2,"featured_media":67635,"comment_status":"","ping_status":"","sticky":false,"template":"","format":"standard","meta":{"footnotes":""},"categories":[12],"tags":[23,28,29,32,33,22,30,31,35,39,38,36,37,34,40,20,26,27,24,25,21],"class_list":{"0":"post-67634","1":"post","2":"type-post","3":"status-publish","4":"format-standard","5":"has-post-thumbnail","7":"category-latvija","8":"tag-aktualitates","9":"tag-breaking-news","10":"tag-breakingnews","11":"tag-featured-news","12":"tag-featurednews","13":"tag-headlines","14":"tag-latest-news","15":"tag-latestnews","16":"tag-latvia","17":"tag-latvian","18":"tag-latviesu","19":"tag-latviesu-valoda","20":"tag-latviesuvaloda","21":"tag-latvija","22":"tag-lv","23":"tag-news","24":"tag-popularakas-zinas","25":"tag-popularakaszinas","26":"tag-top-stories","27":"tag-topstories","28":"tag-zinas"},"share_on_mastodon":{"url":"https:\/\/pubeurope.com\/@lv\/115677078214056914","error":""},"_links":{"self":[{"href":"https:\/\/www.europesays.com\/lv\/wp-json\/wp\/v2\/posts\/67634","targetHints":{"allow":["GET"]}}],"collection":[{"href":"https:\/\/www.europesays.com\/lv\/wp-json\/wp\/v2\/posts"}],"about":[{"href":"https:\/\/www.europesays.com\/lv\/wp-json\/wp\/v2\/types\/post"}],"author":[{"embeddable":true,"href":"https:\/\/www.europesays.com\/lv\/wp-json\/wp\/v2\/users\/2"}],"replies":[{"embeddable":true,"href":"https:\/\/www.europesays.com\/lv\/wp-json\/wp\/v2\/comments?post=67634"}],"version-history":[{"count":0,"href":"https:\/\/www.europesays.com\/lv\/wp-json\/wp\/v2\/posts\/67634\/revisions"}],"wp:featuredmedia":[{"embeddable":true,"href":"https:\/\/www.europesays.com\/lv\/wp-json\/wp\/v2\/media\/67635"}],"wp:attachment":[{"href":"https:\/\/www.europesays.com\/lv\/wp-json\/wp\/v2\/media?parent=67634"}],"wp:term":[{"taxonomy":"category","embeddable":true,"href":"https:\/\/www.europesays.com\/lv\/wp-json\/wp\/v2\/categories?post=67634"},{"taxonomy":"post_tag","embeddable":true,"href":"https:\/\/www.europesays.com\/lv\/wp-json\/wp\/v2\/tags?post=67634"}],"curies":[{"name":"wp","href":"https:\/\/api.w.org\/{rel}","templated":true}]}}