{"id":67672,"date":"2025-12-07T08:14:07","date_gmt":"2025-12-07T08:14:07","guid":{"rendered":"https:\/\/www.europesays.com\/lv\/67672\/"},"modified":"2025-12-07T08:14:07","modified_gmt":"2025-12-07T08:14:07","slug":"otra-advente-bus-lietaina-un-gaidams-ari-slapjs-sniegs-tv3-lv","status":"publish","type":"post","link":"https:\/\/www.europesays.com\/lv\/67672\/","title":{"rendered":"Otr\u0101 advente b\u016bs lietaina, un gaid\u0101ms ar\u012b slapj\u0161 sniegs &#8211; tv3.lv"},"content":{"rendered":"<ol>\n<li><a href=\"https:\/\/news.google.com\/rss\/articles\/CBMikAFBVV95cUxPbXRBUFUyS0dNWXhTcGRWREdrNG1pdEVYNUptTnlzalpKUTdTaEZzdUVlUHJxRVhsMGlZbGZOczNySjV0TkptXzE2dmVzNmF4eWx0Z2dfVWQ2SS1JUUxXN2xwejNYU18wTWZrUEc1eTZQMk1YNFpBZ0hmSnJsUVdQMExnSjFoMWdxRUpQX0VTNXQ?oc=5\" target=\"_blank\" rel=\"nofollow noopener\">Otr\u0101 advente b\u016bs lietaina, un gaid\u0101ms ar\u012b slapj\u0161 sniegs<\/a>&nbsp;&nbsp;tv3.lv<\/li>\n<li><a href=\"https:\/\/news.google.com\/rss\/articles\/CBMisAFBVV95cUxNc3R4SXBGMnpTSk5yWW0wdEh4c3VVX1dCMElRSFU5QURhTUhVbFBSdmFFdE9zVVFDdEIyMDd2YVdsUUFlRkhvbUpKbVg3Y1RrNXVKcXY4NlVEbV9JZlFoZTJZeHpRaC1MOW1qVkp1bUw2NGhrcml4bUpLMEF6RU0wTWRFYkh2YWRPTjRuTE5qNHpkeDg2OS1fZjNqbm5KUEZSTGxoRzc1RGxDUGFXUzRVZg?oc=5\" target=\"_blank\" rel=\"nofollow noopener\">Sv\u0113tdien liel\u0101kaj\u0101 valsts da\u013c\u0101 gaid\u0101ms neliels lietus<\/a>&nbsp;&nbsp;Delfi<\/li>\n<li><a href=\"https:\/\/news.google.com\/rss\/articles\/CBMifEFVX3lxTFBNdks2ZzdvcW1sYjBBVGJoeGNFeGRITTFZVmtzYi03Njc5eHNYMGUwOU1VdHJ5aUJIUTFINGtpNnNBcDlDTTlCZTlrZmxWUkJOcmJQT3Q0aVp4VEhZZmNFblBqTldxejRlamdiWkExME1sa0V4SktLNW1vQkE?oc=5\" target=\"_blank\" rel=\"nofollow noopener\">Otr\u0101 advente b\u016bs apm\u0101kusies un lietaina<\/a>&nbsp;&nbsp;TVNET &#8211; Laika zi\u0146as<\/li>\n<li><a href=\"https:\/\/news.google.com\/rss\/articles\/CBMimAFBVV95cUxNR05tR1Uzd1lKdHlZOU56dGpoSFFUS014Q3ppZkloSF9sd2F1NXNUQUVndU9oV3lfVDIzYUpCRGRLV2R1dkVUWjBUYlJpTDRGUFB4N01VUzZSTVRzSXpQeDhCN2J6enVVdzBBbngyVUM4bDRadGVndHRNbXhvaVdEaGxDd2Z2bDlYcUJHSnZUMG54bjJ0dDJNdw?oc=5\" target=\"_blank\" rel=\"nofollow noopener\">Sestdien gaid\u0101ms silts laiks vis\u0101 Latvij\u0101 &#8211; l\u012bdz +7 gr\u0101diem<\/a>&nbsp;&nbsp;Jauns.lv<\/li>\n<li><a href=\"https:\/\/news.google.com\/rss\/articles\/CBMidkFVX3lxTE9IX1VmYmV6cjkxYjNfTkpFNVhlU21CTUJIT3RRM2lRT3hXelZXQmtqVHktMVp6elVEVmlEdzc0T2Q4OFZlTk8tNTZZY3FDWXVicEhlbXhCRTIxZmlycnlqMjNDQmlMakdwd045eGI0MVU2QktfT2c?oc=5\" target=\"_blank\" rel=\"nofollow noopener\">\u0100r\u0101 tie\u0161\u0101m ir decembris? Laika prognoze sestdienai<\/a>&nbsp;&nbsp;LA.LV<\/li>\n<\/ol>\n","protected":false},"excerpt":{"rendered":"Otr\u0101 advente b\u016bs lietaina, un gaid\u0101ms ar\u012b slapj\u0161 sniegs&nbsp;&nbsp;tv3.lv Sv\u0113tdien liel\u0101kaj\u0101 valsts da\u013c\u0101 gaid\u0101ms neliels lietus&nbsp;&nbsp;Delfi Otr\u0101 advente&hellip;\n","protected":false},"author":2,"featured_media":67673,"comment_status":"","ping_status":"","sticky":false,"template":"","format":"standard","meta":{"footnotes":""},"categories":[12],"tags":[17370,23,28,29,32,33,22,30,31,35,39,38,36,37,34,40,20,26,27,24,25,21],"class_list":{"0":"post-67672","1":"post","2":"type-post","3":"status-publish","4":"format-standard","5":"has-post-thumbnail","7":"category-latvija","8":"tag-adventelaika-prognozelaikapstaklilietainslietains-laiks","9":"tag-aktualitates","10":"tag-breaking-news","11":"tag-breakingnews","12":"tag-featured-news","13":"tag-featurednews","14":"tag-headlines","15":"tag-latest-news","16":"tag-latestnews","17":"tag-latvia","18":"tag-latvian","19":"tag-latviesu","20":"tag-latviesu-valoda","21":"tag-latviesuvaloda","22":"tag-latvija","23":"tag-lv","24":"tag-news","25":"tag-popularakas-zinas","26":"tag-popularakaszinas","27":"tag-top-stories","28":"tag-topstories","29":"tag-zinas"},"share_on_mastodon":{"url":"https:\/\/pubeurope.com\/@lv\/115677289821676684","error":""},"_links":{"self":[{"href":"https:\/\/www.europesays.com\/lv\/wp-json\/wp\/v2\/posts\/67672","targetHints":{"allow":["GET"]}}],"collection":[{"href":"https:\/\/www.europesays.com\/lv\/wp-json\/wp\/v2\/posts"}],"about":[{"href":"https:\/\/www.europesays.com\/lv\/wp-json\/wp\/v2\/types\/post"}],"author":[{"embeddable":true,"href":"https:\/\/www.europesays.com\/lv\/wp-json\/wp\/v2\/users\/2"}],"replies":[{"embeddable":true,"href":"https:\/\/www.europesays.com\/lv\/wp-json\/wp\/v2\/comments?post=67672"}],"version-history":[{"count":0,"href":"https:\/\/www.europesays.com\/lv\/wp-json\/wp\/v2\/posts\/67672\/revisions"}],"wp:featuredmedia":[{"embeddable":true,"href":"https:\/\/www.europesays.com\/lv\/wp-json\/wp\/v2\/media\/67673"}],"wp:attachment":[{"href":"https:\/\/www.europesays.com\/lv\/wp-json\/wp\/v2\/media?parent=67672"}],"wp:term":[{"taxonomy":"category","embeddable":true,"href":"https:\/\/www.europesays.com\/lv\/wp-json\/wp\/v2\/categories?post=67672"},{"taxonomy":"post_tag","embeddable":true,"href":"https:\/\/www.europesays.com\/lv\/wp-json\/wp\/v2\/tags?post=67672"}],"curies":[{"name":"wp","href":"https:\/\/api.w.org\/{rel}","templated":true}]}}