{"id":67678,"date":"2025-12-07T08:17:14","date_gmt":"2025-12-07T08:17:14","guid":{"rendered":"https:\/\/www.europesays.com\/lv\/67678\/"},"modified":"2025-12-07T08:17:14","modified_gmt":"2025-12-07T08:17:14","slug":"atklaj-iespejamo-mazura-algu-dienvidkoreja-kur-izskatita-ari-ainara-bagatska-kandidatura","status":"publish","type":"post","link":"https:\/\/www.europesays.com\/lv\/67678\/","title":{"rendered":"Atkl\u0101j iesp\u0113jamo Mazura algu Dienvidkorej\u0101, kur izskat\u012bta ar\u012b Ainara Bagatska kandidat\u016bra"},"content":{"rendered":"<p>Apk\u0101rt\u0113jo cie\u0146u Bagatskis izpeln\u012bjies, jo uztic\u0101s sp\u0113l\u0113t\u0101jiem, kuriem citi treneri, iesp\u0113jams, nez vai uztic\u0113tos. Tas attiecas uz viet\u0113jiem po\u013cu jaunajiem basketbolistiem, un Bagatskis ir jau izpeln\u012bjies ar\u012b Polijas nacion\u0101l\u0101s izlases Igora Mili\u010di\u010da uzslavas. Vi\u0146i viens pret otru sp\u0113koj\u0101s Eirokausa ietvaros, kur Mili\u010di\u010ds ikdien\u0101 str\u0101d\u0101 ar Saloniku &#8220;Aris&#8221;. &#8220;Cepuri nost trenerim Bagatskim, kur\u0161 dod pietiekami daudz iesp\u0113ju jaunajiem po\u013cu basketbolistiem. Mani k\u0101 Polijas izlases treneri tas \u013coti iepriecina.&#8221;\u00a0<\/p>\n","protected":false},"excerpt":{"rendered":"Apk\u0101rt\u0113jo cie\u0146u Bagatskis izpeln\u012bjies, jo uztic\u0101s sp\u0113l\u0113t\u0101jiem, kuriem citi treneri, iesp\u0113jams, nez vai uztic\u0113tos. Tas attiecas uz viet\u0113jiem&hellip;\n","protected":false},"author":2,"featured_media":67679,"comment_status":"","ping_status":"","sticky":false,"template":"","format":"standard","meta":{"footnotes":""},"categories":[17],"tags":[35,39,38,36,37,34,40,67],"class_list":{"0":"post-67678","1":"post","2":"type-post","3":"status-publish","4":"format-standard","5":"has-post-thumbnail","7":"category-sports","8":"tag-latvia","9":"tag-latvian","10":"tag-latviesu","11":"tag-latviesu-valoda","12":"tag-latviesuvaloda","13":"tag-latvija","14":"tag-lv","15":"tag-sports"},"share_on_mastodon":{"url":"https:\/\/pubeurope.com\/@lv\/115677301588095851","error":""},"_links":{"self":[{"href":"https:\/\/www.europesays.com\/lv\/wp-json\/wp\/v2\/posts\/67678","targetHints":{"allow":["GET"]}}],"collection":[{"href":"https:\/\/www.europesays.com\/lv\/wp-json\/wp\/v2\/posts"}],"about":[{"href":"https:\/\/www.europesays.com\/lv\/wp-json\/wp\/v2\/types\/post"}],"author":[{"embeddable":true,"href":"https:\/\/www.europesays.com\/lv\/wp-json\/wp\/v2\/users\/2"}],"replies":[{"embeddable":true,"href":"https:\/\/www.europesays.com\/lv\/wp-json\/wp\/v2\/comments?post=67678"}],"version-history":[{"count":0,"href":"https:\/\/www.europesays.com\/lv\/wp-json\/wp\/v2\/posts\/67678\/revisions"}],"wp:featuredmedia":[{"embeddable":true,"href":"https:\/\/www.europesays.com\/lv\/wp-json\/wp\/v2\/media\/67679"}],"wp:attachment":[{"href":"https:\/\/www.europesays.com\/lv\/wp-json\/wp\/v2\/media?parent=67678"}],"wp:term":[{"taxonomy":"category","embeddable":true,"href":"https:\/\/www.europesays.com\/lv\/wp-json\/wp\/v2\/categories?post=67678"},{"taxonomy":"post_tag","embeddable":true,"href":"https:\/\/www.europesays.com\/lv\/wp-json\/wp\/v2\/tags?post=67678"}],"curies":[{"name":"wp","href":"https:\/\/api.w.org\/{rel}","templated":true}]}}