{"id":67726,"date":"2025-12-07T09:14:08","date_gmt":"2025-12-07T09:14:08","guid":{"rendered":"https:\/\/www.europesays.com\/lv\/67726\/"},"modified":"2025-12-07T09:14:08","modified_gmt":"2025-12-07T09:14:08","slug":"dziviba-kas-jut-baidas-un-kam-sap-diena","status":"publish","type":"post","link":"https:\/\/www.europesays.com\/lv\/67726\/","title":{"rendered":"Dz\u012bv\u012bba, kas j\u016bt, baid\u0101s un kam s\u0101p \/ Diena"},"content":{"rendered":"<p>\t\t&#13;<\/p>\n<p>Cilv\u0113kiem var at\u0161\u0137irties uzskati, k\u0101da dz\u012bve sunim, ka\u0137im vai zirgam ir laba un piem\u0113rota, ta\u010du vajadz\u0113tu vienoties par kaut k\u0101du b\u0101zes minimumu. Un \u0161is minimums var\u0113tu b\u016bt princips, ka dz\u012bvnieks nav bezj\u016bt\u012bga manta vai lieta, bet gan dz\u012bva, justsp\u0113j\u012bga b\u016btne, pret kuru j\u0101izturas atbild\u012bgi. \u0160\u0101du normu Civillikum\u0101, veicot taj\u0101 groz\u012bjumus, aicina ieviest oktobr\u012b s\u0101kta iniciat\u012bva, kas platform\u0101\u00a0Mana balss\u00a0sav\u0101kusi vair\u0101k nek\u0101 35 000 Latvijas iedz\u012bvot\u0101ju parakstu. Patlaban iniciat\u012bva jau ir izskat\u012bta Saeimas Mand\u0101tu, \u0113tikas un ierosin\u0101jumu komisij\u0101 un non\u0101kusi Saeimas Juridiskaj\u0101 komisij\u0101, kur gaid\u0101mas detaliz\u0113t\u0101kas diskusijas. Process neb\u016bs \u0101trs, paredz iniciat\u012bvas autore Marta Mackevi\u010da. Vi\u0146a cer, ka min\u0113tie groz\u012bjumi likum\u0101 b\u016bs solis pret\u012b tam, lai mazin\u0101tos cietsird\u012bbas pret dz\u012bvniekiem gad\u012bjumu skaits un lai p\u0101ridar\u012bt\u0101ji sa\u0146emtu adekv\u0101t\u0101kus sodus, tom\u0113r piebilst: &#8220;Man nav il\u016bziju, ka izmai\u0146as likum\u0101 atrisin\u0101s visu. Ir ar\u012b j\u0101nok\u013c\u016bst l\u012bdz katrai m\u0101jsaimniec\u012bbai, daudz j\u0101str\u0101d\u0101 ar sabiedr\u012bbas inform\u0113\u0161anu. Piem\u0113ram, cik daudz cilv\u0113ku Latvij\u0101 \u0161obr\u012bd zina, ka p\u0113c 2023. gada dzimu\u0161os su\u0146us vairs nevar tur\u0113t pie \u0137\u0113des? Cik daudzi zina, ka ka\u0137\u0113nus sl\u012bcin\u0101t ir pretlikum\u012bgi?&#8221;<\/p>\n<p>&#13;<br \/>\n&#13;<\/p>\n<p>Emocijas nolika mal\u0101<\/p>\n<p>&#13;<br \/>\n&#13;<\/p>\n<p>Viens no impulsiem iniciat\u012bvas\u00a0Dz\u012bvnieks nav manta\u00a0s\u0101k\u0161anai Martai bija pa\u0161as suns \u2013 adopt\u0113tais Moso. Marta ir sabiedrisko attiec\u012bbu speci\u0101liste, un pirms da\u017eiem gadiem vi\u0146a iepazin\u0101s ar dz\u012bvnieku aizsardz\u012bbas biedr\u012bbu\u00a0Ar sirdi deln\u0101\u00a0Ug\u0101les novad\u0101 un t\u0101s vad\u012bt\u0101ju Andru Tomasi, uz br\u012bvpr\u0101t\u012bg\u0101 darba pamata s\u0101kot kop\u012bgus komunik\u0101cijas projektus. Savu suni Marta grib\u0113ja jau sen, un, redzot, cik daudz dz\u012bvnieku mitin\u0101s patversm\u0113s, bija skaidrs, ka j\u0101dod m\u0101jas k\u0101dam no turienes. &#8220;Andrai Tomasei izst\u0101st\u012bju savu dz\u012bvesveidu: piecas dienas ned\u0113\u013c\u0101 biroj\u0101 R\u012bgas centr\u0101, bet ned\u0113\u013cas nogal\u0113s \u2013 akt\u012bvi 20\u201330 km p\u0101rg\u0101jieni me\u017e\u0101. Jaut\u0101ju \u2013 vai tev ir k\u0101ds suns, kas atbilst \u0161\u012bm pras\u012bb\u0101m? Vi\u0146a teica \u2013 viens ir, brauc!&#8221; Marta smaida un st\u0101sta, k\u0101 sastapusi Moso. Vi\u0146\u0161 tobr\u012bd Ar sirdi deln\u0101 bija nodz\u012bvojis jau gadu, iepriek\u0161 bija klai\u0146ojis, kaut kur<\/p>\n<p>&#13;<\/p>\n<p>Visu rakstu lasiet av\u012bzes Diena piektdienas, 5. decembra, numur\u0101! Ja v\u0113laties laikraksta saturu turpm\u0101k las\u012bt druk\u0101t\u0101 form\u0101t\u0101, to iesp\u0113jams abon\u0113t <a href=\"https:\/&lt;b&gt;+&lt;\/strong&gt;&lt;\/p&gt;&#9;&#13;&#10;&#9;&#9;&#9;&lt;footer&gt;&#13;&#10;&#9;&#9;&lt;p&gt;&#13;&#10;&#9;&#9;&#9;&lt;strong&gt;&#13;&#10;&#9;&#9;&#9;&#9;Raksta pilno versiju var ieg\u0101d\u0101ties ar\u012b port\u0101l\u0101 Diena.lv - autoriz\u0113jies,  &lt;a href=\" https:=\"\" onclick=\"Diena.user.showLogin()\">klik\u0161\u0137inot \u0161eit!<\/a>&#13;<br \/>\n\t\t\t&#13;\n\t\t<\/p>\n<p class=\"paid-article-text__price\">&#13;<br \/>\n\t\t\tRaksta cena: \u20ac0.40&#13;\n\t\t<\/p>\n<p class=\"more\">&#13;<br \/>\n\t\t\t&#13;<br \/>\n\t\t\t<a target=\"_blank\" href=\"https:\/\/www.diena.lv\/maksas-saturs\" rel=\"nofollow noopener\">Vair\u0101k inform\u0101cijas<\/a>&#13;\n\t\t<\/p>\n","protected":false},"excerpt":{"rendered":"&#13; Cilv\u0113kiem var at\u0161\u0137irties uzskati, k\u0101da dz\u012bve sunim, ka\u0137im vai zirgam ir laba un piem\u0113rota, ta\u010du vajadz\u0113tu vienoties&hellip;\n","protected":false},"author":2,"featured_media":67727,"comment_status":"","ping_status":"","sticky":false,"template":"","format":"standard","meta":{"footnotes":""},"categories":[12],"tags":[23,28,29,32,33,22,30,31,35,39,38,36,37,34,40,20,26,27,24,25,21],"class_list":{"0":"post-67726","1":"post","2":"type-post","3":"status-publish","4":"format-standard","5":"has-post-thumbnail","7":"category-latvija","8":"tag-aktualitates","9":"tag-breaking-news","10":"tag-breakingnews","11":"tag-featured-news","12":"tag-featurednews","13":"tag-headlines","14":"tag-latest-news","15":"tag-latestnews","16":"tag-latvia","17":"tag-latvian","18":"tag-latviesu","19":"tag-latviesu-valoda","20":"tag-latviesuvaloda","21":"tag-latvija","22":"tag-lv","23":"tag-news","24":"tag-popularakas-zinas","25":"tag-popularakaszinas","26":"tag-top-stories","27":"tag-topstories","28":"tag-zinas"},"share_on_mastodon":{"url":"https:\/\/pubeurope.com\/@lv\/115677525667347039","error":""},"_links":{"self":[{"href":"https:\/\/www.europesays.com\/lv\/wp-json\/wp\/v2\/posts\/67726","targetHints":{"allow":["GET"]}}],"collection":[{"href":"https:\/\/www.europesays.com\/lv\/wp-json\/wp\/v2\/posts"}],"about":[{"href":"https:\/\/www.europesays.com\/lv\/wp-json\/wp\/v2\/types\/post"}],"author":[{"embeddable":true,"href":"https:\/\/www.europesays.com\/lv\/wp-json\/wp\/v2\/users\/2"}],"replies":[{"embeddable":true,"href":"https:\/\/www.europesays.com\/lv\/wp-json\/wp\/v2\/comments?post=67726"}],"version-history":[{"count":0,"href":"https:\/\/www.europesays.com\/lv\/wp-json\/wp\/v2\/posts\/67726\/revisions"}],"wp:featuredmedia":[{"embeddable":true,"href":"https:\/\/www.europesays.com\/lv\/wp-json\/wp\/v2\/media\/67727"}],"wp:attachment":[{"href":"https:\/\/www.europesays.com\/lv\/wp-json\/wp\/v2\/media?parent=67726"}],"wp:term":[{"taxonomy":"category","embeddable":true,"href":"https:\/\/www.europesays.com\/lv\/wp-json\/wp\/v2\/categories?post=67726"},{"taxonomy":"post_tag","embeddable":true,"href":"https:\/\/www.europesays.com\/lv\/wp-json\/wp\/v2\/tags?post=67726"}],"curies":[{"name":"wp","href":"https:\/\/api.w.org\/{rel}","templated":true}]}}