{"id":67736,"date":"2025-12-07T09:26:12","date_gmt":"2025-12-07T09:26:12","guid":{"rendered":"https:\/\/www.europesays.com\/lv\/67736\/"},"modified":"2025-12-07T09:26:12","modified_gmt":"2025-12-07T09:26:12","slug":"idejisku-domstarpibu-del-bez-partijam-pamet-tas-lidzdibinatajs-basko","status":"publish","type":"post","link":"https:\/\/www.europesays.com\/lv\/67736\/","title":{"rendered":"Idejisku domstarp\u012bbu d\u0113\u013c \u201cBez partij\u0101m\u201d pamet t\u0101s l\u012bdzdibin\u0101t\u0101js Ba\u0161ko"},"content":{"rendered":"<p>Vi\u0146\u0161 gan nor\u0101da, ka turpina atbalst\u012bt un iest\u0101ties par p\u0101reju uz p\u0101rnesam\u0101s balss v\u0113l\u0113\u0161anu sist\u0113mu. Tom\u0113r vi\u0146\u0161 nekoment\u0113, k\u0101p\u0113c ar domubiedriem ce\u013ci \u0161\u0137\u012bru\u0161ies: \u201cS\u012bk\u0101kus paskaidrojumus par ce\u013cu \u0161\u0137ir\u0161an\u0101s apsv\u0113rumiem \u0161obr\u012bd nesnieg\u0161u, jo no man\u0101m skaist\u0101m fr\u0101z\u0113m nav lielas j\u0113gas \u2014 svar\u012bga ir konkr\u0113ta saturiska iedarb\u012bba, ko ar\u012b ceru tuv\u0101kajos m\u0113ne\u0161os turpin\u0101t.\u201d<\/p>\n<blockquote class=\"twitter-tweet\" data-width=\"550\" data-dnt=\"true\">\n<p lang=\"lv\" dir=\"ltr\">No \u0161\u012b gada 6. decembra vairs nepiedalos kust\u012bb\u0101 \u201cBez partij\u0101m\u201d un atsaucu savus iepriek\u0161\u0113jos aicin\u0101jumus tur l\u012bdzdarboties ar\u012b savus las\u012bt\u0101jus, sekot\u0101jus un domubiedrus, kuri to izv\u0113l\u0113j\u0101s manis d\u0113\u013c. Ja pievienoj\u0101ties citu aicin\u0101t\u0101ju un iemeslu d\u0113\u013c, tad \u0161is noteikti nav iemesls\u2026<\/p>\n<p>\u2014 J\u0101zeps Ba\u0161ko (@JazepsBasko) <a href=\"https:\/\/twitter.com\/JazepsBasko\/status\/1997300333400178775?ref_src=twsrc%5Etfw\" rel=\"nofollow noopener\" target=\"_blank\">December 6, 2025<\/a><\/p>\n<\/blockquote>\n<p>K\u0101 zi\u0146ots, 11. novembr\u012b ofici\u0101li nodibin\u0101ta biedr\u012bba \u201cBez partij\u0101m\u201d, kuras m\u0113r\u0137is ir apvienot domubiedrus, lai izstr\u0101d\u0101tu praktisku un \u012bstenojamu valsts att\u012bst\u012bbas pl\u0101nu.<\/p>\n<p>Saska\u0146\u0101 ar stat\u016btiem biedr\u012bbas prim\u0101rais m\u0113r\u0137is ir pan\u0101kt izmai\u0146as v\u0113l\u0113\u0161anu k\u0101rt\u012bb\u0101, radot taisn\u012bg\u0101ku, caursp\u012bd\u012bg\u0101ku un cilv\u0113kam atbild\u012bg\u0101ku politisko sist\u0113mu.<\/p>\n<p>Biedr\u012bbu \u201cBez partij\u0101m\u201d izveidoju\u0161i Armands Broks, P\u0113teris Spro\u0123is, Alvis Hermanis, Guntars V\u012btols, Didzis \u0160mits un\u00a0Ba\u0161ko.<\/p>\n<p class=\"ad-desc ad-desc-main\">Saturs turpin\u0101s p\u0113c rekl\u0101mas<\/p>\n<p class=\"ad-desc ad-desc-sec\">Rekl\u0101ma<\/p>\n<p>\u201cBez partij\u0101m\u201d pl\u0101no start\u0113t n\u0101kam\u0101 gada Saeimas v\u0113l\u0113\u0161an\u0101s, a\u0123ent\u016brai LETA iepriek\u0161 pazi\u0146oja \u0160mits. Tas noz\u012bm\u0113, ka \u0161iem politiskajiem akt\u012bvistiem ir j\u0101atrod jau eksist\u0113jo\u0161a partija, jo likums liedz v\u0113l\u0113\u0161an\u0101s kandid\u0113t p\u0113d\u0113j\u0101 br\u012bd\u012b dibin\u0101tiem politiskajiem sp\u0113kiem.<\/p>\n<p>No likuma izriet, ka kandid\u0101tu sarakstu var iesniegt likum\u0101 noteiktaj\u0101 k\u0101rt\u012bb\u0101 re\u0123istr\u0113ta politisk\u0101 partija, kura dibin\u0101ta ne v\u0113l\u0101k k\u0101 vienu gadu pirms Saeimas v\u0113l\u0113\u0161an\u0101m un kur\u0101 ir ne maz\u0101k k\u0101 500 biedru.<\/p>\n<p>Broks ir finan\u0161u tehnolo\u0123iju uz\u0146\u0113muma \u201cTwino\u201d dibin\u0101t\u0101js un vad\u012bt\u0101js. Savuk\u0101rt \u0160mits iepriek\u0161 bijis zemkop\u012bbas ministrs. K\u0101 14. Saeimas deput\u0101ts vi\u0146\u0161 iev\u0113l\u0113ts no apvien\u012bbas \u201cApvienotais saraksts\u201d, no kuras frakcijas v\u0113l\u0101k izst\u0101jies, paliekot Latvijas Za\u013c\u0101s partijas biedrs, bet darbu Saeim\u0101 turpinot k\u0101 pie frakcij\u0101m nepiedero\u0161s deput\u0101ts. T\u0101pat vi\u0146\u0161 bijis ar\u012b 13. Saeimas deput\u0101ts, iev\u0113l\u0113ts no partijas \u201cKPV LV\u201d saraksta, k\u0101 ar\u012b R\u012bgas domes un Rojas pagasta domes deput\u0101ts. \u0160mits \u201cKPV LV\u201d darbojies laik\u0101 no 2018. l\u012bdz 2019. gadam, un darbojies ar\u012b partij\u0101 \u201cJaunlatvija\u201d un \u201cJaunais laiks\u201d.<\/p>\n<p class=\"tv3-fw-500\">Zi\u0146o par k\u013c\u016bdu rakst\u0101<\/p>\n<p class=\"d-md-block d-none\">Iez\u012bm\u0113 k\u013c\u016bdaino tekstu un spied Ctrl+Enter.<\/p>\n<p class=\"d-md-none d-block\">Iez\u012bm\u0113 k\u013c\u016bdaino tekstu un zi\u0146o par to!<\/p>\n<p>                <script async src=\"https:\/\/platform.twitter.com\/widgets.js\" charset=\"utf-8\"><\/script><\/p>\n","protected":false},"excerpt":{"rendered":"Vi\u0146\u0161 gan nor\u0101da, ka turpina atbalst\u012bt un iest\u0101ties par p\u0101reju uz p\u0101rnesam\u0101s balss v\u0113l\u0113\u0161anu sist\u0113mu. Tom\u0113r vi\u0146\u0161 nekoment\u0113,&hellip;\n","protected":false},"author":2,"featured_media":67737,"comment_status":"","ping_status":"","sticky":false,"template":"","format":"standard","meta":{"footnotes":""},"categories":[12],"tags":[23,28,29,32,33,22,17384,30,31,35,39,38,36,37,34,40,20,26,27,24,25,21],"class_list":{"0":"post-67736","1":"post","2":"type-post","3":"status-publish","4":"format-standard","5":"has-post-thumbnail","7":"category-latvija","8":"tag-aktualitates","9":"tag-breaking-news","10":"tag-breakingnews","11":"tag-featured-news","12":"tag-featurednews","13":"tag-headlines","14":"tag-jazeps-baskokustiba-bez-partijam","15":"tag-latest-news","16":"tag-latestnews","17":"tag-latvia","18":"tag-latvian","19":"tag-latviesu","20":"tag-latviesu-valoda","21":"tag-latviesuvaloda","22":"tag-latvija","23":"tag-lv","24":"tag-news","25":"tag-popularakas-zinas","26":"tag-popularakaszinas","27":"tag-top-stories","28":"tag-topstories","29":"tag-zinas"},"share_on_mastodon":{"url":"https:\/\/pubeurope.com\/@lv\/115677572993960352","error":""},"_links":{"self":[{"href":"https:\/\/www.europesays.com\/lv\/wp-json\/wp\/v2\/posts\/67736","targetHints":{"allow":["GET"]}}],"collection":[{"href":"https:\/\/www.europesays.com\/lv\/wp-json\/wp\/v2\/posts"}],"about":[{"href":"https:\/\/www.europesays.com\/lv\/wp-json\/wp\/v2\/types\/post"}],"author":[{"embeddable":true,"href":"https:\/\/www.europesays.com\/lv\/wp-json\/wp\/v2\/users\/2"}],"replies":[{"embeddable":true,"href":"https:\/\/www.europesays.com\/lv\/wp-json\/wp\/v2\/comments?post=67736"}],"version-history":[{"count":0,"href":"https:\/\/www.europesays.com\/lv\/wp-json\/wp\/v2\/posts\/67736\/revisions"}],"wp:featuredmedia":[{"embeddable":true,"href":"https:\/\/www.europesays.com\/lv\/wp-json\/wp\/v2\/media\/67737"}],"wp:attachment":[{"href":"https:\/\/www.europesays.com\/lv\/wp-json\/wp\/v2\/media?parent=67736"}],"wp:term":[{"taxonomy":"category","embeddable":true,"href":"https:\/\/www.europesays.com\/lv\/wp-json\/wp\/v2\/categories?post=67736"},{"taxonomy":"post_tag","embeddable":true,"href":"https:\/\/www.europesays.com\/lv\/wp-json\/wp\/v2\/tags?post=67736"}],"curies":[{"name":"wp","href":"https:\/\/api.w.org\/{rel}","templated":true}]}}