{"id":67768,"date":"2025-12-07T09:59:07","date_gmt":"2025-12-07T09:59:07","guid":{"rendered":"https:\/\/www.europesays.com\/lv\/67768\/"},"modified":"2025-12-07T09:59:07","modified_gmt":"2025-12-07T09:59:07","slug":"pantozas-elkona-savainojums-lauj-vanam-klut-par-otro-jaunako-ufc-cempionu-vesture","status":"publish","type":"post","link":"https:\/\/www.europesays.com\/lv\/67768\/","title":{"rendered":"Panto\u017eas elko\u0146a savainojums \u013cauj Vanam k\u013c\u016bt par otro jaun\u0101ko UFC \u010dempionu v\u0113stur\u0113"},"content":{"rendered":"<p>Vans k\u013cuva par otro jaun\u0101ko UFC \u010dempionu v\u0113stur\u0113, ieg\u016bstot titulu 24 gadu vecum\u0101. Jaun\u0101kais UFC \u010dempions ir D\u017eons D\u017eounss, kur\u0161 titulu izc\u012bn\u012bja 23 gadu vecum\u0101.<\/p>\n<p>Vans ir ar\u012b jaun\u0101kais c\u012bn\u012bt\u0101js UFC v\u0113stur\u0113, kur\u0161 sasniedzis 1,000 noz\u012bm\u012bgus sitienus c\u012b\u0146\u0101.<\/p>\n<blockquote class=\"twitter-tweet\" data-width=\"550\" data-dnt=\"true\">\n<p lang=\"en\" dir=\"ltr\">&#8220;Everything happens for a reason.&#8221;<a href=\"https:\/\/twitter.com\/JoshuaVanBT?ref_src=twsrc%5Etfw\" rel=\"nofollow noopener\" target=\"_blank\">@JoshuaVanBT<\/a> reacts to becoming the new flyweight champion at <a href=\"https:\/\/twitter.com\/hashtag\/UFC323?src=hash&amp;ref_src=twsrc%5Etfw\" rel=\"nofollow noopener\" target=\"_blank\">#UFC323<\/a>! <a href=\"https:\/\/t.co\/XWFW4FVcdf\" rel=\"nofollow\">pic.twitter.com\/XWFW4FVcdf<\/a><\/p>\n<p>\u2014 UFC (@ufc) <a href=\"https:\/\/twitter.com\/ufc\/status\/1997542074678415557?ref_src=twsrc%5Etfw\" rel=\"nofollow noopener\" target=\"_blank\">December 7, 2025<\/a><\/p>\n<\/blockquote>\n<p>Paredzams, ka Vans savu UFC \u010dempiona titulu aizst\u0101v\u0113s pret jap\u0101ni Tatsuro Tairu, jo Panto\u017eam b\u016bs nepiecie\u0161ams ilg\u0101ks atvese\u013co\u0161an\u0101s periods.<\/p>\n<p>Skaties UFC c\u012b\u0146as Go3 Sport kan\u0101los un <a href=\"https:\/\/go3.lv\/categories\/ufc,category-4699658?utm_source=tv3.lv&amp;utm_medium=local&amp;utm_campaign=ufc\" target=\"_blank\" rel=\"noopener nofollow\">n\u0101kam\u0101s paaudzes telev\u012bzij\u0101 Go3<\/a>!<\/p>\n<p class=\"tv3-fw-500\">Zi\u0146o par k\u013c\u016bdu rakst\u0101<\/p>\n<p class=\"d-md-block d-none\">Iez\u012bm\u0113 k\u013c\u016bdaino tekstu un spied Ctrl+Enter.<\/p>\n<p class=\"d-md-none d-block\">Iez\u012bm\u0113 k\u013c\u016bdaino tekstu un zi\u0146o par to!<\/p>\n<p>                <script async src=\"https:\/\/platform.twitter.com\/widgets.js\" charset=\"utf-8\"><\/script><\/p>\n","protected":false},"excerpt":{"rendered":"Vans k\u013cuva par otro jaun\u0101ko UFC \u010dempionu v\u0113stur\u0113, ieg\u016bstot titulu 24 gadu vecum\u0101. Jaun\u0101kais UFC \u010dempions ir D\u017eons&hellip;\n","protected":false},"author":2,"featured_media":67769,"comment_status":"","ping_status":"","sticky":false,"template":"","format":"standard","meta":{"footnotes":""},"categories":[17],"tags":[17392,35,39,38,36,37,34,40,67],"class_list":{"0":"post-67768","1":"post","2":"type-post","3":"status-publish","4":"format-standard","5":"has-post-thumbnail","7":"category-sports","8":"tag-aleksandrs-pantozaufc","9":"tag-latvia","10":"tag-latvian","11":"tag-latviesu","12":"tag-latviesu-valoda","13":"tag-latviesuvaloda","14":"tag-latvija","15":"tag-lv","16":"tag-sports"},"share_on_mastodon":{"url":"https:\/\/pubeurope.com\/@lv\/115677702618959653","error":""},"_links":{"self":[{"href":"https:\/\/www.europesays.com\/lv\/wp-json\/wp\/v2\/posts\/67768","targetHints":{"allow":["GET"]}}],"collection":[{"href":"https:\/\/www.europesays.com\/lv\/wp-json\/wp\/v2\/posts"}],"about":[{"href":"https:\/\/www.europesays.com\/lv\/wp-json\/wp\/v2\/types\/post"}],"author":[{"embeddable":true,"href":"https:\/\/www.europesays.com\/lv\/wp-json\/wp\/v2\/users\/2"}],"replies":[{"embeddable":true,"href":"https:\/\/www.europesays.com\/lv\/wp-json\/wp\/v2\/comments?post=67768"}],"version-history":[{"count":0,"href":"https:\/\/www.europesays.com\/lv\/wp-json\/wp\/v2\/posts\/67768\/revisions"}],"wp:featuredmedia":[{"embeddable":true,"href":"https:\/\/www.europesays.com\/lv\/wp-json\/wp\/v2\/media\/67769"}],"wp:attachment":[{"href":"https:\/\/www.europesays.com\/lv\/wp-json\/wp\/v2\/media?parent=67768"}],"wp:term":[{"taxonomy":"category","embeddable":true,"href":"https:\/\/www.europesays.com\/lv\/wp-json\/wp\/v2\/categories?post=67768"},{"taxonomy":"post_tag","embeddable":true,"href":"https:\/\/www.europesays.com\/lv\/wp-json\/wp\/v2\/tags?post=67768"}],"curies":[{"name":"wp","href":"https:\/\/api.w.org\/{rel}","templated":true}]}}