{"id":67791,"date":"2025-12-07T10:31:09","date_gmt":"2025-12-07T10:31:09","guid":{"rendered":"https:\/\/www.europesays.com\/lv\/67791\/"},"modified":"2025-12-07T10:31:09","modified_gmt":"2025-12-07T10:31:09","slug":"2026-gada-g20-samita-dienvidafrikas-vieta-piedalisies-polija","status":"publish","type":"post","link":"https:\/\/www.europesays.com\/lv\/67791\/","title":{"rendered":"2026. gada G20 samit\u0101 Dienvid\u0101frikas viet\u0101 piedal\u012bsies Polija"},"content":{"rendered":"<p>P\u0113c tam, kad Va\u0161ingtona ned\u0113\u013cas s\u0101kum\u0101 p\u0101r\u0146\u0113ma G20 prezid\u0113jo\u0161\u0101s valsts pien\u0101kumus, Rubio ceturtdien apstiprin\u0101ja, ka Var\u0161ava tiks uzaicin\u0101ta uz 2026. gada samitu, jo <a href=\"https:\/\/www.tvnet.lv\/term\/555430\/polija\" class=\"topicLink\" target=\"_blank\" rel=\"nofollow noopener\">Polija<\/a> ir iek\u013cuvusi starp 20 liel\u0101kaj\u0101m pasaules ekonomik\u0101m.<\/p>\n<p>Tikm\u0113r <a href=\"https:\/\/www.tvnet.lv\/term\/555466\/dienvidafrika\" class=\"topicLink\" target=\"_blank\" rel=\"nofollow noopener\">Dienvid\u0101frika<\/a>, kas ir G20 dal\u012bbvalsts, uz samitu netiks aicin\u0101ta.<\/p>\n<p>Pazi\u0146ojum\u0101 &#8220;Amerika apsveic jauno G20&#8221; Rubio nor\u0101d\u012bja, ka ASV uz samitu uzaicin\u0101s &#8220;draugus, kaimi\u0146us un partnerus&#8221;.<\/p>\n<p>&#8220;Konkr\u0113ti Polija, kas savulaik bija sag\u016bst\u012bta aiz Dzelzs priek\u0161kara, ta\u010du tagad ir starp 20 pasaules liel\u0101kaj\u0101m ekonomik\u0101m, mums pievienosies, lai ie\u0146emtu tai pien\u0101ko\u0161os vietu G20,&#8221; nor\u0101d\u012bja Rubio.<\/p>\n<p>Pagaid\u0101m nav skaidrs, vai ASV cent\u012bsies pan\u0101kt Polijas ofici\u0101lu uz\u0146em\u0161anu G20, vai ar\u012b Var\u0161ava n\u0101kam\u0101 gada samit\u0101 piedal\u012bsies k\u0101 viesis.<\/p>\n<p>Rubio piebilda, ka Polijas ekonomikas izaugsme ir pier\u0101d\u012bjums tam, ka &#8220;piev\u0113r\u0161an\u0101s n\u0101kotnei ir lab\u0101ks ce\u013c\u0161 nek\u0101 \u017e\u0113lo\u0161an\u0101s&#8221;. Vi\u0146\u0161 ar\u012b uzsv\u0113ra, ka sadarb\u012bba ar ASV un to uz\u0146\u0113mumiem veicina savstarp\u0113ju labkl\u0101j\u012bbu un izaugsmi.<\/p>\n<p>Jau septembra s\u0101kum\u0101 Polijas prezidents Karols Navrockis pazi\u0146oja, ka ASV prezidents Donalds Tramps ir vi\u0146u uzaicin\u0101jis uz G20 samitu, kas paredz\u0113ts 2026. gada decembr\u012b Doral\u0101, net\u0101lu no Maiami Florid\u0101.<\/p>\n<p>Tikm\u0113r Polijas \u0101rlietu ministrs Radoslavs Sikorskis septembr\u012b pazi\u0146oja, ka l\u016bdzis ASV atbalst\u012bt Poliju t\u0101s v\u0113lm\u0113 k\u013c\u016bt par pilnties\u012bgu G20 dal\u012bbvalsti.<\/p>\n<p>P\u0113c tik\u0161an\u0101s ar Rubio Sikorskis nor\u0101d\u012bja, ka Polija tagad sasniegusi triljonu dol\u0101ru ekonomikas statusu.<\/p>\n","protected":false},"excerpt":{"rendered":"P\u0113c tam, kad Va\u0161ingtona ned\u0113\u013cas s\u0101kum\u0101 p\u0101r\u0146\u0113ma G20 prezid\u0113jo\u0161\u0101s valsts pien\u0101kumus, Rubio ceturtdien apstiprin\u0101ja, ka Var\u0161ava tiks uzaicin\u0101ta&hellip;\n","protected":false},"author":2,"featured_media":67792,"comment_status":"","ping_status":"","sticky":false,"template":"","format":"standard","meta":{"footnotes":""},"categories":[14],"tags":[23,57,28,29,9870,32,33,22,30,31,35,39,38,36,37,34,40,20,72,26,27,24,25,54,55,56,21,58],"class_list":{"0":"post-67791","1":"post","2":"type-post","3":"status-publish","4":"format-standard","5":"has-post-thumbnail","7":"category-zinas-no-arvalstim","8":"tag-aktualitates","9":"tag-arvalstim","10":"tag-breaking-news","11":"tag-breakingnews","12":"tag-dienvidafrika","13":"tag-featured-news","14":"tag-featurednews","15":"tag-headlines","16":"tag-latest-news","17":"tag-latestnews","18":"tag-latvia","19":"tag-latvian","20":"tag-latviesu","21":"tag-latviesu-valoda","22":"tag-latviesuvaloda","23":"tag-latvija","24":"tag-lv","25":"tag-news","26":"tag-polija","27":"tag-popularakas-zinas","28":"tag-popularakaszinas","29":"tag-top-stories","30":"tag-topstories","31":"tag-world","32":"tag-world-news","33":"tag-worldnews","34":"tag-zinas","35":"tag-zinas-no-arvalstim"},"share_on_mastodon":{"url":"https:\/\/pubeurope.com\/@lv\/115677828348836657","error":""},"_links":{"self":[{"href":"https:\/\/www.europesays.com\/lv\/wp-json\/wp\/v2\/posts\/67791","targetHints":{"allow":["GET"]}}],"collection":[{"href":"https:\/\/www.europesays.com\/lv\/wp-json\/wp\/v2\/posts"}],"about":[{"href":"https:\/\/www.europesays.com\/lv\/wp-json\/wp\/v2\/types\/post"}],"author":[{"embeddable":true,"href":"https:\/\/www.europesays.com\/lv\/wp-json\/wp\/v2\/users\/2"}],"replies":[{"embeddable":true,"href":"https:\/\/www.europesays.com\/lv\/wp-json\/wp\/v2\/comments?post=67791"}],"version-history":[{"count":0,"href":"https:\/\/www.europesays.com\/lv\/wp-json\/wp\/v2\/posts\/67791\/revisions"}],"wp:featuredmedia":[{"embeddable":true,"href":"https:\/\/www.europesays.com\/lv\/wp-json\/wp\/v2\/media\/67792"}],"wp:attachment":[{"href":"https:\/\/www.europesays.com\/lv\/wp-json\/wp\/v2\/media?parent=67791"}],"wp:term":[{"taxonomy":"category","embeddable":true,"href":"https:\/\/www.europesays.com\/lv\/wp-json\/wp\/v2\/categories?post=67791"},{"taxonomy":"post_tag","embeddable":true,"href":"https:\/\/www.europesays.com\/lv\/wp-json\/wp\/v2\/tags?post=67791"}],"curies":[{"name":"wp","href":"https:\/\/api.w.org\/{rel}","templated":true}]}}