{"id":67797,"date":"2025-12-07T10:37:12","date_gmt":"2025-12-07T10:37:12","guid":{"rendered":"https:\/\/www.europesays.com\/lv\/67797\/"},"modified":"2025-12-07T10:37:12","modified_gmt":"2025-12-07T10:37:12","slug":"putina-izteikumi-neliecina-par-velmi-izbeigt-karu-lente-lv","status":"publish","type":"post","link":"https:\/\/www.europesays.com\/lv\/67797\/","title":{"rendered":"Putina izteikumi neliecina par v\u0113lmi izbeigt karu\u00a0\u2014\u00a0Lente.lv"},"content":{"rendered":"<p>Ukrainas \u0100rlietu ministrs Sibiha: Putina Izteikumi Nedod Pamata Cer\u012bb\u0101m uz Kara Beig\u0101m<\/p>\n<p>Ukrainas \u0101rlietu ministrs Andrijs Sibiha otrdien publiski paudis ba\u017eas, ka Krievijas diktatora Vladimira Putina jaun\u0101kie izteikumi neliecina par re\u0101lu v\u0113lmi izbeigt karu Ukrain\u0101. \u0160\u0101di pazi\u0146ojumi izskan jau otro dienu p\u0113c k\u0101rtas, radot dr\u016bmu ainu par tuv\u0101ko n\u0101kotni.<\/p>\n<p>Putina Strat\u0113\u0123ija: Kara Pagarin\u0101\u0161ana un Miera Cer\u012bbu Aptum\u0161o\u0161ana<\/p>\n<p>Neskatoties uz da\u017e\u0101diem miera iniciat\u012bvu m\u0113\u0123in\u0101jumiem un starptautisku politi\u0137u izteiktaj\u0101m cer\u012bb\u0101m par iesp\u0113jamu konflikta noregul\u0113jumu, Putina retorika un darb\u012bbas, p\u0113c Sibiha teikt\u0101, liecina par pret\u0113jo. \u0160\u0137iet, ka Krievijas l\u012bderis akt\u012bvi cen\u0161as pagarin\u0101t karu, izmantojot da\u017e\u0101dus politiskus manevrus, tostarp simboliskus miera sarunu centienus, kas paties\u012bb\u0101 neatrisina dzi\u013c\u0101k\u0101s probl\u0113mas. Ukrainas \u0100rlietu ministrija kritiz\u0113 \u0161\u0101du pieeju, nor\u0101dot, ka Putins iznieko gan savas tautas, gan visas pasaules laiku.<\/p>\n<p>Piem\u0113ram, nesen\u0101 pag\u0101tn\u0113 Ukrainas \u0100rlietu ministrijas vad\u012bt\u0101js nor\u0101d\u012bjis, ka Putins izmanto politi\u0137us, piem\u0113ram, Ung\u0101rijas premjerministru Viktoru Orb\u0101nu, k\u0101 &#8220;aktierus&#8221; sav\u0101 &#8220;asi\u0146ainaj\u0101 izr\u0101d\u0113&#8221;, lai sl\u0113ptu pla\u0161a m\u0113roga uzbrukumus Ukrainai. \u0160\u0101da taktika, kad diplom\u0101tisk\u0101s viz\u012btes sakr\u012bt ar intens\u012bviem uzbrukumiem, rada aizdomas par Putina vilt\u012bgo strat\u0113\u0123iju.<\/p>\n<p>Atskatoties uz Pag\u0101tni: Kara Izrais\u012btie Post\u012bjumi un Tautas Izdz\u012bvo\u0161anas C\u012b\u0146a<\/p>\n<p>Kara posto\u0161\u0101s sekas Ukrain\u0101 turpina skart ikdienu, radot milz\u012bgas cie\u0161anas civiliedz\u012bvot\u0101jiem. Zi\u0146as no frontes l\u012bnij\u0101m un ap\u0161aud\u012btaj\u0101m pils\u0113t\u0101m, piem\u0113ram, Harkivas, atspogu\u013co cilv\u0113ku pragmatisko attieksmi \u2013 vi\u0146i vair\u0101k koncentr\u0113jas uz praktisk\u0101m probl\u0113m\u0101m, piem\u0113ram, elektr\u012bbas un siltuma pieejam\u012bbu, k\u0101 ar\u012b uz nepiecie\u0161amajiem iero\u010diem, lai aizst\u0101v\u0113tos pret Krievijas agresiju. \u0160\u0101da ikdienas realit\u0101te kontrast\u0113 ar politiskaj\u0101m virz\u012bb\u0101m un cer\u012bb\u0101m uz \u0101tru miera pan\u0101k\u0161anu.<\/p>\n<p>Cilv\u0113ki Ukrain\u0101 ir izteiku\u0161i skepsi par Putina patiesaj\u0101m nodomiem, uzsverot, ka tik ilgi, kam\u0113r vi\u0146\u0161 atrodas pie varas, nav pamata gaid\u012bt neko labu. Vi\u0146u attieksme ir dzi\u013ci sak\u0146ota pieredz\u0113, kur\u0101 uztic\u0113ties Krievijas l\u012bderim ir &#8220;v\u0113l\u012bgi&#8221;, jo nav redzamas re\u0101las darb\u012bbas, kas v\u0113rstas uz kara izbeig\u0161anu. Ap\u0161audes turpin\u0101s, frontes l\u012bnij\u0101 notiek kaujas, un Kremlis neliekas ne zinis par pretimn\u0101k\u0161anu.<\/p>\n<p>Starptautisk\u0101 Sabiedr\u012bba un T\u0101s Loma Miera Mekl\u0113jumos<\/p>\n<p>Kam\u0113r Ukrainas politi\u0137i pau\u017e skaidru nost\u0101ju par Krievijas agresiju, starptautisk\u0101 sabiedr\u012bba turpina mekl\u0113t ce\u013cus uz mieru. NATO \u0101rlietu ministru san\u0101ksm\u0113s tiek apspriesta alianses attur\u0113\u0161anas un aizsardz\u012bbas sp\u0113ju stiprin\u0101\u0161ana, k\u0101 ar\u012b turpm\u0101ks atbalsts Ukrainas pa\u0161aizsardz\u012bbai. Latvijas \u0101rlietu ministre Baiba Bra\u017ee ir uzsv\u0113rusi, ka NATO uzdevums ir nodro\u0161in\u0101t mieru Eiroatlantiskaj\u0101 telp\u0101, un sabiedrotie atbalsta centienus, kas nodro\u0161in\u0101tu ilgsto\u0161u un taisn\u012bgu mieru Ukrainai.<\/p>\n<p>Tom\u0113r, k\u0101 liecina aptaujas, vair\u0101kums Eiropas Savien\u012bbas pilso\u0146u joproj\u0101m saskata &#8220;augstu risku&#8221;, ka var\u0113tu izcelties kar\u0161 ar Krieviju, \u012bpa\u0161i t\u0101s valst\u012bs, kas robe\u017eojas ar Krieviju vai t\u0101s sabiedrotajiem. \u0160\u012b joproj\u0101m past\u0101vo\u0161\u0101 spriedze un nezi\u0146a par n\u0101kotni rada sare\u017e\u0123\u012btu vidi, kur\u0101 miera pan\u0101k\u0161ana \u0161\u0137iet arvien gr\u016bt\u0101ka.<\/p>\n<p>Situ\u0101cija ap Krievijas-Ukrainas karu paliek saspringta, un Ukrainas ofici\u0101l\u0101s personas skaidri nor\u0101da, ka Putina retorika nesniedz pamatu optimistisk\u0101m prognoz\u0113m par konflikta dr\u012bzu izbeig\u0161anos. Lai gan cer\u012bba uz mieru past\u0101v, re\u0101l\u0101 situ\u0101cija liek saglab\u0101t modr\u012bbu un gatav\u012bbu turpin\u0101t c\u012b\u0146u par valsts suverenit\u0101ti un teritori\u0101lo integrit\u0101ti.<\/p>\n","protected":false},"excerpt":{"rendered":"Ukrainas \u0100rlietu ministrs Sibiha: Putina Izteikumi Nedod Pamata Cer\u012bb\u0101m uz Kara Beig\u0101m Ukrainas \u0101rlietu ministrs Andrijs Sibiha otrdien&hellip;\n","protected":false},"author":2,"featured_media":67798,"comment_status":"","ping_status":"","sticky":false,"template":"","format":"standard","meta":{"footnotes":""},"categories":[14],"tags":[23,57,28,29,32,33,22,3354,2406,30,31,35,39,38,36,37,34,40,20,26,27,17407,17406,24,25,17408,54,55,56,21,58],"class_list":{"0":"post-67797","1":"post","2":"type-post","3":"status-publish","4":"format-standard","5":"has-post-thumbnail","7":"category-zinas-no-arvalstim","8":"tag-aktualitates","9":"tag-arvalstim","10":"tag-breaking-news","11":"tag-breakingnews","12":"tag-featured-news","13":"tag-featurednews","14":"tag-headlines","15":"tag-kars-ukraina","16":"tag-krievijas-agresija","17":"tag-latest-news","18":"tag-latestnews","19":"tag-latvia","20":"tag-latvian","21":"tag-latviesu","22":"tag-latviesu-valoda","23":"tag-latviesuvaloda","24":"tag-latvija","25":"tag-lv","26":"tag-news","27":"tag-popularakas-zinas","28":"tag-popularakaszinas","29":"tag-putina-izteikumi","30":"tag-sibiha","31":"tag-top-stories","32":"tag-topstories","33":"tag-ukrainas-arlietu-ministrija","34":"tag-world","35":"tag-world-news","36":"tag-worldnews","37":"tag-zinas","38":"tag-zinas-no-arvalstim"},"share_on_mastodon":{"url":"https:\/\/pubeurope.com\/@lv\/115677851983770678","error":""},"_links":{"self":[{"href":"https:\/\/www.europesays.com\/lv\/wp-json\/wp\/v2\/posts\/67797","targetHints":{"allow":["GET"]}}],"collection":[{"href":"https:\/\/www.europesays.com\/lv\/wp-json\/wp\/v2\/posts"}],"about":[{"href":"https:\/\/www.europesays.com\/lv\/wp-json\/wp\/v2\/types\/post"}],"author":[{"embeddable":true,"href":"https:\/\/www.europesays.com\/lv\/wp-json\/wp\/v2\/users\/2"}],"replies":[{"embeddable":true,"href":"https:\/\/www.europesays.com\/lv\/wp-json\/wp\/v2\/comments?post=67797"}],"version-history":[{"count":0,"href":"https:\/\/www.europesays.com\/lv\/wp-json\/wp\/v2\/posts\/67797\/revisions"}],"wp:featuredmedia":[{"embeddable":true,"href":"https:\/\/www.europesays.com\/lv\/wp-json\/wp\/v2\/media\/67798"}],"wp:attachment":[{"href":"https:\/\/www.europesays.com\/lv\/wp-json\/wp\/v2\/media?parent=67797"}],"wp:term":[{"taxonomy":"category","embeddable":true,"href":"https:\/\/www.europesays.com\/lv\/wp-json\/wp\/v2\/categories?post=67797"},{"taxonomy":"post_tag","embeddable":true,"href":"https:\/\/www.europesays.com\/lv\/wp-json\/wp\/v2\/tags?post=67797"}],"curies":[{"name":"wp","href":"https:\/\/api.w.org\/{rel}","templated":true}]}}