{"id":67816,"date":"2025-12-07T10:57:10","date_gmt":"2025-12-07T10:57:10","guid":{"rendered":"https:\/\/www.europesays.com\/lv\/67816\/"},"modified":"2025-12-07T10:57:10","modified_gmt":"2025-12-07T10:57:10","slug":"adventes-laika-koncerts-no-sirds-uz-sirdi","status":"publish","type":"post","link":"https:\/\/www.europesays.com\/lv\/67816\/","title":{"rendered":"Adventes laika koncerts \u201cNo sirds uz sirdi\u201d"},"content":{"rendered":"<p>6. decembr\u012b Koc\u0113nu Kult\u016bras nam\u0101 izskan\u0113ja adventes laika koncerts \u201cNo sirds uz sirdi\u201d. Koncert\u0101 piedal\u012bj\u0101s senioru vok\u0101lais ansamblis \u201cDziesmot\u0101 senatne\u201d (Koc\u0113ni), dziesmu draugu kopa \u201cDedzieda\u201d (Renc\u0113ni), sievie\u0161u vok\u0101lais ansamblis \u201cR\u016bjmalietes\u201d (Lode), vok\u0101lais ansamblis \u201cDzied\u0101tprieks\u201d (Vecate), senioru vok\u0101lais ansamblis \u201cLaika ritmi\u201d (Raiskums), senioru v\u012bru koris \u201cBaltie b\u0113rzi\u201d (Valmiera), senioru vok\u0101lais ansamblis no Veclaicenes, sievie\u0161u senioru vok\u0101lais ansamblis \u201cP\u012bl\u0101dzis\u201d (M\u0101rupe) un dziesmu draugu kopa \u201cCantemus\u201d (R\u012bga).<\/p>\n<p>Foto autors: Edmunds Mitenieks.<\/p>\n","protected":false},"excerpt":{"rendered":"6. decembr\u012b Koc\u0113nu Kult\u016bras nam\u0101 izskan\u0113ja adventes laika koncerts \u201cNo sirds uz sirdi\u201d. Koncert\u0101 piedal\u012bj\u0101s senioru vok\u0101lais ansamblis&hellip;\n","protected":false},"author":2,"featured_media":67817,"comment_status":"","ping_status":"","sticky":false,"template":"","format":"standard","meta":{"footnotes":""},"categories":[12],"tags":[23,28,29,32,33,22,30,31,35,39,38,36,37,34,40,20,26,27,24,25,21],"class_list":{"0":"post-67816","1":"post","2":"type-post","3":"status-publish","4":"format-standard","5":"has-post-thumbnail","7":"category-latvija","8":"tag-aktualitates","9":"tag-breaking-news","10":"tag-breakingnews","11":"tag-featured-news","12":"tag-featurednews","13":"tag-headlines","14":"tag-latest-news","15":"tag-latestnews","16":"tag-latvia","17":"tag-latvian","18":"tag-latviesu","19":"tag-latviesu-valoda","20":"tag-latviesuvaloda","21":"tag-latvija","22":"tag-lv","23":"tag-news","24":"tag-popularakas-zinas","25":"tag-popularakaszinas","26":"tag-top-stories","27":"tag-topstories","28":"tag-zinas"},"share_on_mastodon":{"url":"https:\/\/pubeurope.com\/@lv\/115677930722930469","error":""},"_links":{"self":[{"href":"https:\/\/www.europesays.com\/lv\/wp-json\/wp\/v2\/posts\/67816","targetHints":{"allow":["GET"]}}],"collection":[{"href":"https:\/\/www.europesays.com\/lv\/wp-json\/wp\/v2\/posts"}],"about":[{"href":"https:\/\/www.europesays.com\/lv\/wp-json\/wp\/v2\/types\/post"}],"author":[{"embeddable":true,"href":"https:\/\/www.europesays.com\/lv\/wp-json\/wp\/v2\/users\/2"}],"replies":[{"embeddable":true,"href":"https:\/\/www.europesays.com\/lv\/wp-json\/wp\/v2\/comments?post=67816"}],"version-history":[{"count":0,"href":"https:\/\/www.europesays.com\/lv\/wp-json\/wp\/v2\/posts\/67816\/revisions"}],"wp:featuredmedia":[{"embeddable":true,"href":"https:\/\/www.europesays.com\/lv\/wp-json\/wp\/v2\/media\/67817"}],"wp:attachment":[{"href":"https:\/\/www.europesays.com\/lv\/wp-json\/wp\/v2\/media?parent=67816"}],"wp:term":[{"taxonomy":"category","embeddable":true,"href":"https:\/\/www.europesays.com\/lv\/wp-json\/wp\/v2\/categories?post=67816"},{"taxonomy":"post_tag","embeddable":true,"href":"https:\/\/www.europesays.com\/lv\/wp-json\/wp\/v2\/tags?post=67816"}],"curies":[{"name":"wp","href":"https:\/\/api.w.org\/{rel}","templated":true}]}}