{"id":67822,"date":"2025-12-07T11:03:09","date_gmt":"2025-12-07T11:03:09","guid":{"rendered":"https:\/\/www.europesays.com\/lv\/67822\/"},"modified":"2025-12-07T11:03:09","modified_gmt":"2025-12-07T11:03:09","slug":"siguldas-novada-inciema-bazas-par-celu-kurs-netiek-pienacigi-uzturets-raksts","status":"publish","type":"post","link":"https:\/\/www.europesays.com\/lv\/67822\/","title":{"rendered":"Siguldas novada Inciem\u0101 ba\u017eas par ce\u013cu, kur\u0161 netiek pien\u0101c\u012bgi uztur\u0113ts \/ Raksts"},"content":{"rendered":"<p>Siguldas novada Inciem\u0101 iedz\u012bvot\u0101ji uztraucas par D kategorijas zemes ce\u013cu, kuru pa\u0161vald\u012bba neuztur atbilsto\u0161\u0101 k\u0101rt\u012bb\u0101.<\/p>\n<p>Viet\u0113jais iedz\u012bvot\u0101js Edmunds B\u0113rzi\u0146\u0161 &#8220;4.\u00a0studijai&#8221; st\u0101st\u012bja: &#8220;\u0160is ce\u013c\u0161 bija katastrof\u0101l\u0101 st\u0101vokl\u012b v\u0113l \u0161or\u012bt no r\u012bta, bet t\u0101 nav atkalas probl\u0113ma. T\u0101 ir ce\u013ca uztur\u0113\u0161anas probl\u0113ma, jo \u0161eit visp\u0101r nav iesp\u0113jams pabraukt pa \u0161o ce\u013cu. Kop\u0161 sniegs ir uzsnidzis, \u0161is ce\u013c\u0161 ne reizi nav\u00a0ne t\u012br\u012bts, ne kais\u012bts.&#8221;<\/p>\n<p>V\u012brietis nor\u0101d\u012bja, ka nesen uz ra\u017eotni brauco\u0161ais kravas auto nosl\u012bd\u0113ja no ce\u013ca. Bija j\u0101sauc evakuators, lai to izvilktu.<\/p>\n<blockquote>\n<p>B\u0113rzi\u0146\u0161 st\u0101st\u012bja: &#8220;Ra\u017eotne paties\u012bb\u0101 ar pieg\u0101d\u0101t\u0101jiem saska\u0146o braucienus tad, kad ce\u013c\u0161 ir st\u0101vokl\u012b, kur\u0101 var izbraukt. Un ce\u013c\u0161 ir st\u0101vokl\u012b, kur\u0101 var izbraukt, pateicoties pa\u0161ai ra\u017eotnei, t\u0101p\u0113c, ka vi\u0146i kaisa un ar\u012b t\u012bra. Pa\u0161vald\u012bba \u0161eit neko nedara.&#8221;<\/p>\n<\/blockquote>\n<p>Siguldas novada pa\u0161vald\u012bb\u0101 st\u0101st\u012bja, ka ce\u013ca apseko\u0161ana notika 13. novembr\u012b, kad pa\u0161vald\u012bbas speci\u0101listi atk\u0101rtoti nodeva uztur\u0113t\u0101jam inform\u0101ciju par greider\u0113\u0161anas nepiecie\u0161am\u012bbu. Tom\u0113r br\u012bd\u012b, kad darbi bija j\u0101s\u0101k, iest\u0101j\u0101s ziemai rakstur\u012bgi, bet tehniski \u013coti sare\u017e\u0123\u012bti apst\u0101k\u013ci \u2013 sasalums un pirm\u0101 sniega k\u0101rta. &#8220;\u0160\u0101dos apst\u0101k\u013cos greider\u0113\u0161anu veikt nav iesp\u0113jams, un turpm\u0101kie darbi k\u013c\u016bst atkar\u012bgi no laika prognozes,&#8221; nor\u0101d\u012bja pa\u0161vald\u012bb\u0101. Tad tiek gaid\u012bts notur\u012bg\u0101ks sals vai silt\u0101ki laikapst\u0101k\u013ci, lai var\u0113tu veikt atk\u0101rtotu greider\u0113\u0161anu.<\/p>\n<p>&#8220;Ar s\u0101li \u0161\u0101dus ce\u013cus nekais\u0101m, bet smilts kais\u012b\u0161ana galvenok\u0101rt tiek nodro\u0161in\u0101ta tur, kur brauc sabiedriskais transports vai ir liel\u0101ka satiksmes intensit\u0101te.<\/p>\n<blockquote>\n<p>Pag\u0101ju\u0161aj\u0101 ned\u0113\u013c\u0101 sniega k\u0101rta nebija pietiekami bieza, lai rievo\u0161ana b\u016btu tehniski iesp\u0113jama,&#8221; skaidroja pa\u0161vald\u012bb\u0101.<\/p>\n<\/blockquote>\n<p>Tom\u0113r dien\u0101, kad bija ieradusies &#8220;4. studija&#8221;, rievo\u0161ana \u0161aj\u0101 ce\u013ca posm\u0101 tika veikta. Pa\u0161vald\u012bb\u0101 skaidroja, ka tas dar\u012bts, \u0146emot v\u0113r\u0101 b\u012bstamos apst\u0101k\u013cus un atkalu.\u00a0<\/p>\n<p>&#8220;J\u0101, \u013coti \u0101tri, k\u0101 redziet, divu stundu laik\u0101 greideris nobrauca, un \u0161\u0137ietami viss ir k\u0101rt\u012bb\u0101, bet ac\u012bmredzot\u00a0tas ir tas vi\u0146u krit\u0113rijs \u2013 &#8220;p\u0113c vajadz\u012bbas&#8221;. Vi\u0146iem rad\u0101s spied\u012bga vajadz\u012bba, jo k\u0101ds zvan\u012bja un par to interes\u0113j\u0101s, un jaut\u0101ja jau konkr\u0113ti,&#8221; koment\u0113ja B\u0113rzi\u0146\u0161.<\/p>\n<p>Pa\u0161vald\u012bb\u0101 gan sac\u012bja, ka grants ce\u013cus apseko pat bie\u017e\u0101k, nek\u0101 to paredz Ministru kabineta noteikumi, ta\u010du novada ce\u013cu t\u012bkls esot pla\u0161s. Objekt\u012bvi neesot iesp\u0113jams apsekot piln\u012bgi visus D klases ce\u013cus ik dienu. T\u0101p\u0113c ir svar\u012bgi\u00a0sa\u0146emt inform\u0101ciju no viet\u0113jiem iedz\u012bvot\u0101jiem.\u00a0<\/p>\n<p>Pa\u0161vald\u012bb\u0101 nor\u0101d\u012bja: &#8220;Kopum\u0101 varam apstiprin\u0101t, ka darbi \u0161aj\u0101 ce\u013ca posm\u0101 tiek veikti gan atbilsto\u0161i l\u012bguma nosac\u012bjumiem, gan tehniskaj\u0101m iesp\u0113j\u0101m ziemas apst\u0101k\u013cos. M\u0113s apzin\u0101mies, ka \u0161is gads ce\u013cu uztur\u0113\u0161an\u0101 nav bijis viegls, jo izaicin\u0101jumu rad\u012bja gan juridiski jaut\u0101jumi saist\u012bb\u0101 ar ziemas uztur\u0113\u0161anas iepirkumiem, gan strauj\u0101s laikapst\u0101k\u013cu izmai\u0146as.&#8221;<\/p>\n<p>Ministru kabineta noteikumi paredz, ka ziemas sezon\u0101 uztur\u0113\u0161anas pras\u012bbu un darbu izpildes kontroli D klases ce\u013ciem nodro\u0161ina ne ret\u0101k k\u0101 reizi pusgad\u0101. Bet, k\u0101 nor\u0101da viet\u0113jie iedz\u012bvot\u0101ji, tad ar \u0161\u012b ce\u013ca posma uztur\u0113\u0161anu ne tuvu neveicas tik labi, k\u0101 vi\u0146i v\u0113l\u0113tos. T\u0101p\u0113c svar\u012bgi \u2013 tur\u0113t pa\u0161vald\u012bbu pie v\u0101rda un dar\u012bt tai zin\u0101mu aktu\u0101lo inform\u0101ciju ikreiz, kad ce\u013c\u0161 k\u013c\u016bst neizbraucams.\u00a0<\/p>\n<p>                    Valodas k\u013c\u016bda rakst\u0101?<\/p>\n<p class=\"d-none d-md-block\">Iez\u012bm\u0113jiet tekstu un spiediet Ctrl+Enter, lai nos\u016bt\u012btu labojamo teksta fragmentu redaktoram! Par faktu k\u013c\u016bd\u0101m l\u016bdzam zi\u0146ot e-past\u0101 <a href=\"https:\/\/www.lsm.lv\/cdn-cgi\/l\/email-protection\" class=\"__cf_email__\" data-cfemail=\"c0b2a5a4a1aba3a9aaa180acb3adeeacb6\" rel=\"nofollow noopener\" target=\"_blank\">[email\u00a0protected]<\/a>.<\/p>\n<p class=\"d-md-none\">Iez\u012bm\u0113jiet tekstu un spiediet uz Zi\u0146ot par k\u013c\u016bdu pogas, lai nos\u016bt\u012btu labojamo teksta fragmentu redaktoram!<\/p>\n<p>\n                    Zi\u0146ot par k\u013c\u016bdu\n                <\/p>\n","protected":false},"excerpt":{"rendered":"Siguldas novada Inciem\u0101 iedz\u012bvot\u0101ji uztraucas par D kategorijas zemes ce\u013cu, kuru pa\u0161vald\u012bba neuztur atbilsto\u0161\u0101 k\u0101rt\u012bb\u0101. Viet\u0113jais iedz\u012bvot\u0101js Edmunds&hellip;\n","protected":false},"author":2,"featured_media":67823,"comment_status":"","ping_status":"","sticky":false,"template":"","format":"standard","meta":{"footnotes":""},"categories":[12],"tags":[23,28,29,32,33,22,30,31,35,39,38,36,37,34,40,20,26,27,24,25,21],"class_list":{"0":"post-67822","1":"post","2":"type-post","3":"status-publish","4":"format-standard","5":"has-post-thumbnail","7":"category-latvija","8":"tag-aktualitates","9":"tag-breaking-news","10":"tag-breakingnews","11":"tag-featured-news","12":"tag-featurednews","13":"tag-headlines","14":"tag-latest-news","15":"tag-latestnews","16":"tag-latvia","17":"tag-latvian","18":"tag-latviesu","19":"tag-latviesu-valoda","20":"tag-latviesuvaloda","21":"tag-latvija","22":"tag-lv","23":"tag-news","24":"tag-popularakas-zinas","25":"tag-popularakaszinas","26":"tag-top-stories","27":"tag-topstories","28":"tag-zinas"},"share_on_mastodon":{"url":"https:\/\/pubeurope.com\/@lv\/115677954805761256","error":""},"_links":{"self":[{"href":"https:\/\/www.europesays.com\/lv\/wp-json\/wp\/v2\/posts\/67822","targetHints":{"allow":["GET"]}}],"collection":[{"href":"https:\/\/www.europesays.com\/lv\/wp-json\/wp\/v2\/posts"}],"about":[{"href":"https:\/\/www.europesays.com\/lv\/wp-json\/wp\/v2\/types\/post"}],"author":[{"embeddable":true,"href":"https:\/\/www.europesays.com\/lv\/wp-json\/wp\/v2\/users\/2"}],"replies":[{"embeddable":true,"href":"https:\/\/www.europesays.com\/lv\/wp-json\/wp\/v2\/comments?post=67822"}],"version-history":[{"count":0,"href":"https:\/\/www.europesays.com\/lv\/wp-json\/wp\/v2\/posts\/67822\/revisions"}],"wp:featuredmedia":[{"embeddable":true,"href":"https:\/\/www.europesays.com\/lv\/wp-json\/wp\/v2\/media\/67823"}],"wp:attachment":[{"href":"https:\/\/www.europesays.com\/lv\/wp-json\/wp\/v2\/media?parent=67822"}],"wp:term":[{"taxonomy":"category","embeddable":true,"href":"https:\/\/www.europesays.com\/lv\/wp-json\/wp\/v2\/categories?post=67822"},{"taxonomy":"post_tag","embeddable":true,"href":"https:\/\/www.europesays.com\/lv\/wp-json\/wp\/v2\/tags?post=67822"}],"curies":[{"name":"wp","href":"https:\/\/api.w.org\/{rel}","templated":true}]}}