{"id":67824,"date":"2025-12-07T11:04:40","date_gmt":"2025-12-07T11:04:40","guid":{"rendered":"https:\/\/www.europesays.com\/lv\/67824\/"},"modified":"2025-12-07T11:04:40","modified_gmt":"2025-12-07T11:04:40","slug":"kur-ziemassvetku-tirdzins-sogad-labaks-riga-vai-tallina-vertejam-rotajumus-gardumus-un-cenas-raksts","status":"publish","type":"post","link":"https:\/\/www.europesays.com\/lv\/67824\/","title":{"rendered":"Kur Ziemassv\u0113tku tirdzi\u0146\u0161 \u0161ogad lab\u0101ks \u2013 R\u012bg\u0101 vai Tallin\u0101? V\u0113rt\u0113jam rot\u0101jumus, gardumus un cenas \/ Raksts"},"content":{"rendered":"<p>Laik\u0101, kad visapk\u0101rt valda migla un tumsa, teju ikviens jau s\u0101k priec\u0101ties par izrot\u0101t\u0101m egl\u012bt\u0113m un mirdzo\u0161\u0101m gaismi\u0146\u0101m, pat ja pats nav liel\u0101kais Ziemassv\u0113tku fans. \u0160eit viet\u0101 atz\u012bties, ka es noteikti piederu pie faniem un \u013coti izbaudu sv\u0113tku gaid\u012b\u0161anas laiku. \u0160ogad devos uz viet\u0101m, kur R\u012bg\u0101 un Tallin\u0101\u00a0jau valda l\u012bksm\u012bba \u2013 uz Ziemassv\u0113tku tirdzi\u0146iem, lai baud\u012btu noska\u0146u, nov\u0113rt\u0113tu rot\u0101jumus un noform\u0113jumu, kaut ko pagar\u0161otu (jo visu jau nevar) un, protams, sal\u012bdzin\u0101tu cenas un pied\u0101v\u0101jumu.\u00a0 Kur\u0161 tirdzi\u0146\u0161 tad \u0161ogad lab\u0101ks?<\/p>\n<p class=\"note__heading\">Par autori <\/p>\n<p>Apmekl\u0113t Ziemassv\u0113tku tirdzi\u0146us Eirop\u0101 ir Andras Briekmanes va\u013casprieks jau 15 gadu garum\u0101, un katru sezonu vi\u0146a aizce\u013co uz vair\u0101kiem. Lasi ar\u012b autores <a href=\"https:\/\/www.lsm.lv\/raksts\/dzive--stils\/celosana\/19.12.2024-krasnie-un-omuligie-ziemassvetku-tirdzini-eiropa-jeb-ka-vel-nokert-svetku-sajutu.a580740\/\" class=\"lsm-link\" data-type=\"article\" data-id=\"580740\" rel=\"nofollow noopener\" target=\"_blank\">m\u012b\u013c\u0101ko tirdzi\u0146u izlasi.\u00a0<\/a><\/p>\n<p>Tallinas jaukumi\u00a0<\/p>\n<p style=\"margin-left:0cm; margin-right:0cm\">T\u0101 k\u0101 Tallin\u0101 Ziemassv\u0113tku tirdzi\u0146\u0161 vecpils\u0113tas R\u0101tslaukum\u0101 v\u0101rtus v\u0113ra un karstv\u012bnu sild\u012bt s\u0101ka jau 21.\u00a0novembr\u012b, uz to devos vispirms. Jau pa ce\u013cam, Tallin\u0101 l\u012bkumojot pa \u0161auraj\u0101m viduslaiku pils\u0113tas ieli\u0146\u0101m, var apskat\u012bt daudz rot\u0101jumu. Atmosf\u0113ra vecpils\u0113t\u0101 ir jauka. Skaidri dzirdams, ka ar\u012b citi t\u016bristi, kuru Igaunijas galvaspils\u0113t\u0101 tie\u0161\u0101m netr\u016bkst, tos apbr\u012bno.\u00a0<\/p>\n<p>            <img decoding=\"async\" src=\"https:\/\/www.europesays.com\/lv\/wp-content\/uploads\/2025\/12\/s6gt.jpg\" alt=\"Ziemassv\u0113tku rot\u0101jumi Tallin\u0101\"\/><\/p>\n<p>Ziemassv\u0113tku rot\u0101jumi Tallin\u0101<\/p>\n<p>Foto: Andra Briekmane<\/p>\n<\/p>\n<p style=\"margin-left:0cm; margin-right:0cm\">Tirdzi\u0146u atrast nav gr\u016bti \u2013 vien j\u0101seko savam degunam, l\u012bdz desi\u0146u ar sk\u0101biem k\u0101postiem, k\u0101 ar\u012b karsto dz\u0113rienu arom\u0101ts aizved uz \u012bsto vietu pat bez navig\u0101cijas pal\u012bdz\u012bbas.\u00a0<\/p>\n<p style=\"margin-left:0cm; margin-right:0cm\">Tallinas R\u0101tslaukum\u0101 tirgot\u0101ju b\u016bdi\u0146as sak\u0101rtotas rind\u0101s. Vien\u0101 laukuma mal\u0101 ir izrot\u0101ta estr\u0101de, kur ned\u0113\u013cas nogal\u0113s uzst\u0101jas m\u016bzi\u0137i un dejot\u0101ji. Tirdzi\u0146a centr\u0101, protams, egle. \u0160ogad t\u0101 rot\u0101ta ar liel\u0101m, zelt\u012bt\u0101m bumb\u0101m. Koks ir gl\u012bts un kupls, bet, lai pie t\u0101 uz\u0146emtu foto, b\u016bs j\u0101b\u016bt man\u012bgam, jo grib\u0113t\u0101ju to izdar\u012bt, iedab\u016bjot bild\u0113 ar\u012b R\u0101tsnama smailo torni, netr\u016bkst.\u00a0<\/p>\n<p style=\"margin-left:0cm; margin-right:0cm\">Pasteidzoties notikumiem pa priek\u0161u, R\u012bgas sv\u0113tku egle \u0161ogad, manupr\u0101t, ir interesant\u0101k un person\u012bg\u0101k greznota \u2013 cimdi\u0146u ar latviskiem rakstiem rot\u0101jumi ir ieder\u012bg\u0101ki un ar\u012b pati egle izskat\u0101s kr\u0101\u0161\u0146\u0101ka nek\u0101 t\u0101s kol\u0113\u0123e Tallin\u0101. Bet tas, protams, ir gaumes jaut\u0101jums.<\/p>\n<p style=\"margin-left:0cm; margin-right:0cm\">Tallinas tirdzi\u0146\u0101 ir padom\u0101ts ar\u012b par mazajiem apmekl\u0113t\u0101jiem, un laukuma pret\u0113j\u0101 mal\u0101 ir vair\u0101ki nelieli, tematiski karuse\u013ci. M\u016bsu tirdzi\u0146\u0101 ir viens, meh\u0101niski grie\u017eams, bet Tallin\u0101 \u2013 tr\u012bs elektriski. Spriest par to, kur\u0161 lab\u0101ks, gan neb\u016b\u0161u kompetenta.\u00a0<\/p>\n<p style=\"margin-left:0cm; margin-right:0cm\">Ja v\u0113l j\u0101v\u0113rt\u0113 atmosf\u0113ra, tad pirmaj\u0101 tirdzi\u0146a darb\u012bbas sv\u0113tdien\u0101 cilv\u0113ku netr\u016bka, viss darboj\u0101s, bet \u0161\u0137ita, ka dienas laik\u0101 pietr\u016bka sv\u0113tku noska\u0146as, ko, piem\u0113ram, R\u012bg\u0101 pie\u0161\u0137ir Ziemassv\u0113tku m\u016bzika. Vakarpus\u0113 gan gaismi\u0146as un dzied\u0101t\u0101ji uz skatuves to laboja.<\/p>\n<p style=\"margin-left:0cm; margin-right:0cm\"><img decoding=\"async\" src=\"https:\/\/www.europesays.com\/lv\/wp-content\/uploads\/2025\/12\/s6gq.jpg\" alt=\"Tallinas Ziemassv\u0113tku tirdzi\u0146\u0161\"\/>Tallinas Ziemassv\u0113tku tirdzi\u0146\u0161<\/p>\n<p>Foto: Andra Briekmane<\/p>\n<p><img decoding=\"async\" src=\"https:\/\/www.europesays.com\/lv\/wp-content\/uploads\/2025\/12\/s6gm.jpg\" alt=\"Tallinas Ziemassv\u0113tku tirdzi\u0146\u0161\"\/>Tallinas Ziemassv\u0113tku tirdzi\u0146\u0161<\/p>\n<p>Foto: Andra Briekmane<\/p>\n<p><img decoding=\"async\" src=\"https:\/\/www.europesays.com\/lv\/wp-content\/uploads\/2025\/12\/s6go.jpg\" alt=\"Tallinas Ziemassv\u0113tku tirdzi\u0146\u0161\"\/>Tallinas Ziemassv\u0113tku tirdzi\u0146\u0161<\/p>\n<p>Foto: Andra Briekmane<\/p>\n<p><img decoding=\"async\" src=\"https:\/\/www.europesays.com\/lv\/wp-content\/uploads\/2025\/12\/s6gl.jpg\" alt=\"Tallinas Ziemassv\u0113tku tirdzi\u0146\u0161\"\/>Tallinas Ziemassv\u0113tku tirdzi\u0146\u0161<\/p>\n<p>Foto: Andra Briekmane<\/p>\n<p><img decoding=\"async\" src=\"https:\/\/www.europesays.com\/lv\/wp-content\/uploads\/2025\/12\/s6gn.jpg\" alt=\"Tallinas Ziemassv\u0113tku tirdzi\u0146\u0161\"\/>Tallinas Ziemassv\u0113tku tirdzi\u0146\u0161<\/p>\n<p>Foto: Andra Briekmane<\/p>\n<p><img decoding=\"async\" src=\"https:\/\/www.europesays.com\/lv\/wp-content\/uploads\/2025\/12\/s6gr.jpg\" alt=\"Tallinas Ziemassv\u0113tku tirdzi\u0146\u0161\"\/>Tallinas Ziemassv\u0113tku tirdzi\u0146\u0161<\/p>\n<p>Foto: Andra Briekmane<\/p>\n<p><img decoding=\"async\" src=\"https:\/\/www.europesays.com\/lv\/wp-content\/uploads\/2025\/12\/s6gs.jpg\" alt=\"Tallinas Ziemassv\u0113tku tirdzi\u0146\u0161\"\/>Tallinas Ziemassv\u0113tku tirdzi\u0146\u0161<\/p>\n<p>Foto: Andra Briekmane<\/p>\n<p><img decoding=\"async\" src=\"https:\/\/www.europesays.com\/lv\/wp-content\/uploads\/2025\/12\/s6jh.jpg\" alt=\"Tallinas Ziemassv\u0113tku tirdzi\u0146\u0161\"\/>Tallinas Ziemassv\u0113tku tirdzi\u0146\u0161<\/p>\n<p>Foto: Andra Briekmane<\/p>\n<p><img decoding=\"async\" src=\"https:\/\/www.europesays.com\/lv\/wp-content\/uploads\/2025\/12\/s6ji.jpg\" alt=\"Tallinas Ziemassv\u0113tku tirdzi\u0146\u0161\"\/>Tallinas Ziemassv\u0113tku tirdzi\u0146\u0161<\/p>\n<p>Foto: Andra Briekmane<\/p>\n<p><img decoding=\"async\" src=\"https:\/\/www.europesays.com\/lv\/wp-content\/uploads\/2025\/12\/s6jj.jpg\" alt=\"Tallinas Ziemassv\u0113tku tirdzi\u0146\u0161\"\/>Tallinas Ziemassv\u0113tku tirdzi\u0146\u0161<\/p>\n<p>Foto: Andra Briekmane<\/p>\n<\/p>\n<p>R\u012bg\u0101 smalk\u0101kas deta\u013cas<\/p>\n<p style=\"margin-left:0cm; margin-right:0cm\">Ja izmanto jau iepriek\u0161min\u0113to deguna metodi tirdzi\u0146a atra\u0161anai, tad m\u016bsu pa\u0161u Ziemassv\u0113tku tirdzi\u0146\u0161 \u0161ogad \u013coti smar\u017eo p\u0113c ugunskura d\u016bmiem un uz dz\u012bvas uguns gatavotiem labumiem. Ja run\u0101jam par atmosf\u0113ru, tad R\u012bgas tirdzi\u0146\u0101 t\u0101 ietur\u0113ta vair\u0101k viduslaiku stil\u0101. Piedom\u0101ts ar\u012b pie t\u0101, ka decembris R\u012bg\u0101 nav silts m\u0113nesis, t\u0101p\u0113c ir ar\u012b nami\u0146i, kur ieiet iek\u0161\u0101 sasild\u012bties un iemalkot k\u0101du dz\u0113rienu, bet \u0101rpus\u0113 ir s\u0113dvietas ar \u0101d\u0101m, k\u0101 ar\u012b dz\u012bva uguns, kur var piest\u0101t un pasild\u012bt rokas vai uz\u0113st ko siltu. Ar\u012b tirgot\u0101ji daudzviet t\u0113rpu\u0161ies tematiskos viduslaiku vai Ziemassv\u0113tku r\u016b\u0137u t\u0113rpos.\u00a0<\/p>\n<p style=\"margin-left:0cm; margin-right:0cm\">Otra lieta, kas noteikti j\u0101piemin, ka \u0161ogad R\u012bgas tirdzi\u0146\u0101 ir \u013coti pla\u0161i p\u0101rst\u0101v\u0113ti viet\u0113jie darin\u0101jumi. Var jau b\u016bt, ka kaut kas ir atvests ar\u012b no aizj\u016br\u0101m, bet tie\u0161\u0101m pat\u012bkami p\u0101rsteidza daudz\u0101s viet\u0113jo amatnieku darin\u0101t\u0101s rotas, da\u017e\u0101die gardumi no t\u0101d\u0101m pa\u0161m\u0101ju velt\u0113m k\u0101 cidonijas, rabarberi vai aronijas. Ar\u012b karsto dz\u0113rienu izv\u0113le ir \u013coti pla\u0161a un da\u017e\u0101d\u0101m gaum\u0113m piem\u0113rota.<\/p>\n<p style=\"margin-left:0cm; margin-right:0cm\"><img decoding=\"async\" src=\"https:\/\/www.europesays.com\/lv\/wp-content\/uploads\/2025\/12\/s6gc.jpg\" alt=\"R\u012bgas Ziemassv\u0113tku tirdzi\u0146\u0161\"\/>R\u012bgas Ziemassv\u0113tku tirdzi\u0146\u0161<\/p>\n<p>Foto: Andra Briekmane<\/p>\n<p><img decoding=\"async\" src=\"https:\/\/www.europesays.com\/lv\/wp-content\/uploads\/2025\/12\/s6gd.jpg\" alt=\"R\u012bgas Ziemassv\u0113tku tirdzi\u0146\u0161\"\/>R\u012bgas Ziemassv\u0113tku tirdzi\u0146\u0161<\/p>\n<p>Foto: Andra Briekmane<\/p>\n<p><img decoding=\"async\" src=\"https:\/\/www.europesays.com\/lv\/wp-content\/uploads\/2025\/12\/s6ge.jpg\" alt=\"R\u012bgas Ziemassv\u0113tku tirdzi\u0146\u0161\"\/>R\u012bgas Ziemassv\u0113tku tirdzi\u0146\u0161<\/p>\n<p>Foto: Andra Briekmane<\/p>\n<p><img decoding=\"async\" src=\"https:\/\/www.europesays.com\/lv\/wp-content\/uploads\/2025\/12\/s6gf.jpg\" alt=\"R\u012bgas Ziemassv\u0113tku tirdzi\u0146\u0161\"\/>R\u012bgas Ziemassv\u0113tku tirdzi\u0146\u0161<\/p>\n<p>Foto: Andra Briekmane<\/p>\n<p><img decoding=\"async\" src=\"https:\/\/www.europesays.com\/lv\/wp-content\/uploads\/2025\/12\/s6gg.jpg\" alt=\"R\u012bgas Ziemassv\u0113tku tirdzi\u0146\u0161\"\/>R\u012bgas Ziemassv\u0113tku tirdzi\u0146\u0161<\/p>\n<p>Foto: Andra Briekmane<\/p>\n<p><img decoding=\"async\" src=\"https:\/\/www.europesays.com\/lv\/wp-content\/uploads\/2025\/12\/s6gh.jpg\" alt=\"R\u012bgas Ziemassv\u0113tku tirdzi\u0146\u0161\"\/>R\u012bgas Ziemassv\u0113tku tirdzi\u0146\u0161<\/p>\n<p>Foto: Andra Briekmane<\/p>\n<p><img decoding=\"async\" src=\"https:\/\/www.europesays.com\/lv\/wp-content\/uploads\/2025\/12\/s6gi.jpg\" alt=\"R\u012bgas Ziemassv\u0113tku tirdzi\u0146\u0161\"\/>R\u012bgas Ziemassv\u0113tku tirdzi\u0146\u0161<\/p>\n<p>Foto: Andra Briekmane<\/p>\n<p><img decoding=\"async\" src=\"https:\/\/www.europesays.com\/lv\/wp-content\/uploads\/2025\/12\/s6gj.jpg\" alt=\"R\u012bgas Ziemassv\u0113tku tirdzi\u0146\u0161\"\/>R\u012bgas Ziemassv\u0113tku tirdzi\u0146\u0161<\/p>\n<p>Foto: Andra Briekmane<\/p>\n<p><img decoding=\"async\" src=\"https:\/\/www.europesays.com\/lv\/wp-content\/uploads\/2025\/12\/s6gk.jpg\" alt=\"R\u012bgas Ziemassv\u0113tku tirdzi\u0146\u0161\"\/>R\u012bgas Ziemassv\u0113tku tirdzi\u0146\u0161<\/p>\n<p>Foto: Andra Briekmane<\/p>\n<\/p>\n<blockquote>\n<p style=\"margin-left:0cm; margin-right:0cm\">T\u0101 k\u0101 esmu bijusi vair\u0101kos desmitos Ziemassv\u0113tku tirdzi\u0146u Eirop\u0101, dro\u0161i varu teikt, ka \u0161is tie\u0161\u0101m ir kas \u012bpa\u0161s, ar ko varam lepoties un kas t\u016bristiem \u013coti patiks, jo nospiedo\u0161\u0101 vair\u0101kum\u0101 vietu V\u0101cij\u0101, Austrij\u0101 un citur parasti atrodamas vienas un t\u0101s pa\u0161as \u0136\u012bn\u0101 izgatavot\u0101s lietas un karstv\u012bns no pakas.\u00a0<\/p>\n<\/blockquote>\n<p style=\"margin-left:0cm; margin-right:0cm\">Pirms \u0137erties pie cen\u0101m, v\u0113l j\u0101piebilst, ka gan R\u012bg\u0101, gan Tallin\u0101 ir ieviesta dz\u0113rienu kr\u016b\u017eu depoz\u012bta sist\u0113ma. Abos tirdzi\u0146os par plastmasas trauci\u0146u siltam dz\u0113rienam b\u016bs j\u0101iemaks\u0101 divi eiro, ko atg\u016bsi, atnesot to atpaka\u013c. Te gan man ir aizr\u0101d\u012bjums abu tirdzi\u0146u r\u012bkot\u0101jiem \u2013 Eirop\u0101 \u013coti izplat\u012btas ir depoz\u012btkr\u016bzes ar pils\u0113tas vai pat konkr\u0113t\u0101 tirdzi\u0146a simboliku, ko daudzi ce\u013cot\u0101ji \u0161aj\u0101 laik\u0101 labpr\u0101t ved m\u0101j\u0101s k\u0101 suven\u012bru, un depoz\u012btmaksa var tikt iek\u013cauta tirgot\u0101ju pe\u013c\u0146\u0101, bet pils\u0113tai tiek rekl\u0101ma.\u00a0Turkl\u0101t karsto \u0161okol\u0101di vai karstv\u012bnu daudz pat\u012bkam\u0101k ir dzert no keramikas kr\u016bzes, nevis plastmasas bi\u0137era bez osas.\u00a0<\/p>\n<p>Kur lab\u0101kas cenas un smuk\u0101ks tirdzi\u0146\u0161 \u2013 R\u012bg\u0101 vai Tallin\u0101?\u00a0<\/p>\n<p style=\"margin-left:0cm; margin-right:0cm\">Gan R\u012bga, gan Tallina var lepoties ar m\u0101j\u012bg\u0101m viduslaiku vecpils\u0113t\u0101m, kas Ziemassv\u0113tku tirdzi\u0146iem ir k\u0101 rad\u012btas. Ab\u0101s piedom\u0101ts, lai tirgot\u0101ju nami\u0146i neb\u016btu vienk\u0101r\u0161as, baltas plastmasas teltis, bet jauki noform\u0113tas tirdzniec\u012bbas vietas. Nov\u0113roju, ka R\u012bgas tirdzi\u0146\u0101 pie t\u0101 \u0161ogad \u012bpa\u0161i piestr\u0101d\u0101ts \u2013 pat atkritumu urnas, sve\u010dturi un baltais labier\u012bc\u012bbu konteiners ir apdarin\u0101ts ar koka sprungu\u013ciem un eg\u013cu zariem. T\u0101pat R\u012bg\u0101 nami\u0146i ir daudzveid\u012bg\u0101k noform\u0113ti nek\u0101 Tallin\u0101, un kafejn\u012bc\u0101s ir s\u0113dvietas ar ait\u0101du polster\u0113jumu m\u012bkst\u0101kai s\u0113d\u0113\u0161anai. Ar\u012b nami\u0146i, kur b\u0113rnus sagaida r\u016b\u0137is vai kur tirgo popul\u0101ras rota\u013clietas un pipark\u016bkas, kas t\u0113m\u0113 uz maz\u0101ko apmekl\u0113t\u0101ju auditoriju, ir \u012bpa\u0161i noform\u0113tas tie\u0161i R\u012bg\u0101.\u00a0T\u0101p\u0113c par to man\u0101 sal\u012bdzin\u0101jum\u0101 m\u016bsu galvaspils\u0113ta sa\u0146em papildpunktus.\u00a0<\/p>\n<p style=\"margin-left:0cm; margin-right:0cm\">Ab\u0101m galvaspils\u0113t\u0101m egles fon\u0101 ir skaisti, v\u0113sturiski nami, kas saj\u016bsmina\u00a0uz fotograf\u0113\u0161anos k\u0101ros t\u016bristus. Tallin\u0101 tas ir r\u0101tsnams ar gl\u012bto torn\u012bti, bet R\u012bg\u0101 \u2013 iespaid\u012bgi pamat\u012bg\u0101 Doma bazn\u012bca. Par fonu t\u0101tad \u2013 neiz\u0161\u0137irts.<\/p>\n<p><img decoding=\"async\" src=\"https:\/\/www.europesays.com\/lv\/wp-content\/uploads\/2025\/12\/s6ic.jpg\" alt=\"Ziemassv\u0113tku tirdzi\u0146i R\u012bg\u0101 un Tallin\u0101\"\/>Ziemassv\u0113tku tirdzi\u0146i R\u012bg\u0101 un Tallin\u0101<\/p>\n<p>Foto: R\u012bgas dome; Postimees\/Scanpix Baltics, Mihkel Maripuu<\/p>\n<\/p>\n<p style=\"margin-left:0cm; margin-right:0cm\">T\u0101pat k\u0101 ikvien\u0101 sacens\u012bb\u0101, lab\u0101ko un interesant\u0101ko pataup\u012bju beig\u0101m. Tad nu par izv\u0113li un pied\u0101v\u0101jumu.\u00a0<\/p>\n<p style=\"margin-left:0cm; margin-right:0cm\">Tallin\u0101 tirdzi\u0146\u0101 ir daudz ad\u012bjumu, kur gan tikai da\u013ca \u0161\u0137iet m\u0101jra\u017eot\u0101ju darin\u0101jumi, bet da\u013ca noteikti m\u0113rojusi t\u0101l\u0101ku ce\u013cu, iesp\u0113jams, no Polijas vai pat \u0100zijas. Ad\u012btas ze\u0137\u012btes maks\u0101ja 15\u201325 eiro, cimdi ap 20 eiro, bet interesantas, ad\u012btas cepures 20\u201330 eiro.\u00a0<\/p>\n<p>            <img decoding=\"async\" src=\"https:\/\/www.europesays.com\/lv\/wp-content\/uploads\/2025\/12\/s6jb.jpg\" alt=\"Tallinas tirdzi\u0146\u0101 nop\u0113rkam\u0101s ze\u0137es\"\/><\/p>\n<p>Tallinas tirdzi\u0146\u0101 nop\u0113rkam\u0101s ze\u0137es<\/p>\n<p>Foto: Andra Briekmane<\/p>\n<\/p>\n<p style=\"margin-left:0cm; margin-right:0cm\">R\u012bg\u0101 ar\u012b atrodami ad\u012bjumi, k\u0101 nu bez tiem, bet to nav tik uzkr\u012bto\u0161i daudz. Te tiek tirgotas aitas vilnas ze\u0137es ar ko\u0161iem rakstiem, kas ac\u012bmredzami ir ar rok\u0101m, nevis uz ma\u0161\u012bnas ad\u012btas. Atradu ar\u012b \u013coti skaistus, rakstainus dubultos d\u016brai\u0146us, kuru cena ir 25\u201330 eiro.\u00a0<\/p>\n<p style=\"margin-left:0cm; margin-right:0cm\">Daudz ko\u0161u pipark\u016bku visda\u017e\u0101d\u0101kajos izm\u0113ros netr\u016bkst nevien\u0101 no tirdzi\u0146iem. R\u012bg\u0101 t\u0101s ir ma\u0137en\u012bt l\u0113t\u0101kas \u2013 3,50 eiro par nelielu pipark\u016bku sirdi, l\u012bdz 25 eiro par \u013coti brangu piparot\u0101s m\u012bklas izstr\u0101d\u0101jumu. Tallin\u0101 pipark\u016bku cenas ir par 50 centiem l\u012bdz vienu eiro augst\u0101kas.<\/p>\n<p style=\"margin-left:0cm; margin-right:0cm\">Ja R\u012bg\u0101 vair\u0101kos stendos atrodamas dzintara rotas un ar\u012b rotas tautisk\u0101s noska\u0146\u0101s, tad Tallin\u0101 t\u0101s ir laikmet\u012bg\u0101kas. Cenu amplit\u016bda ab\u0101s pils\u0113t\u0101s aptuveni vien\u0101da un visur, protams, var maks\u0101t ar\u012b ar bankas karti.\u00a0<\/p>\n<p>            <img decoding=\"async\" src=\"https:\/\/www.europesays.com\/lv\/wp-content\/uploads\/2025\/12\/s6j9.jpg\" alt=\"Egl\u012b\u0161u manti\u0146as Tallin\u0101.\"\/><\/p>\n<p>Egl\u012b\u0161u manti\u0146as Tallin\u0101.<\/p>\n<p>Foto: Andra Briekmane<\/p>\n<\/p>\n<p style=\"margin-left:0cm; margin-right:0cm\">Interesanta un bag\u0101t\u012bga ir Tallinas tirdzi\u0146a egl\u012b\u0161u rot\u0101jumu izv\u0113le \u2013 redz\u0113ju gan ierast\u0101s bumbi\u0146as, gan kok\u0101 karin\u0101mas k\u016bci\u0146as un pat za\u013ca stikla gur\u0137us, bet visjauk\u0101kie rot\u0101jumi, manupr\u0101t, bija lell\u012b\u0161u komplekts, kur\u0101 bija p\u0101rst\u0101v\u0113ti visi igau\u0146u nacion\u0101lie t\u0113rpi. Vienu m\u012bnusu gan \u0161aj\u0101 jom\u0101 atradu \u2013 nekur nebija tradicion\u0101ls egl\u012bt\u0113 karin\u0101ms zvani\u0146\u0161. Bet to var piedot. Cenas \u0161iem rot\u0101jumiem \u013coti da\u017e\u0101das \u2013 no pieciem eiro par pavisam vienk\u0101r\u0161\u0101m l\u012bdz 25 eiro un pat vair\u0101k par izsmalcin\u0101tiem rot\u0101jumiem. Pie mums \u0161\u0101du tendenci nenov\u0113roju \u2013 protams, ir stendi, kuros atrodami ar\u012b rot\u0101jumi, bet izv\u0113le nav tik pla\u0161a.\u00a0<\/p>\n<p style=\"margin-left:0cm; margin-right:0cm\">Tas, kas \u0161ogad \u013coti rakstur\u012bgs gan R\u012bgas, gan Tallinas tirdzi\u0146am, ir pla\u0161a silto dz\u0113rienu izv\u0113le. Tallin\u0101 klasisks karstais \u0101bolu dz\u0113riens maks\u0101 se\u0161us eiro, bet karstv\u012bns \u2013 septi\u0146us. Ja v\u0113l gribas klasisk\u0101 &#8220;Vana Tallinn&#8221; li\u0137iera vai k\u0101da cita alkoholisk\u0101 dz\u0113riena &#8220;jumti\u0146u&#8221;, tad j\u0101r\u0113\u0137in\u0101s ar asto\u0146iem devi\u0146iem eiro par dz\u0113rienu. Interesants gardums bija karst\u0101 \u0161okol\u0101de ar piparm\u0113tr\u0101m. T\u0101 maks\u0101ja se\u0161us eiro.<\/p>\n<p style=\"margin-left:0cm; margin-right:0cm\">Savuk\u0101rt R\u012bg\u0101 bezalkoholiskie karstie dz\u0113rieni maks\u0101 no diviem l\u012bdz pieciem eiro, un izv\u0113le ir \u013coti pla\u0161a \u2013 s\u0101kot ar kakao un \u0161okol\u0101di, beidzot ar z\u0101\u013cu t\u0113j\u0101m un aug\u013cu dz\u0113rieniem. Savuk\u0101rt karstv\u012bns maks\u0101 piecus eiro, bet pieejami v\u0113l \u013coti daudzi citi karstie alkoholiskie koktei\u013ci cen\u0101 no se\u0161iem l\u012bdz pat 10 eiro.<\/p>\n<p style=\"margin-left:0cm; margin-right:0cm\">Savuk\u0101rt, ja run\u0101jam par \u0113dienu izv\u0113li, t\u0101 R\u012bg\u0101 \u0161ogad ir krietni lab\u0101ka un ar\u012b cenas ir daudz pieejam\u0101kas. Atrodami gan klasiskie pel\u0113kie zir\u0146i ar spe\u0137i par se\u0161iem eiro, gan k\u0101posti un da\u017e\u0101das desas un ga\u013cas cenu amplit\u016bd\u0101 no se\u0161iem l\u012bdz 10 eiro, bet steiks maks\u0101 ap 16 eiro. T\u0101pat atrodami ar\u012b citu tautu rakstur\u012bgie \u0113dieni, ja gribas pagar\u0161ot ko neparast\u0101ku.<\/p>\n<p style=\"margin-left:0cm; margin-right:0cm\">Savuk\u0101rt Tallin\u0101 nov\u0113roju, ka branga asinsdesa ar k\u0101postiem un kartupe\u013ciem par porciju maks\u0101 15 eiro, bet par l\u012bdz\u012bgu ceptas ga\u013cas porciju j\u0101b\u016bt gatavam \u0161\u0137irties no visiem 17 eiro.<\/p>\n<p><img decoding=\"async\" src=\"https:\/\/www.europesays.com\/lv\/wp-content\/uploads\/2025\/12\/s6gh.jpg\" alt=\"R\u012bgas Ziemassv\u0113tku tirdzi\u0146\u0161\"\/>R\u012bgas Ziemassv\u0113tku tirdzi\u0146\u0161<\/p>\n<p>Foto: Andra Briekmane<\/p>\n<p><img decoding=\"async\" src=\"https:\/\/www.europesays.com\/lv\/wp-content\/uploads\/2025\/12\/s6ge.jpg\" alt=\"R\u012bgas Ziemassv\u0113tku tirdzi\u0146\u0161\"\/>R\u012bgas Ziemassv\u0113tku tirdzi\u0146\u0161<\/p>\n<p>Foto: Andra Briekmane<\/p>\n<p><img decoding=\"async\" src=\"https:\/\/www.europesays.com\/lv\/wp-content\/uploads\/2025\/12\/s6gp.jpg\" alt=\"Tallinas Ziemassv\u0113tku tirdzi\u0146\u0161\"\/>Tallinas Ziemassv\u0113tku tirdzi\u0146\u0161<\/p>\n<p>Foto: Andra Briekmane<\/p>\n<\/p>\n<p style=\"margin-left:0cm; margin-right:0cm\">Kopum\u0101 v\u0113rt\u0113jot da\u017e\u0101dus aspektus, j\u0101saka, ka<a href=\"https:\/\/www.lsm.lv\/raksts\/dzive-stils\/pilsetvide\/03.12.2025-riga-iegust-3-vietu-starptautiska-ziemassvetku-tirdzinu-reitinga.a624914\/?utm_source=lsm&amp;utm_medium=article-body&amp;utm_campaign=admin\" class=\"lsm-link\" data-type=\"article\" data-id=\"624914\" rel=\"nofollow noopener\" target=\"_blank\"> tre\u0161o vietu presti\u017eaj\u0101 reiting\u0101 &#8220;European Best Christmas Markets 2025\u20132026&#8221; <\/a>R\u012bga ieguvusi ne velti.<\/p>\n<blockquote>\n<p style=\"margin-left:0cm; margin-right:0cm\">J\u0101atz\u012bst, ka m\u016bsu tirdzi\u0146\u0161 vis\u0101s jom\u0101s \u0161ogad ir lab\u0101ks par Tallinas tirdzi\u0146u, un sv\u0113tku laik\u0101 Doma laukumu R\u012bg\u0101 ir v\u0113rts apmekl\u0113t.<\/p>\n<\/blockquote>\n","protected":false},"excerpt":{"rendered":"Laik\u0101, kad visapk\u0101rt valda migla un tumsa, teju ikviens jau s\u0101k priec\u0101ties par izrot\u0101t\u0101m egl\u012bt\u0113m un mirdzo\u0161\u0101m gaismi\u0146\u0101m,&hellip;\n","protected":false},"author":2,"featured_media":67825,"comment_status":"","ping_status":"","sticky":false,"template":"","format":"standard","meta":{"footnotes":""},"categories":[5],"tags":[23,28,29,32,33,22,30,31,35,39,38,36,37,34,40,20,26,27,24,25,21],"class_list":{"0":"post-67824","1":"post","2":"type-post","3":"status-publish","4":"format-standard","5":"has-post-thumbnail","7":"category-aktualitates","8":"tag-aktualitates","9":"tag-breaking-news","10":"tag-breakingnews","11":"tag-featured-news","12":"tag-featurednews","13":"tag-headlines","14":"tag-latest-news","15":"tag-latestnews","16":"tag-latvia","17":"tag-latvian","18":"tag-latviesu","19":"tag-latviesu-valoda","20":"tag-latviesuvaloda","21":"tag-latvija","22":"tag-lv","23":"tag-news","24":"tag-popularakas-zinas","25":"tag-popularakaszinas","26":"tag-top-stories","27":"tag-topstories","28":"tag-zinas"},"share_on_mastodon":{"url":"https:\/\/pubeurope.com\/@lv\/115677958698372455","error":""},"_links":{"self":[{"href":"https:\/\/www.europesays.com\/lv\/wp-json\/wp\/v2\/posts\/67824","targetHints":{"allow":["GET"]}}],"collection":[{"href":"https:\/\/www.europesays.com\/lv\/wp-json\/wp\/v2\/posts"}],"about":[{"href":"https:\/\/www.europesays.com\/lv\/wp-json\/wp\/v2\/types\/post"}],"author":[{"embeddable":true,"href":"https:\/\/www.europesays.com\/lv\/wp-json\/wp\/v2\/users\/2"}],"replies":[{"embeddable":true,"href":"https:\/\/www.europesays.com\/lv\/wp-json\/wp\/v2\/comments?post=67824"}],"version-history":[{"count":0,"href":"https:\/\/www.europesays.com\/lv\/wp-json\/wp\/v2\/posts\/67824\/revisions"}],"wp:featuredmedia":[{"embeddable":true,"href":"https:\/\/www.europesays.com\/lv\/wp-json\/wp\/v2\/media\/67825"}],"wp:attachment":[{"href":"https:\/\/www.europesays.com\/lv\/wp-json\/wp\/v2\/media?parent=67824"}],"wp:term":[{"taxonomy":"category","embeddable":true,"href":"https:\/\/www.europesays.com\/lv\/wp-json\/wp\/v2\/categories?post=67824"},{"taxonomy":"post_tag","embeddable":true,"href":"https:\/\/www.europesays.com\/lv\/wp-json\/wp\/v2\/tags?post=67824"}],"curies":[{"name":"wp","href":"https:\/\/api.w.org\/{rel}","templated":true}]}}