{"id":67830,"date":"2025-12-07T11:11:15","date_gmt":"2025-12-07T11:11:15","guid":{"rendered":"https:\/\/www.europesays.com\/lv\/67830\/"},"modified":"2025-12-07T11:11:15","modified_gmt":"2025-12-07T11:11:15","slug":"keitija-perija-un-dzastins-trudo-publiski-atzist-attiecibas-ar-kopigam-instagram-fotografijam-lente-lv","status":"publish","type":"post","link":"https:\/\/www.europesays.com\/lv\/67830\/","title":{"rendered":"Keitija Perija un D\u017eastins Trudo publiski atz\u012bst attiec\u012bbas ar kop\u012bg\u0101m &#8220;Instagram&#8221; fotogr\u0101fij\u0101m\u00a0\u2014\u00a0Lente.lv"},"content":{"rendered":"<p>Keitijas Perijas un D\u017eastina Trudo romantisk\u0101s attiec\u012bbas ofici\u0101li apstiprin\u0101tas<\/p>\n<p>Popzvaigzne Keitija Perija un biju\u0161ais Kan\u0101das premjerministrs D\u017eastins Trudo ir publiski atzinu\u0161i savas romantisk\u0101s attiec\u012bbas, pirmo reizi kop\u0161 2023. gada publiskojot kop\u012bgas fotogr\u0101fijas soci\u0101laj\u0101 platform\u0101 &#8220;Instagram&#8221;. \u0160is solis ir iev\u0113rojams pav\u0113rsiens abu sabiedr\u012bbas d\u0101mu attiec\u012bb\u0101s, kas iepriek\u0161 bija apliecin\u0101tas vien baumu un neofici\u0101lu zi\u0146u veid\u0101.<\/p>\n<p>Kop\u012bg\u0101s fotogr\u0101fijas \u2013 apliecin\u0101jums attiec\u012bb\u0101m<\/p>\n<p>Keitija Perija sav\u0101 &#8220;Instagram&#8221; profil\u0101 dal\u012bjusies ar sirdi sildo\u0161u fotogr\u0101fiju, kur\u0101 vi\u0146a redzama kop\u0101 ar D\u017eastinu Trudo. Att\u0113ls, kas strauji izplat\u012bjies soci\u0101lajos t\u012bklos, simboliz\u0113 abu kop\u012bgo prieku un m\u012blest\u012bbu. \u0160is publiskais apliecin\u0101jums ir gaid\u012bts notikums daudzajiem abu talantu un person\u012bbu cien\u012bt\u0101jiem vis\u0101 pasaul\u0113.<\/p>\n<p>Attiec\u012bbu s\u0101kums un spekul\u0101cijas<\/p>\n<p>Pirm\u0101s runas par Keitijas Perijas un D\u017eastina Trudo rom\u0101nu par\u0101d\u012bj\u0101s jau 2023. gad\u0101, ta\u010du l\u012bdz \u0161im abi savas attiec\u012bbas tur\u0113ja sam\u0113r\u0101 diskr\u0113ti. Daudzas publik\u0101cijas un soci\u0101lo mediju lietot\u0101ji spekul\u0113ja par vi\u0146u kop\u0101 b\u016b\u0161anu, ta\u010du ofici\u0101ls apstiprin\u0101jums tr\u016bka. Perijas jaun\u0101k\u0101 &#8220;Instagram&#8221; publik\u0101cija ir pirmais publiskais un neap\u0161aub\u0101mais apliecin\u0101jums vi\u0146u savien\u012bbai.<\/p>\n<p>Sabiedr\u012bbas reakcija un n\u0101kotnes skati<\/p>\n<p>Zi\u0146as par Keitijas un D\u017eastina ofici\u0101laj\u0101m attiec\u012bb\u0101m izrais\u012bju\u0161as lielu interesi sabiedr\u012bb\u0101. Fani un mediji ar saj\u016bsmu sagaida turpm\u0101kus jaunumus par \u0161o neparasto un interesanto p\u0101ri. Gan Perija, gan Trudo ir spilgti person\u0101\u017ei sav\u0101s jom\u0101s \u2013 viena pasaules popm\u016bzikas zvaigzne, otrs \u2013 biju\u0161ais Kan\u0101das premjerministrs, un vi\u0146u kop\u0101 b\u016b\u0161ana liecina par iesp\u0113ju harmoniski savienot da\u017e\u0101das pasaules.<\/p>\n<p>No politikas l\u012bdz popm\u016bzikai \u2013 neparasts savienojums<\/p>\n<p>Keitija Perija, kas paz\u012bstama ar saviem dinamiskajiem priek\u0161nesumiem un glob\u0101liem hitiem, un D\u017eastins Trudo, kur\u0161 Kan\u0101du vad\u012bjis vair\u0101kus gadus, ir divas \u013coti at\u0161\u0137ir\u012bgas, bet vienlaikus harizm\u0101tiskas person\u012bbas. Vi\u0146u kop\u012bg\u0101 fotogr\u0101fija &#8220;Instagram&#8221; nav tikai romantiska z\u012bme, bet ar\u012b simbols tam, ka m\u012blest\u012bbai nav robe\u017eu un ka cilv\u0113ki no da\u017e\u0101d\u0101m dz\u012bves jom\u0101m var atrast kop\u012bgu valodu un sird\u012bm tuvo saj\u016btu. Tas ir k\u0101 skaists dzejo\u013cis, kur\u0101 savijas politisk\u0101 dinamika ar rado\u0161o br\u012bv\u012bbu, radot unik\u0101lu un iedvesmojo\u0161u st\u0101stu.<\/p>\n","protected":false},"excerpt":{"rendered":"Keitijas Perijas un D\u017eastina Trudo romantisk\u0101s attiec\u012bbas ofici\u0101li apstiprin\u0101tas Popzvaigzne Keitija Perija un biju\u0161ais Kan\u0101das premjerministrs D\u017eastins Trudo&hellip;\n","protected":false},"author":2,"featured_media":67831,"comment_status":"","ping_status":"","sticky":false,"template":"","format":"standard","meta":{"footnotes":""},"categories":[19],"tags":[262,6668,89,174,90,6667,35,39,38,36,37,34,40,382],"class_list":{"0":"post-67830","1":"post","2":"type-post","3":"status-publish","4":"format-standard","5":"has-post-thumbnail","7":"category-izklaide","8":"tag-attiecibas","9":"tag-dzastins-trudo","10":"tag-entertainment","11":"tag-instagram","12":"tag-izklaide","13":"tag-keitija-perija","14":"tag-latvia","15":"tag-latvian","16":"tag-latviesu","17":"tag-latviesu-valoda","18":"tag-latviesuvaloda","19":"tag-latvija","20":"tag-lv","21":"tag-sabiedriba"},"share_on_mastodon":{"url":"https:\/\/pubeurope.com\/@lv\/115677985759797079","error":""},"_links":{"self":[{"href":"https:\/\/www.europesays.com\/lv\/wp-json\/wp\/v2\/posts\/67830","targetHints":{"allow":["GET"]}}],"collection":[{"href":"https:\/\/www.europesays.com\/lv\/wp-json\/wp\/v2\/posts"}],"about":[{"href":"https:\/\/www.europesays.com\/lv\/wp-json\/wp\/v2\/types\/post"}],"author":[{"embeddable":true,"href":"https:\/\/www.europesays.com\/lv\/wp-json\/wp\/v2\/users\/2"}],"replies":[{"embeddable":true,"href":"https:\/\/www.europesays.com\/lv\/wp-json\/wp\/v2\/comments?post=67830"}],"version-history":[{"count":0,"href":"https:\/\/www.europesays.com\/lv\/wp-json\/wp\/v2\/posts\/67830\/revisions"}],"wp:featuredmedia":[{"embeddable":true,"href":"https:\/\/www.europesays.com\/lv\/wp-json\/wp\/v2\/media\/67831"}],"wp:attachment":[{"href":"https:\/\/www.europesays.com\/lv\/wp-json\/wp\/v2\/media?parent=67830"}],"wp:term":[{"taxonomy":"category","embeddable":true,"href":"https:\/\/www.europesays.com\/lv\/wp-json\/wp\/v2\/categories?post=67830"},{"taxonomy":"post_tag","embeddable":true,"href":"https:\/\/www.europesays.com\/lv\/wp-json\/wp\/v2\/tags?post=67830"}],"curies":[{"name":"wp","href":"https:\/\/api.w.org\/{rel}","templated":true}]}}