{"id":67837,"date":"2025-12-07T11:38:08","date_gmt":"2025-12-07T11:38:08","guid":{"rendered":"https:\/\/www.europesays.com\/lv\/67837\/"},"modified":"2025-12-07T11:38:08","modified_gmt":"2025-12-07T11:38:08","slug":"putina-izteikumi-nesola-kara-beigas-lente-lv","status":"publish","type":"post","link":"https:\/\/www.europesays.com\/lv\/67837\/","title":{"rendered":"Putina Izteikumi Nesola Kara Beigas\u00a0\u2014\u00a0Lente.lv"},"content":{"rendered":"<p>Ukrainas Perspekt\u012bva: Putina Izteikumi Nedod Pamatu Cer\u012bb\u0101m uz Kara Beig\u0101m<\/p>\n<p>Ukrainas \u0101rlietu ministrs Andrijs Sibiha otrdien paudis dzi\u013cas ba\u017eas, ka Krievijas prezidenta Vladimira Putina nesen\u0101s publisk\u0101s runas un izteikumi neliecina par re\u0101lu v\u0113lmi izbeigt karu Ukrain\u0101. \u0160ie pazi\u0146ojumi, kas izskan jau otro dienu p\u0113c k\u0101rtas, rada dr\u016bmu priek\u0161statu par tuv\u0101ko n\u0101kotni un liek \u0161aub\u012bties par jebk\u0101d\u0101m cer\u012bb\u0101m uz dr\u012bzu konflikta noregul\u0113jumu. Putina publiskais diskurss, k\u0101 to interpret\u0113 Ukrainas diplom\u0101tijas vad\u012bt\u0101js, vair\u0101k izklaus\u0101s p\u0113c strat\u0113\u0123ijas, kas v\u0113rsta uz kara pagarin\u0101\u0161anu, nevis t\u0101 re\u0101lu izbeig\u0161anu.<\/p>\n<p>Putina Strat\u0113\u0123ija: Kara Pagarin\u0101\u0161ana un Miera Cer\u012bbu Aptum\u0161o\u0161ana<\/p>\n<p>Neskatoties uz da\u017e\u0101diem starptautiskiem miera iniciat\u012bvu m\u0113\u0123in\u0101jumiem un politi\u0137u izteiktaj\u0101m cer\u012bb\u0101m par iesp\u0113jamu konflikta noregul\u0113jumu, Putina retorika un pa\u0161reiz\u0113j\u0101s darb\u012bbas, p\u0113c Sibiha teikt\u0101, nor\u0101da uz pret\u0113jo. \u0160\u0137iet, ka Krievijas l\u012bderis akt\u012bvi cen\u0161as pagarin\u0101t karadarb\u012bbu, izmantojot da\u017e\u0101dus politiskus manevrus. Viens no tiem ir simboliski miera sarunu centieni, kas paties\u012bb\u0101 neatrisina dzi\u013c\u0101k\u0101s konflikta saknes un probl\u0113mas. Ukrainas \u0100rlietu ministrija stingri kritiz\u0113 \u0161\u0101du pieeju, nor\u0101dot, ka Putins neefekt\u012bvi iznieko gan savas valsts, gan visas pasaules d\u0101rgo laiku.<\/p>\n<p>K\u0101 piem\u0113ru Ukrainas \u0100rlietu ministrijas vad\u012bt\u0101js ir min\u0113jis gad\u012bjumus, kad Putins izmanto citus politi\u0137us, piem\u0113ram, Ung\u0101rijas premjerministru Viktoru Orb\u0101nu, k\u0101 \u201caktierus\u201d sav\u0101 \u201casi\u0146ainaj\u0101 izr\u0101d\u0113\u201d, lai pasl\u0113ptu pla\u0161a m\u0113roga uzbrukumus Ukrainai. \u0160\u0101da taktika, kad diplom\u0101tisk\u0101s viz\u012btes un tik\u0161an\u0101s sakr\u012bt ar intens\u012bviem milit\u0101rajiem uzbrukumiem, rada aizdomas par Putina cinisko un vilt\u012bgo strat\u0113\u0123iju, kas m\u0113r\u0137\u0113ta uz sabiedr\u012bbas maldin\u0101\u0161anu un dezinform\u0101cijas izplat\u012b\u0161anu.<\/p>\n<p>Ikdienas Realit\u0101te Ukrain\u0101: Cilv\u0113ku Skepse un Pragmatisms<\/p>\n<p>Kara posto\u0161\u0101s sekas Ukrain\u0101 turpina dzi\u013ci iespaidot ikdienu, radot milz\u012bgas cie\u0161anas civiliedz\u012bvot\u0101jiem. Zi\u0146as no frontes l\u012bnij\u0101m un ap\u0161aud\u012btaj\u0101m pils\u0113t\u0101m, piem\u0113ram, Harkivas, atspogu\u013co cilv\u0113ku pragmatisko attieksmi un koncentr\u0113\u0161anos uz praktisk\u0101m probl\u0113m\u0101m. Vi\u0146i vair\u0101k dom\u0101 par elektr\u012bbas un siltuma pieejam\u012bbu, k\u0101 ar\u012b par nepiecie\u0161amajiem iero\u010diem, lai efekt\u012bvi aizst\u0101v\u0113tos pret Krievijas agresiju. \u0160\u0101da ikdienas realit\u0101te ir dramatisks kontrasts ar politiskaj\u0101m virz\u012bb\u0101m un cer\u012bb\u0101m uz \u0101tru miera pan\u0101k\u0161anu. Ukrainas iedz\u012bvot\u0101ji pau\u017e dzi\u013cu skepsi par Putina patiesajiem nodomiem, uzsverot, ka tik ilgi, kam\u0113r vi\u0146\u0161 atrodas pie varas, nav pamata gaid\u012bt neko labu. Vi\u0146u attieksme ir dzi\u013ci sak\u0146ota pieredz\u0113, kur\u0101 uztic\u0113ties Krievijas l\u012bderim ir gandr\u012bz neiesp\u0113jami, jo nav redzamas re\u0101las, konsekventas darb\u012bbas, kas v\u0113rstas uz kara izbeig\u0161anu. Ap\u0161audes turpin\u0101s, frontes l\u012bnij\u0101 notiek kaujas, un Kremlis neliekas ne zinis par nek\u0101du pretimn\u0101k\u0161anu vai konstrukt\u012bvu dialogu.<\/p>\n<p>Starptautisk\u0101s Kopienas Loma un N\u0101kotnes Perspekt\u012bvas<\/p>\n<p>Kam\u0113r Ukrainas politi\u0137i pau\u017e skaidru un principi\u0101lu nost\u0101ju pret Krievijas agresiju, starptautisk\u0101 sabiedr\u012bba turpina mekl\u0113t ce\u013cus uz mieru un stabilit\u0101ti. NATO \u0101rlietu ministru san\u0101ksm\u0113s tiek apspriesta alianses attur\u0113\u0161anas un aizsardz\u012bbas sp\u0113ju stiprin\u0101\u0161ana, k\u0101 ar\u012b turpm\u0101ks atbalsts Ukrainas pa\u0161aizsardz\u012bbai. Latvijas \u0101rlietu ministre Baiba Bra\u017ee ir uzsv\u0113rusi nepiecie\u0161am\u012bbu stingri nosarg\u0101t Ukrainas suverenit\u0101ti un teritori\u0101lo integrit\u0101ti, nor\u0101dot, ka jebk\u0101das piek\u0101p\u0161an\u0101s agresoram ir nepie\u0146emamas. <\/p>\n<p>Situ\u0101cija ap Krievijas-Ukrainas karu joproj\u0101m paliek saspringta, un Ukrainas ofici\u0101l\u0101s personas skaidri nor\u0101da, ka Putina retorika nesniedz pamatu optimistisk\u0101m prognoz\u0113m par konflikta dr\u012bzu izbeig\u0161anos. Lai gan cer\u012bba uz mieru past\u0101v un tiek akt\u012bvi mekl\u0113ti diplom\u0101tiski risin\u0101jumi, re\u0101l\u0101 situ\u0101cija liek saglab\u0101t modr\u012bbu un gatav\u012bbu turpin\u0101t c\u012b\u0146u par valsts suverenit\u0101ti un teritori\u0101lo integrit\u0101ti. \u0160\u012b spriedze un nezi\u0146a par n\u0101kotni rada sare\u017e\u0123\u012btu vidi, kur\u0101 miera pan\u0101k\u0161ana \u0161\u0137iet arvien gr\u016bt\u0101ka un prasa stingru starptautisk\u0101s kopienas vienot\u012bbu un atbalstu Ukrainai.<\/p>\n","protected":false},"excerpt":{"rendered":"Ukrainas Perspekt\u012bva: Putina Izteikumi Nedod Pamatu Cer\u012bb\u0101m uz Kara Beig\u0101m Ukrainas \u0101rlietu ministrs Andrijs Sibiha otrdien paudis dzi\u013cas&hellip;\n","protected":false},"author":2,"featured_media":67838,"comment_status":"","ping_status":"","sticky":false,"template":"","format":"standard","meta":{"footnotes":""},"categories":[14],"tags":[23,16930,57,28,29,32,33,22,14709,17428,30,31,35,39,38,36,37,34,40,20,26,27,24,25,3113,235,54,55,56,21,58],"class_list":{"0":"post-67837","1":"post","2":"type-post","3":"status-publish","4":"format-standard","5":"has-post-thumbnail","7":"category-zinas-no-arvalstim","8":"tag-aktualitates","9":"tag-andrijs-sibiha","10":"tag-arvalstim","11":"tag-breaking-news","12":"tag-breakingnews","13":"tag-featured-news","14":"tag-featurednews","15":"tag-headlines","16":"tag-kara-izbeigsana","17":"tag-krievijas-retorika","18":"tag-latest-news","19":"tag-latestnews","20":"tag-latvia","21":"tag-latvian","22":"tag-latviesu","23":"tag-latviesu-valoda","24":"tag-latviesuvaloda","25":"tag-latvija","26":"tag-lv","27":"tag-news","28":"tag-popularakas-zinas","29":"tag-popularakaszinas","30":"tag-top-stories","31":"tag-topstories","32":"tag-ukrainas-kars","33":"tag-vladimirs-putins","34":"tag-world","35":"tag-world-news","36":"tag-worldnews","37":"tag-zinas","38":"tag-zinas-no-arvalstim"},"share_on_mastodon":{"url":"https:\/\/pubeurope.com\/@lv\/115678091854553162","error":""},"_links":{"self":[{"href":"https:\/\/www.europesays.com\/lv\/wp-json\/wp\/v2\/posts\/67837","targetHints":{"allow":["GET"]}}],"collection":[{"href":"https:\/\/www.europesays.com\/lv\/wp-json\/wp\/v2\/posts"}],"about":[{"href":"https:\/\/www.europesays.com\/lv\/wp-json\/wp\/v2\/types\/post"}],"author":[{"embeddable":true,"href":"https:\/\/www.europesays.com\/lv\/wp-json\/wp\/v2\/users\/2"}],"replies":[{"embeddable":true,"href":"https:\/\/www.europesays.com\/lv\/wp-json\/wp\/v2\/comments?post=67837"}],"version-history":[{"count":0,"href":"https:\/\/www.europesays.com\/lv\/wp-json\/wp\/v2\/posts\/67837\/revisions"}],"wp:featuredmedia":[{"embeddable":true,"href":"https:\/\/www.europesays.com\/lv\/wp-json\/wp\/v2\/media\/67838"}],"wp:attachment":[{"href":"https:\/\/www.europesays.com\/lv\/wp-json\/wp\/v2\/media?parent=67837"}],"wp:term":[{"taxonomy":"category","embeddable":true,"href":"https:\/\/www.europesays.com\/lv\/wp-json\/wp\/v2\/categories?post=67837"},{"taxonomy":"post_tag","embeddable":true,"href":"https:\/\/www.europesays.com\/lv\/wp-json\/wp\/v2\/tags?post=67837"}],"curies":[{"name":"wp","href":"https:\/\/api.w.org\/{rel}","templated":true}]}}